{"id":372571,"date":"2026-09-03T10:07:12","date_gmt":"2026-09-03T10:07:12","guid":{"rendered":"https:\/\/www.europesays.com\/at\/372571\/"},"modified":"2026-09-03T10:07:12","modified_gmt":"2026-09-03T10:07:12","slug":"oebb-reform-gesetzentwurf-geht-in-politische-koordinierung","status":"publish","type":"post","link":"https:\/\/www.europesays.com\/at\/372571\/","title":{"rendered":"\u00d6BB-Reform: Gesetzentwurf geht in politische Koordinierung"},"content":{"rendered":"<p>        <img decoding=\"async\" src=\"https:\/\/www.europesays.com\/at\/wp-content\/uploads\/2026\/09\/63710011394833288_BLD_Online.jpg\" data-fullscreen-src=\"https:\/\/www.noen.at\/image\/3840x0-jpg\/6609945\/63710011394833288_BLD_Online.jpg\" bad-src=\"https:\/\/www.europesays.com\/at\/wp-content\/uploads\/2026\/09\/63710011394833288_BLD_Online.jpg\" data-teaser-member=\"image\" alt=\"Die \u00d6BB-Reform ist in der Zielgeraden\"\/><\/p>\n<p>\n                Die \u00d6BB-Reform ist in der Zielgeraden            <\/p>\n<p>\n                Foto:<br \/>\n                APA\/THEMENBILD                            <\/p>\n<p>\n        Der Gesetzesentwurf f\u00fcr die geplante Strukturreform der \u00d6sterreichischen Bundesbahnen (\u00d6BB) ist fertiggestellt. Der Entwurf sei in dieser Woche an die Koalitionspartner \u00d6VP und NEOS zur politischen Koordinierung \u00fcbermittelt worden, best\u00e4tigte das SP\u00d6-gef\u00fchrte Verkehrsministerium von Peter Hanke entsprechende Berichte von &#8222;Presse&#8220; und &#8222;Kurier&#8220;. Im Zentrum steht die Umwandlung der Aktiengesellschaften \u00d6BB-Personenverkehr AG und Rail Cargo Group (G\u00fcterverkehr) in GmbHs.    <\/p>\n<p>Der Reformstart ist f\u00fcr das erste Quartal 2027 geplant. Ziel der gr\u00f6\u00dften Bahnreform seit mehr als 20 Jahren ist eine effizientere Steuerung des Konzerns. Mit der Umwandlung der Personenverkehrs- und der G\u00fcterverkehrsgesellschaft in Gesellschaften mit beschr\u00e4nkter Haftung erh\u00e4lt die \u00d6BB-Holding AG direkte Weisungsrechte gegen\u00fcber den beiden operativen Konzernt\u00f6chtern, die als Aktiengesellschaften bisher rechtlich weitgehend weisungsfrei agieren konnten. Die \u00d6BB-Infrastruktur AG und die Holding AG bleiben aus europarechtlichen Gr\u00fcnden als Aktiengesellschaften bestehen.<\/p>\n","protected":false},"excerpt":{"rendered":"Die \u00d6BB-Reform ist in der Zielgeraden Foto: APA\/THEMENBILD Der Gesetzesentwurf f\u00fcr die geplante Strukturreform der \u00d6sterreichischen Bundesbahnen (\u00d6BB)&hellip;\n","protected":false},"author":2,"featured_media":372572,"comment_status":"","ping_status":"","sticky":false,"template":"","format":"standard","meta":{"footnotes":"","_share_on_mastodon":"0"},"categories":[14],"tags":[277,46,42,5459,95,90,89,91,94,492,44,39001,6910,93,92,182],"class_list":["post-372571","post","type-post","status-publish","format-standard","has-post-thumbnail","category-unternehmen-maerkte","tag-_apafeed","tag-at","tag-austria","tag-bahn","tag-business","tag-companies","tag-companies-markets","tag-markets","tag-maerkte","tag-oebb","tag-oesterreich","tag-staatsbetrieb","tag-touristik","tag-unternehmen","tag-unternehmen-maerkte","tag-wien"],"share_on_mastodon":{"url":"https:\/\/pubeurope.com\/@at\/117206557840081252","error":""},"_links":{"self":[{"href":"https:\/\/www.europesays.com\/at\/wp-json\/wp\/v2\/posts\/372571","targetHints":{"allow":["GET"]}}],"collection":[{"href":"https:\/\/www.europesays.com\/at\/wp-json\/wp\/v2\/posts"}],"about":[{"href":"https:\/\/www.europesays.com\/at\/wp-json\/wp\/v2\/types\/post"}],"author":[{"embeddable":true,"href":"https:\/\/www.europesays.com\/at\/wp-json\/wp\/v2\/users\/2"}],"replies":[{"embeddable":true,"href":"https:\/\/www.europesays.com\/at\/wp-json\/wp\/v2\/comments?post=372571"}],"version-history":[{"count":0,"href":"https:\/\/www.europesays.com\/at\/wp-json\/wp\/v2\/posts\/372571\/revisions"}],"wp:featuredmedia":[{"embeddable":true,"href":"https:\/\/www.europesays.com\/at\/wp-json\/wp\/v2\/media\/372572"}],"wp:attachment":[{"href":"https:\/\/www.europesays.com\/at\/wp-json\/wp\/v2\/media?parent=372571"}],"wp:term":[{"taxonomy":"category","embeddable":true,"href":"https:\/\/www.europesays.com\/at\/wp-json\/wp\/v2\/categories?post=372571"},{"taxonomy":"post_tag","embeddable":true,"href":"https:\/\/www.europesays.com\/at\/wp-json\/wp\/v2\/tags?post=372571"}],"curies":[{"name":"wp","href":"https:\/\/api.w.org\/{rel}","templated":true}]}}