{"id":372609,"date":"2026-09-03T10:29:10","date_gmt":"2026-09-03T10:29:10","guid":{"rendered":"https:\/\/www.europesays.com\/at\/372609\/"},"modified":"2026-09-03T10:29:10","modified_gmt":"2026-09-03T10:29:10","slug":"rekorde-fielen-jetzt-offiziell-august-war-so-heiss-wie-noch-nie","status":"publish","type":"post","link":"https:\/\/www.europesays.com\/at\/372609\/","title":{"rendered":"Rekorde fielen &#8211; Jetzt offiziell: August war so hei\u00df wie noch nie"},"content":{"rendered":"<p>24 Hitzetage in Bad Radkersburg<br \/>Auch bei den Hitzetagen gab es Spitzenwerte f\u00fcr einen August-Monat: Unterhalb von 500 Meter Seeh\u00f6he gab es im Fl\u00e4chenmittel 17 Hitzetage \u2013 ein Plus zum Klimamittel von 200 Prozent. Zwischen 500 und 1000 Meter liegt das Plus mit elf Hitzetagen gar bei 330 Prozent. Einige Messstationen registrierten neue Rekorde. Dazu z\u00e4hlen Bregenz (V, 16 Hitzetage statt zw\u00f6lf im Jahr 1992), Feldkirch (V, 16 statt 14, 1992) oder Wien-Mariabrunn (W, 21 statt 20, 2003). In Bad Radkersburg waren es sogar 24 Hitzetage.<\/p>\n","protected":false},"excerpt":{"rendered":"24 Hitzetage in Bad RadkersburgAuch bei den Hitzetagen gab es Spitzenwerte f\u00fcr einen August-Monat: Unterhalb von 500 Meter&hellip;\n","protected":false},"author":2,"featured_media":372610,"comment_status":"","ping_status":"","sticky":false,"template":"","format":"standard","meta":{"footnotes":"","_share_on_mastodon":"0"},"categories":[6],"tags":[45654,26548,46,42,64932,9146,12258,643,5899,1213,47694,48659,44,45620,266,11089,43,45,34352,182],"class_list":["post-372609","post","type-post","status-publish","format-standard","has-post-thumbnail","category-oesterreich","tag-alexander-orlik","tag-arlberg","tag-at","tag-austria","tag-bad-deutsch-altenburg","tag-bad-radkersburg","tag-bregenz","tag-burgenland","tag-geosphere-austria","tag-mitteleuropa","tag-oberkaernten","tag-orlik","tag-oesterreich","tag-oesterreich-die","tag-osttirol","tag-pinzgau","tag-republic-of-austria","tag-republik-oesterreich","tag-tullnerfeld","tag-wien"],"share_on_mastodon":{"url":"https:\/\/pubeurope.com\/@at\/117206644381025348","error":""},"_links":{"self":[{"href":"https:\/\/www.europesays.com\/at\/wp-json\/wp\/v2\/posts\/372609","targetHints":{"allow":["GET"]}}],"collection":[{"href":"https:\/\/www.europesays.com\/at\/wp-json\/wp\/v2\/posts"}],"about":[{"href":"https:\/\/www.europesays.com\/at\/wp-json\/wp\/v2\/types\/post"}],"author":[{"embeddable":true,"href":"https:\/\/www.europesays.com\/at\/wp-json\/wp\/v2\/users\/2"}],"replies":[{"embeddable":true,"href":"https:\/\/www.europesays.com\/at\/wp-json\/wp\/v2\/comments?post=372609"}],"version-history":[{"count":0,"href":"https:\/\/www.europesays.com\/at\/wp-json\/wp\/v2\/posts\/372609\/revisions"}],"wp:featuredmedia":[{"embeddable":true,"href":"https:\/\/www.europesays.com\/at\/wp-json\/wp\/v2\/media\/372610"}],"wp:attachment":[{"href":"https:\/\/www.europesays.com\/at\/wp-json\/wp\/v2\/media?parent=372609"}],"wp:term":[{"taxonomy":"category","embeddable":true,"href":"https:\/\/www.europesays.com\/at\/wp-json\/wp\/v2\/categories?post=372609"},{"taxonomy":"post_tag","embeddable":true,"href":"https:\/\/www.europesays.com\/at\/wp-json\/wp\/v2\/tags?post=372609"}],"curies":[{"name":"wp","href":"https:\/\/api.w.org\/{rel}","templated":true}]}}