{"id":372617,"date":"2026-09-03T10:33:12","date_gmt":"2026-09-03T10:33:12","guid":{"rendered":"https:\/\/www.europesays.com\/at\/372617\/"},"modified":"2026-09-03T10:33:12","modified_gmt":"2026-09-03T10:33:12","slug":"martin-boehm-uebernimmt-leitung-der-caritas-schule-linz","status":"publish","type":"post","link":"https:\/\/www.europesays.com\/at\/372617\/","title":{"rendered":"Martin B\u00f6hm \u00fcbernimmt Leitung der Caritas-Schule Linz"},"content":{"rendered":"<p> LINZ. Mit dem neuen Schuljahr gibt es einen Wechsel an der Spitze der Schule f\u00fcr Sozialbetreuungsberufe (SOB) am Linzer Salesianumweg. Martin B\u00f6hm \u00fcbernimmt interimistisch die Leitung und folgt damit auf Conny Zefferer. <\/p>\n<p class=\"isSelectedEnd\">B\u00f6hm ist seit Jahren als Lehrender an der SOB Linz und an mehreren Hochschulen in Ober\u00f6sterreich t\u00e4tig. Der 49-J\u00e4hrige besch\u00e4ftigt sich zudem intensiv mit Forschung. Seine Schwerpunkte liegen in den Bereichen Sozialpsychiatrie, Behinderung und Sozialraumorientierung.<\/p>\n<p class=\"isSelectedEnd\">\u201eDie SOB Linz steht f\u00fcr eine gute Ausbildung und einen wertsch\u00e4tzenden Umgang miteinander. Daran m\u00f6chte ich anschlie\u00dfen und festhalten\u201c, sagt B\u00f6hm. F\u00fcr eine hochwertige Ausbildung brauche es neben Fachwissen auch einen engen Bezug zur Praxis. \u201eHohe Fachlichkeit und eine starke Verbindung zur Praxis sind genauso notwendig wie eine professionelle Arbeitshaltung, um eine qualitative Ausbildung zu garantieren.\u201c<\/p>\n<p>Wissenschaft und Praxis gemeinsam<\/p>\n<p class=\"isSelectedEnd\">Ein besonderes Anliegen ist ihm die Verbindung von Wissenschaft und Praxis. Gemeinsam mit Studierenden der Fachhochschule O\u00d6 evaluierte er unter anderem die Umstellung der Kinder- und Jugendhilfe in Steyr auf das Konzept der Sozialraumorientierung. Aktuell erforscht er die Wirkung eines Wohnprojekts f\u00fcr obdachlose Menschen mit Suchterkrankung.<\/p>\n<p class=\"isSelectedEnd\">B\u00f6hm folgt auf Conny Zefferer, die die Schule seit 2023 geleitet hatte und und in dieser Zeit ma\u00dfgeblich gepr\u00e4gt und weiterentwickelt hat.<\/p>\n<p>Seit 40 Jahren<\/p>\n<p class=\"isSelectedEnd\">Die SOB Linz bildet seit 40 Jahren Fachkr\u00e4fte f\u00fcr den Sozialbereich aus. Angeboten werden Ausbildungen in Behindertenarbeit und Behindertenbegleitung. Eine Besonderheit ist der ober\u00f6sterreichweit einzigartige Lehrgang Integrative Behindertenbegleitung. Er richtet sich an Menschen ab 19 Jahren mit Lernschwierigkeiten und soll ihnen berufliche Perspektiven im Sozialbereich er\u00f6ffnen.<\/p>\n<p>Weitere Informationen gibt es unter <a data-mce-href=\"http:\/\/www.sob-linz.at\" rel=\"nofollow noopener\" target=\"_blank\" href=\"http:\/\/www.sob-linz.at\" title=\"SOB\">www.sob-linz.at<\/a><\/p>\n","protected":false},"excerpt":{"rendered":"LINZ. Mit dem neuen Schuljahr gibt es einen Wechsel an der Spitze der Schule f\u00fcr Sozialbetreuungsberufe (SOB) am&hellip;\n","protected":false},"author":2,"featured_media":372618,"comment_status":"","ping_status":"","sticky":false,"template":"","format":"standard","meta":{"footnotes":"","_share_on_mastodon":"0"},"categories":[30],"tags":[46,42,373,38209,184,93294,1841,44,93291,93293,93292],"class_list":["post-372617","post","type-post","status-publish","format-standard","has-post-thumbnail","category-linz","tag-at","tag-austria","tag-caritas","tag-leiter","tag-linz","tag-martin-boehm","tag-neu","tag-oesterreich","tag-schul","tag-sob","tag-sozialbetreuungsberufe"],"share_on_mastodon":{"url":"https:\/\/pubeurope.com\/@at\/117206660501870685","error":""},"_links":{"self":[{"href":"https:\/\/www.europesays.com\/at\/wp-json\/wp\/v2\/posts\/372617","targetHints":{"allow":["GET"]}}],"collection":[{"href":"https:\/\/www.europesays.com\/at\/wp-json\/wp\/v2\/posts"}],"about":[{"href":"https:\/\/www.europesays.com\/at\/wp-json\/wp\/v2\/types\/post"}],"author":[{"embeddable":true,"href":"https:\/\/www.europesays.com\/at\/wp-json\/wp\/v2\/users\/2"}],"replies":[{"embeddable":true,"href":"https:\/\/www.europesays.com\/at\/wp-json\/wp\/v2\/comments?post=372617"}],"version-history":[{"count":0,"href":"https:\/\/www.europesays.com\/at\/wp-json\/wp\/v2\/posts\/372617\/revisions"}],"wp:featuredmedia":[{"embeddable":true,"href":"https:\/\/www.europesays.com\/at\/wp-json\/wp\/v2\/media\/372618"}],"wp:attachment":[{"href":"https:\/\/www.europesays.com\/at\/wp-json\/wp\/v2\/media?parent=372617"}],"wp:term":[{"taxonomy":"category","embeddable":true,"href":"https:\/\/www.europesays.com\/at\/wp-json\/wp\/v2\/categories?post=372617"},{"taxonomy":"post_tag","embeddable":true,"href":"https:\/\/www.europesays.com\/at\/wp-json\/wp\/v2\/tags?post=372617"}],"curies":[{"name":"wp","href":"https:\/\/api.w.org\/{rel}","templated":true}]}}