{"id":372619,"date":"2026-09-03T10:34:22","date_gmt":"2026-09-03T10:34:22","guid":{"rendered":"https:\/\/www.europesays.com\/at\/372619\/"},"modified":"2026-09-03T10:34:22","modified_gmt":"2026-09-03T10:34:22","slug":"mann-starb-nach-8-wochen-ehe-in-graz-bleibe-immer-seine-frau","status":"publish","type":"post","link":"https:\/\/www.europesays.com\/at\/372619\/","title":{"rendered":"Mann starb nach 8 Wochen Ehe in Graz: \u201eBleibe immer seine Frau\u201c"},"content":{"rendered":"<p><a href=\"https:\/\/www.kleinezeitung.at\/rubriken\/chronik\" data-slot=\"base\" class=\"inline-flex items-center disabled:cursor-not-allowed aria-disabled:cursor-not-allowed disabled:opacity-75 aria-disabled:opacity-75 transition-colors rounded-lg px-2.5 py-1.5 text-sm text-muted hover:text-default active:text-default disabled:text-muted aria-disabled:text-muted outline-inverted\/25 focus-visible:outline-3 gap-0 font-bold uppercase tracking-widest truncate !p-0 !rounded-none select-none\" rel=\"nofollow noopener\" target=\"_blank\">Chronik<\/a><\/p>\n<p class=\"klz-text-article-lead\">Als Kinder verliebten sich Karl und Nadine ineinander, 20 Jahre sp\u00e4ter fanden die beiden wieder zusammen und heirateten. Nur acht Wochen nach der Hochzeit verungl\u00fcckte der Braunauer und starb 25 Tage sp\u00e4ter bei einem Arbeitsunfall in Graz. 25 Tage lang hoffte seine Familie.<\/p>\n<p><img decoding=\"async\" src=\"https:\/\/www.europesays.com\/at\/wp-content\/uploads\/2026\/09\/3619460_nadine-und-karl-stephan-aus-braunau_app-v3-original_1GC19R_bKtQsP.jpg\" alt=\"Bild zeigt Nadine und Karl am Hochzeitstag\" loading=\"eager\" fetchpriority=\"high\"  class=\"w-full object-contain  rounded-2xl\"\/> \u00a9 O\u00d6N\/PrivatNadine und Karl heirateten im Juni. Rund acht Wochen sp\u00e4ter verungl\u00fcckte er.<\/p>\n<p>vor 1 Stunde3. September 2026 um 09:30<\/p>\n","protected":false},"excerpt":{"rendered":"Chronik Als Kinder verliebten sich Karl und Nadine ineinander, 20 Jahre sp\u00e4ter fanden die beiden wieder zusammen und&hellip;\n","protected":false},"author":2,"featured_media":372620,"comment_status":"","ping_status":"","sticky":false,"template":"","format":"standard","meta":{"footnotes":"","_share_on_mastodon":"0"},"categories":[29],"tags":[2168,46,42,93296,183,93295,57719,44],"class_list":["post-372619","post","type-post","status-publish","format-standard","has-post-thumbnail","category-graz","tag-arbeitsunfall","tag-at","tag-austria","tag-braunauer","tag-graz","tag-karl-stephan","tag-nadine","tag-oesterreich"],"share_on_mastodon":{"url":"https:\/\/pubeurope.com\/@at\/117206665513670278","error":""},"_links":{"self":[{"href":"https:\/\/www.europesays.com\/at\/wp-json\/wp\/v2\/posts\/372619","targetHints":{"allow":["GET"]}}],"collection":[{"href":"https:\/\/www.europesays.com\/at\/wp-json\/wp\/v2\/posts"}],"about":[{"href":"https:\/\/www.europesays.com\/at\/wp-json\/wp\/v2\/types\/post"}],"author":[{"embeddable":true,"href":"https:\/\/www.europesays.com\/at\/wp-json\/wp\/v2\/users\/2"}],"replies":[{"embeddable":true,"href":"https:\/\/www.europesays.com\/at\/wp-json\/wp\/v2\/comments?post=372619"}],"version-history":[{"count":0,"href":"https:\/\/www.europesays.com\/at\/wp-json\/wp\/v2\/posts\/372619\/revisions"}],"wp:featuredmedia":[{"embeddable":true,"href":"https:\/\/www.europesays.com\/at\/wp-json\/wp\/v2\/media\/372620"}],"wp:attachment":[{"href":"https:\/\/www.europesays.com\/at\/wp-json\/wp\/v2\/media?parent=372619"}],"wp:term":[{"taxonomy":"category","embeddable":true,"href":"https:\/\/www.europesays.com\/at\/wp-json\/wp\/v2\/categories?post=372619"},{"taxonomy":"post_tag","embeddable":true,"href":"https:\/\/www.europesays.com\/at\/wp-json\/wp\/v2\/tags?post=372619"}],"curies":[{"name":"wp","href":"https:\/\/api.w.org\/{rel}","templated":true}]}}