{"id":372653,"date":"2026-09-03T10:54:11","date_gmt":"2026-09-03T10:54:11","guid":{"rendered":"https:\/\/www.europesays.com\/at\/372653\/"},"modified":"2026-09-03T10:54:11","modified_gmt":"2026-09-03T10:54:11","slug":"landespolizeidirektion-wien-und-kuratorium-fuer-verkehrssicherheit-gemeinsam-fuer-einen-sicheren-schulweg-kfv","status":"publish","type":"post","link":"https:\/\/www.europesays.com\/at\/372653\/","title":{"rendered":"Landespolizeidirektion Wien und Kuratorium f\u00fcr Verkehrssicherheit: Gemeinsam f\u00fcr einen sicheren Schulweg &#8211; KFV"},"content":{"rendered":"<p>Wien (OTS) \u2013 Der Schulbeginn steht bevor. Mit dem Start des neuen Schuljahres nehmen auch die Sch\u00fclerinnen und Sch\u00fcler wieder verst\u00e4rkt am Stra\u00dfenverkehr teil.<\/p>\n<p style=\"text-align: justify\">Die Landespolizeidirektion Wien appelliert gemeinsam mit dem Kuratorium f\u00fcr Verkehrssicherheit (KFV) an alle Verkehrsteilnehmerinnen und Verkehrsteilnehmer, im Bereich von Schulen besonders aufmerksam und r\u00fccksichtsvoll zu sein.<\/p>\n<p style=\"text-align: justify\">Ein starkes Zeichen f\u00fcr mehr Sicherheit auf dem Schulweg setzten am Mittwoch, den 02.09.2026, die obersten F\u00fchrungskr\u00e4fte der Wiener Polizei, Landespolizeivizepr\u00e4sident General Dieter Csefan, interimistische Leiterin der Landesverkehrsabteilung Wien, Oberst Andrea Anders, gemeinsam mit dem Leiter des Fachbereichs f\u00fcr Verkehrssicherheit des Kuratoriums f\u00fcr Verkehrssicherheit (KFV), Dipl.-Ing. Klaus Robatsch. Unterst\u00fctzt wurden sie dabei von Kultfigur HELMI und dem Polizeib\u00e4ren. Ziel der Aktion ist es, alle Verkehrsteilnehmerinnen und Verkehrsteilnehmer gerade im Umfeld von Schulen zu sensibilisieren und auf ein entsprechendes Verhalten hinzuweisen.<\/p>\n<p style=\"text-align: justify\">Die Polizei ersucht insbesondere Lenkerinnen und Lenker, im Bereich von Schulen ihr Fahrtgeschwindigkeit zu reduzieren und jederzeit mit pl\u00f6tzlich auftretenden Kindern zu rechnen. Vor Schutzwegen ist besondere Vorsicht geboten!<\/p>\n<p style=\"text-align: justify\">\u201eMit dem Schulbeginn kehrt in Wien wieder deutlich mehr Bewegung auf unseren Stra\u00dfen ein. F\u00fcr viele Kinder beginnt ein neuer Lebensabschnitt, f\u00fcr andere ein weiteres Schuljahr \u2013 und f\u00fcr uns als Polizei bedeutet das vor allem eines: Wir wollen gemeinsam mit Eltern, Schulen, Verkehrsteilnehmerinnen und Verkehrsteilnehmern daf\u00fcr sorgen, dass alle Kinder sicher zur Schule und wieder nach Hause kommen,\u201c\u00a0betont Landespolizeivizepr\u00e4sident General Dieter Csefan.<\/p>\n<p style=\"text-align: justify\">\u201eWir legen besonderen Wert auf eine sichtbare Pr\u00e4senz in der Umgebung von Schulen und auf stark frequentierten Schulwegen. Zu Schulbeginn werden die Kontrollt\u00e4tigkeiten der Polizei in diesem Bereich verst\u00e4rkt, wobei es unser vorrangiges Ziel ist, Kinder sicher auf ihrem Weg zur Schule zu begleiten,\u201c: erg\u00e4nzt interimistische Leiterin\u00a0der Landesverkehrsabteilung Wien, Oberst Andrea Anders.<\/p>\n<p>\u00a0<\/p>\n<p>Tipps f\u00fcr einen sicheren Schulweg<\/p>\n<p>Den Schulweg rechtzeitig \u00fcben:\u00a0Eltern sollten den Weg gemeinsam mit ihrem Kind mehrmals abgehen und auf m\u00f6gliche Gefahrenstellen aufmerksam machen.<br \/>\nStra\u00dfen m\u00f6glichst an gesicherten Stellen \u00fcberqueren:\u00a0Fu\u00dfg\u00e4ngerampeln, Schutzwege und Querungshilfen sollten genutzt werden.<br \/>\nVor dem \u00dcberqueren stehen bleiben und aufmerksam schauen:\u00a0Erst nach links, rechts und nochmals nach links schauen und die Stra\u00dfe erst \u00fcberqueren, wenn kein Fahrzeug gef\u00e4hrdet.<br \/>\nNicht zwischen parkenden Fahrzeugen auf die Fahrbahn treten:\u00a0Besonders Kinder k\u00f6nnen von Autofahrerinnen und Autofahrern dadurch sp\u00e4t gesehen werden.<br \/>\nAblenkungen vermeiden:\u00a0Smartphone, Kopfh\u00f6rer und andere Ablenkungen sollten auf dem Schulweg m\u00f6glichst keine Rolle spielen.<br \/>\nGut sichtbar unterwegs sein:\u00a0Helle Kleidung und bei schlechter Sicht reflektierende Elemente erh\u00f6hen die Sichtbarkeit.<br \/>\nSeien Sie ein\u00a0Vorbild\u00a0und verhalten Sie sich korrekt, wenn Sie selbst im Stra\u00dfenverkehr unterwegs sind \u2013 Sie haben eine\u00a0Vorbildfunktion!<\/p>\n<p>\u00a0<\/p>\n<p>F\u00fcr viele Volksschulen gibt es in \u00d6sterreich Schulwegpl\u00e4ne. Diese zeigen empfohlene Routen. <a href=\"http:\/\/www.schulwegplan.at\/\" target=\"_blank\" rel=\"noopener noreferrer nofollow\">www.schulwegplan.at<\/a><\/p>\n<p>\u00a0<\/p>\n<p>Die Landespolizeidirektion Wien w\u00fcnscht allen Sch\u00fclerinnen und Sch\u00fclern einen guten und vor allem sicheren Start ins neue Schuljahr.<\/p>\n<p>Landespolizeidirektion Wien, Pressestelle<br \/>Revierinspektorin Julia Schick<br \/>Telefon: 01 31310 72116<br \/>E-Mail:\u00a0<a href=\"https:\/\/www.kfv.at\/landespolizeidirektion-wien-und-kuratorium-fuer-verkehrssicherheit-gemeinsam-fuer-einen-sicheren-schulweg\/mailto:julia.schick@polizei.gv.at\" target=\"_blank\" rel=\"noopener nofollow\">julia.schick@polizei.gv.at<\/a><\/p>\n","protected":false},"excerpt":{"rendered":"Wien (OTS) \u2013 Der Schulbeginn steht bevor. Mit dem Start des neuen Schuljahres nehmen auch die Sch\u00fclerinnen und&hellip;\n","protected":false},"author":2,"featured_media":372654,"comment_status":"","ping_status":"","sticky":false,"template":"","format":"standard","meta":{"footnotes":"","_share_on_mastodon":"0"},"categories":[28],"tags":[46,42,93316,44,93317,92666,262,93318,181,182],"class_list":["post-372653","post","type-post","status-publish","format-standard","has-post-thumbnail","category-wien","tag-at","tag-austria","tag-kindersicherheit","tag-oesterreich","tag-schulanfang","tag-schulbeginn","tag-schule","tag-schuelerlotsen","tag-vienna","tag-wien"],"share_on_mastodon":{"url":"https:\/\/pubeurope.com\/@at\/117206742692708529","error":""},"_links":{"self":[{"href":"https:\/\/www.europesays.com\/at\/wp-json\/wp\/v2\/posts\/372653","targetHints":{"allow":["GET"]}}],"collection":[{"href":"https:\/\/www.europesays.com\/at\/wp-json\/wp\/v2\/posts"}],"about":[{"href":"https:\/\/www.europesays.com\/at\/wp-json\/wp\/v2\/types\/post"}],"author":[{"embeddable":true,"href":"https:\/\/www.europesays.com\/at\/wp-json\/wp\/v2\/users\/2"}],"replies":[{"embeddable":true,"href":"https:\/\/www.europesays.com\/at\/wp-json\/wp\/v2\/comments?post=372653"}],"version-history":[{"count":0,"href":"https:\/\/www.europesays.com\/at\/wp-json\/wp\/v2\/posts\/372653\/revisions"}],"wp:featuredmedia":[{"embeddable":true,"href":"https:\/\/www.europesays.com\/at\/wp-json\/wp\/v2\/media\/372654"}],"wp:attachment":[{"href":"https:\/\/www.europesays.com\/at\/wp-json\/wp\/v2\/media?parent=372653"}],"wp:term":[{"taxonomy":"category","embeddable":true,"href":"https:\/\/www.europesays.com\/at\/wp-json\/wp\/v2\/categories?post=372653"},{"taxonomy":"post_tag","embeddable":true,"href":"https:\/\/www.europesays.com\/at\/wp-json\/wp\/v2\/tags?post=372653"}],"curies":[{"name":"wp","href":"https:\/\/api.w.org\/{rel}","templated":true}]}}