{"id":372691,"date":"2026-09-03T11:23:11","date_gmt":"2026-09-03T11:23:11","guid":{"rendered":"https:\/\/www.europesays.com\/at\/372691\/"},"modified":"2026-09-03T11:23:11","modified_gmt":"2026-09-03T11:23:11","slug":"warum-die-niederlande-ihr-gold-aus-den-usa-abziehen-news","status":"publish","type":"post","link":"https:\/\/www.europesays.com\/at\/372691\/","title":{"rendered":"Warum die Niederlande ihr Gold aus den USA abziehen &#8211; News"},"content":{"rendered":"<p>  Jetzt h\u00f6ren<\/p>\n<p>            Jetzt h\u00f6ren<\/p>\n<p class=\"article-paragraph\">Die Niederlande haben einen Teil ihrer Goldreserven aus den USA und Kanada abgezogen und nach London verlagert. Die Zentralbank begr\u00fcndet den Schritt mit wachsenden geopolitischen Risiken. Insgesamt wurden aus New York und Ottawa den Angaben zufolge etwa 86 Tonnen Gold abgezogen. Das ist etwa ein Viertel der niederl\u00e4ndischen Goldvorr\u00e4te von bisher 313 Tonnen in Nordamerika. Die wichtigsten Fragen dazu beantwortet SRF-Wirtschaftskorrespondent Pascal Lago.<\/p>\n<p>                <img decoding=\"async\" alt=\"Pascal Lago\" class=\"image__img\" loading=\"lazy\" src=\"https:\/\/www.europesays.com\/at\/wp-content\/uploads\/2026\/09\/27c758.webp\"\/><\/p>\n<p class=\"person-details__name\">\n                Pascal Lago\n    <\/p>\n<p class=\"person-details__function\" itemprop=\"jobTitle\">\n        Wirtschaftsredaktor\n    <\/p>\n<p>    Personen-Box aufklappen<br \/>\n    Personen-Box zuklappen<\/p>\n<p class=\"article-paragraph\">Pascal Lago hat \u00d6konomie in Z\u00fcrich und St. Gallen studiert. Er arbeitet seit M\u00e4rz 2022 als Wirtschaftsredaktor bei Radio SRF.<\/p>\n<p>                                                        Warum haben die Niederlande das Gold abgezogen?<\/p>\n<p class=\"article-paragraph\">Es ist ein offenes Geheimnis, dass man der Regierung von US-Pr\u00e4sident Donald Trump misstraut. Er greift die US-Zentralbank immer heftiger an, die Unabh\u00e4ngigkeit ist infrage gestellt. Das Gold ist der Notgroschen eines Staates. Und die Angst steigt, dass die USA vor lauter Sanktionen und wirren Handelsstreitigkeiten pl\u00f6tzlich auch das Gold beschlagnahmen k\u00f6nnten. Und darum will man die Goldreserven nicht mehr dort haben, zumindest nicht mehr so viel wie heute. Die Niederlande hat rund 86 Tonnen Gold nach London verschoben. Das ist etwa ein Viertel der niederl\u00e4ndischen Goldvorr\u00e4te, die in Nordamerika gelagert sind.<\/p>\n<p>                                                        Wie transportiert man dieses Gold?<\/p>\n<p class=\"article-paragraph\">Der Transport von Gold ist aufwendig und hat mehrere Monate gedauert, weil ein Teil davon, etwa 27 Tonnen, auch wirklich physisch verfrachtet worden ist. Den Rest des Goldes hat die niederl\u00e4ndische Zentralbank in New York verkauft und dann in London wieder gekauft.<\/p>\n<p>                                                        Holen nur die Niederlande ihre Goldreserven aus den USA zur\u00fcck?<\/p>\n<p class=\"article-paragraph\">Nein, auch Frankreich und Indien haben j\u00fcngst Gold abgezogen. Und in Deutschland und Italien w\u00e4chst der politische Druck, das ebenfalls zu tun.<\/p>\n<p>        <img decoding=\"async\" src=\"https:\/\/www.europesays.com\/at\/wp-content\/uploads\/2026\/09\/full.png\" alt=\"Wo Deutschland sein Gold lagert (Torten-diagramm)\"\/><\/p>\n<p>                                                        Hat auch die Schweiz Gold in den USA?<\/p>\n<p class=\"article-paragraph\">Nein, die Schweiz lagert 70 Prozent der rund 1040 Tonnen Gold in der Schweiz selbst. 20 Prozent in England und 10 Prozent in Kanada. In den USA lagert die Schweiz schon seit \u00fcber 20 Jahren kein Gold mehr. Es ist seit dem Zweiten Weltkrieg nie ganz unproblematisch gewesen, das Gold in den USA zu lagern. Die USA haben das Goldverm\u00f6gen von neutralen Staaten blockiert, schon vor dem Eintritt in den Zweiten Weltkrieg. Und jetzt, mit den Sanktionen und der speziellen Handelspolitik, bleibt es schwierig oder wird es sogar schwieriger, auch wenn New York eigentlich ein guter Handelsplatz f\u00fcr Gold ist.<\/p>\n<p>        <img decoding=\"async\" src=\"https:\/\/www.europesays.com\/at\/wp-content\/uploads\/2026\/09\/1788434591_547_full.png\" alt=\"Wo die Schweiz ihr Gold lagert (Torten-diagramm)\"\/><\/p>\n<p>                                                        Die Schweiz hat 1040 Tonnen Gold als Reserve \u2013 wie viel ist das?<\/p>\n<p class=\"article-paragraph\">Heruntergebrochen auf alle Einwohnerinnen und Einwohner in der Schweiz sind das etwa 116 Gramm pro Person oder 20 Goldvreneli im Wert von 13&#8217;000 Franken. Diese Reserve ist der Notgroschen f\u00fcr Krisen, hilft, zu diversifizieren, um sich zum Beispiel vor W\u00e4hrungsrisiken abzusichern. Und: Ein Goldschatz im Keller signalisiert nat\u00fcrlich den Finanzm\u00e4rkten, dass die Schweiz ein sicheres, stabiles Land ist.<\/p>\n<p>                                                        Wieso lagert man Gold im Ausland?<\/p>\n<p class=\"article-paragraph\">Einerseits kommt das noch aus den Kriegszeiten. Man wollte sicherstellen, dass im Fall einer Besetzung der Schweiz ein Teil des Verm\u00f6gens nicht in fremde H\u00e4nde f\u00e4llt. Andererseits geht es um die Handelbarkeit. In London zum Beispiel kann man das Gold schnell verkaufen und so auf Krisen reagieren und das Gold schnell in Geld umwandeln.<\/p>\n","protected":false},"excerpt":{"rendered":"Jetzt h\u00f6ren Jetzt h\u00f6ren Die Niederlande haben einen Teil ihrer Goldreserven aus den USA und Kanada abgezogen und&hellip;\n","protected":false},"author":2,"featured_media":372692,"comment_status":"","ping_status":"","sticky":false,"template":"","format":"standard","meta":{"footnotes":"","_share_on_mastodon":"0"},"categories":[14],"tags":[46,42,95,90,89,91,94,44,93,92],"class_list":["post-372691","post","type-post","status-publish","format-standard","has-post-thumbnail","category-unternehmen-maerkte","tag-at","tag-austria","tag-business","tag-companies","tag-companies-markets","tag-markets","tag-maerkte","tag-oesterreich","tag-unternehmen","tag-unternehmen-maerkte"],"share_on_mastodon":{"url":"https:\/\/pubeurope.com\/@at\/117206857954753182","error":""},"_links":{"self":[{"href":"https:\/\/www.europesays.com\/at\/wp-json\/wp\/v2\/posts\/372691","targetHints":{"allow":["GET"]}}],"collection":[{"href":"https:\/\/www.europesays.com\/at\/wp-json\/wp\/v2\/posts"}],"about":[{"href":"https:\/\/www.europesays.com\/at\/wp-json\/wp\/v2\/types\/post"}],"author":[{"embeddable":true,"href":"https:\/\/www.europesays.com\/at\/wp-json\/wp\/v2\/users\/2"}],"replies":[{"embeddable":true,"href":"https:\/\/www.europesays.com\/at\/wp-json\/wp\/v2\/comments?post=372691"}],"version-history":[{"count":0,"href":"https:\/\/www.europesays.com\/at\/wp-json\/wp\/v2\/posts\/372691\/revisions"}],"wp:featuredmedia":[{"embeddable":true,"href":"https:\/\/www.europesays.com\/at\/wp-json\/wp\/v2\/media\/372692"}],"wp:attachment":[{"href":"https:\/\/www.europesays.com\/at\/wp-json\/wp\/v2\/media?parent=372691"}],"wp:term":[{"taxonomy":"category","embeddable":true,"href":"https:\/\/www.europesays.com\/at\/wp-json\/wp\/v2\/categories?post=372691"},{"taxonomy":"post_tag","embeddable":true,"href":"https:\/\/www.europesays.com\/at\/wp-json\/wp\/v2\/tags?post=372691"}],"curies":[{"name":"wp","href":"https:\/\/api.w.org\/{rel}","templated":true}]}}