{"id":372717,"date":"2026-09-03T11:40:14","date_gmt":"2026-09-03T11:40:14","guid":{"rendered":"https:\/\/www.europesays.com\/at\/372717\/"},"modified":"2026-09-03T11:40:14","modified_gmt":"2026-09-03T11:40:14","slug":"sk-rapid-frauen-bestreiten-im-oefb-cup-ein-kleines-derby-gegen-den-wiener-sport-club","status":"publish","type":"post","link":"https:\/\/www.europesays.com\/at\/372717\/","title":{"rendered":"SK Rapid-Frauen bestreiten im \u00d6FB-Cup ein kleines Derby gegen den Wiener Sport-Club"},"content":{"rendered":"<p>\t\t\t\t\t\t\t\t\t\t\t\t\t\t\t <img decoding=\"async\" src=\"https:\/\/www.europesays.com\/at\/wp-content\/uploads\/2026\/09\/club-2240-large.png\" alt=\"\"\/> <\/p>\n<p>\t\t\t\t\t\t\t\t\t\t\t\t\t\t\t <img decoding=\"async\" src=\"https:\/\/www.europesays.com\/at\/wp-content\/uploads\/2026\/09\/1788435613_360_rapid-wien.png\" alt=\"\"\/> <\/p>\n<p>F\u00fcr die\u00a0Frauen des SK Rapid steht am Samstag die\u00a01. Runde des \u00d6FB Frauen Cup\u00a0auf dem Programm. Dabei kommt es zu einem stadtinternen Duell mit dem\u00a0Wiener Sport-Club. Die Gr\u00fcn-Wei\u00dfen gastieren bei den Hernalserinnen am traditionsreichen\u00a0Sport-Club-Platz, wo die Partie um\u00a017:00 Uhr\u00a0(live im <a href=\"https:\/\/ticker.ligaportal.at\/live-ticker\/1304312\/wiener-sport-club-frauen-gegen-sk-rapid\" rel=\"nofollow noopener\" target=\"_blank\">Ligaportal-Ticker<\/a>) angepfiffen wird.<\/p>\n<p><img decoding=\"async\" src=\"https:\/\/www.europesays.com\/at\/wp-content\/uploads\/2026\/09\/rapid-frauen-03092026-balogh-laura-ringsmuth.jpg\" alt=\"\"\/><br \/>\nOrdentlicher Saisonstart der Rapidlerinnen<\/p>\n<p>Nach dem Aufstieg in die\u00a0Frauen Bundesliga\u00a0sind die Rapidlerinnen inzwischen in der neuen Spielklasse angekommen. Der Saisonstart verlief dabei insgesamt ordentlich: Seit der Ligapremiere gegen die First Vienna konnten die Gr\u00fcn-Wei\u00dfen bereits drei Punkte sammeln und wichtige Erfahrungen auf h\u00f6chstem Niveau sammeln.<\/p>\n<p>Lediglich die Heimspielpremiere in der Bundesliga verlief mit einer ungl\u00fccklichen 0:1-Niederlage gegen den SCR Altach nicht nach Wunsch. Am vergangenen Wochenende folgte ausw\u00e4rts bei FC Blau-Wei\u00df Linz \/ Kleinm\u00fcnchen der n\u00e4chste Punktgewinn.<\/p>\n<p>Nun richtet sich der Fokus aber voll und ganz auf den\u00a0\u00d6FB Frauen Cup. Die Trainingswoche wurde genutzt, um sich optimal auf die erste Cup-Partie der Saison vorzubereiten. Dabei soll von Beginn an klar sein: Gr\u00fcn-Wei\u00df will den Einzug in die n\u00e4chste Runde.<\/p>\n<p>F\u00fcr die Rapidlerinnen ist die Partie auch eine Chance, die Erfahrungen aus dem vergangenen Cup-Jahr vergessen zu machen. In der vergangenen Saison musste sich Rapid bereits in der 1. Runde aus dem Bewerb verabschieden. Beim USC Landhaus setzte es eine bittere 0:1-Niederlage. Umso gr\u00f6\u00dfer ist die Motivation, es in dieser Saison besser zu machen und diesmal eine Runde weiterzukommen.<\/p>\n<p>Cheftrainerin Katja\u00a0G\u00fcrtler\u00a0freut sich bereits auf den Cup-Auftakt: \u201eWir freuen uns sehr, dass es jetzt auch im \u00d6FB Cup losgeht. Mit dem Sport-Club erwartet uns ein Gegner, den wir bereits aus dem Vorjahr kennen und dazu eine tolle Kulisse. Unser klares Ziel ist es, die erste Runde zu \u00fcberstehen. Die Trainingswoche war sehr gut, und wir wollen den Schwung und die Energie am Samstag auf den Platz bringen.\u201c<\/p>\n<p>Der\u00a0Wiener Sport-Club\u00a0geht aktuell in der 2. Liga auf Punktejagd. Auch dort sind bereits die ersten beiden Saisonspiele absolviert. Zum Auftakt trennten sich die Hernalserinnen vom FC Pinzgau Saalfelden mit einem 1:1-Unentschieden, zuletzt folgte ein weiteres Remis gegen den USC Landhaus. Damit h\u00e4lt der\u00a0Sport-Club\u00a0nach zwei Spielen bei zwei Punkten.<\/p>\n<p>Im Kader der Hernalserinnen findet sich auch ein bekanntes Gesicht: Francesca\u00a0Nunziata. Die Angreiferin war bereits f\u00fcr Rapid im Einsatz, wurde anschlie\u00dfend verliehen und ist mittlerweile Teil des Wiener Sport-Clubs. Nun kommt es im Cup zum Wiedersehen mit ihren ehemaligen Teamkolleginnen. Nicht in Schwarz-Wei\u00df mit dabei ist diesmal Ex-Rapidlerin Lisa\u00a0Hoyda, sie muss verletzt pausieren.<\/p>\n<p>Foto: Laura Balogh<\/p>\n","protected":false},"excerpt":{"rendered":"F\u00fcr die\u00a0Frauen des SK Rapid steht am Samstag die\u00a01. Runde des \u00d6FB Frauen Cup\u00a0auf dem Programm. Dabei kommt&hellip;\n","protected":false},"author":2,"featured_media":372718,"comment_status":"","ping_status":"","sticky":false,"template":"","format":"standard","meta":{"footnotes":"","_share_on_mastodon":"0"},"categories":[18],"tags":[46,42,91423,31932,44,969,109,108,19187],"class_list":["post-372717","post","type-post","status-publish","format-standard","has-post-thumbnail","category-sport","tag-at","tag-austria","tag-katja-guertler","tag-oefb-frauen-cup","tag-oesterreich","tag-sk-rapid","tag-sport","tag-sports","tag-wiener-sport-club"],"share_on_mastodon":{"url":"https:\/\/pubeurope.com\/@at\/117206924270826224","error":""},"_links":{"self":[{"href":"https:\/\/www.europesays.com\/at\/wp-json\/wp\/v2\/posts\/372717","targetHints":{"allow":["GET"]}}],"collection":[{"href":"https:\/\/www.europesays.com\/at\/wp-json\/wp\/v2\/posts"}],"about":[{"href":"https:\/\/www.europesays.com\/at\/wp-json\/wp\/v2\/types\/post"}],"author":[{"embeddable":true,"href":"https:\/\/www.europesays.com\/at\/wp-json\/wp\/v2\/users\/2"}],"replies":[{"embeddable":true,"href":"https:\/\/www.europesays.com\/at\/wp-json\/wp\/v2\/comments?post=372717"}],"version-history":[{"count":0,"href":"https:\/\/www.europesays.com\/at\/wp-json\/wp\/v2\/posts\/372717\/revisions"}],"wp:featuredmedia":[{"embeddable":true,"href":"https:\/\/www.europesays.com\/at\/wp-json\/wp\/v2\/media\/372718"}],"wp:attachment":[{"href":"https:\/\/www.europesays.com\/at\/wp-json\/wp\/v2\/media?parent=372717"}],"wp:term":[{"taxonomy":"category","embeddable":true,"href":"https:\/\/www.europesays.com\/at\/wp-json\/wp\/v2\/categories?post=372717"},{"taxonomy":"post_tag","embeddable":true,"href":"https:\/\/www.europesays.com\/at\/wp-json\/wp\/v2\/tags?post=372717"}],"curies":[{"name":"wp","href":"https:\/\/api.w.org\/{rel}","templated":true}]}}