{"id":372741,"date":"2026-09-03T11:55:10","date_gmt":"2026-09-03T11:55:10","guid":{"rendered":"https:\/\/www.europesays.com\/at\/372741\/"},"modified":"2026-09-03T11:55:10","modified_gmt":"2026-09-03T11:55:10","slug":"promi-big-brother-zehn-neue-stars-start-am-5-oktober-und-alles-im-garten","status":"publish","type":"post","link":"https:\/\/www.europesays.com\/at\/372741\/","title":{"rendered":"Promi Big Brother: Zehn neue Stars, Start am 5. Oktober und alles im Garten!"},"content":{"rendered":"<p>Sat.1 l\u00fcftet das GeheimnisPromi Big Brothers enth\u00fcllt: Diese Stars ziehen bald in den Garten!<img alt=\"promibb.jpg\" fetchpriority=\"high\" width=\"940\" height=\"529\" decoding=\"async\" data-nimg=\"1\" class=\"Image_image__SdgLQ Picture_image__vGN9W\" style=\"color:transparent\"   src=\"https:\/\/www.europesays.com\/at\/wp-content\/uploads\/2026\/09\/promibbjpg.webp\"\/><\/p>\n<p>Reif f\u00fcr den Container: Axel Schulz und Nadja Benaissa.<\/p>\n<p>Joyn \/ Marc Rehbeck \/ Spot On<\/p>\n<p class=\"AnnotatedMarkup_paragraph__IUT9l\">Der Herbst r\u00fcckt n\u00e4her &#8211; und der Container \u00f6ffnet bald wieder seine Pforten. \u201ePromi Big Brother\u201c geht im Oktober in seine 14. Staffel. Zu denen, die sich in diesem Jahr der 24-Stunden-Beobachtung stellen, z\u00e4hlen Ex-Boxer Axel Schulz und die No-Angels-S\u00e4ngerin Nadja Benaissa.<\/p>\n<p class=\"AnnotatedMarkup_paragraph__IUT9l\">Der Sender Sat.1 hat die ersten zehn Teilnehmerinnen und Teilnehmer der neuen \u201ePromi Big Brother\u201c-Staffel bekannt gegeben. Das Format geht am 5. Oktober auf Sendung. Diesmal spielt sich alles im Garten des \u201eGro\u00dfen Bruders\u201c ab.<\/p>\n<p class=\"AnnotatedMarkup_paragraph__IUT9l\">Die beiden prominentesten Namen der Runde kommen aus dem Sport und aus der Musik: Box-Legende Axel Schulz und Nadja Benaissa, S\u00e4ngerin der No Angels.<\/p>\n<p class=\"AnnotatedMarkup_paragraph__IUT9l\">Schulz war in den 90er-Jahren als Schwergewichtsboxer zum Publikumsliebling geworden, 1999 beendete er seine Profikarriere. Ins Reality-Fernsehen hatte es ihn bislang noch nicht gezogen. \u201ePromi Big Brother\u201c ist das erste Format dieser Art, an dem er teilnimmt.<\/p>\n<p class=\"AnnotatedMarkup_paragraph__IUT9l\">Vor dem Zusammenleben auf engem Raum mit lauter fremden Leuten d\u00fcrfte ihm wenig bange sein. \u201eFr\u00fcher habe ich im Trainingslager immer mit 20 bis 25 Leuten in einem gro\u00dfen Raum oder in Sporthallen geschlafen\u201c, wird der 57-J\u00e4hrige zitiert.<\/p>\n<p>\u201eEinzigartige Erfahrung\u201c<\/p>\n<p class=\"AnnotatedMarkup_paragraph__IUT9l\">Benaissa wurde 2000 durch die erste Staffel von \u201ePopstars\u201c bekannt und schaffte den Karrieresprung als Mitglied der aus der Sendung hervorgegangen Formation No Angels. Zuletzt trat sie in diesem Jahr in der RTL-Show \u201eLet\u2019s Dance\u201c an.<\/p>\n<p class=\"AnnotatedMarkup_paragraph__IUT9l\">Was sie sich von den Wochen unter Dauerbeobachtung erhofft, formuliert sie so: \u201eIch m\u00f6chte mich mehr \u00f6ffnen und zeigen. \u201aPromi Big Brother\u2018 wird eine absolut einzigartige Erfahrung f\u00fcr mich.\u201c<\/p>\n<p class=\"AnnotatedMarkup_paragraph__IUT9l\">Komplettiert wird die erste Bewohnerriege von Gastronom Redo, der als Social-Media-Ph\u00e4nomen bekannt wurde und seit \u00fcber 35 Jahren sein eigener Chef ist. Er fragt sich, was von ihm \u00fcbrig bleibt, wenn man ihm alles wegnimmt.<\/p>\n<p>Auch Sidos Ex macht mit<\/p>\n<p class=\"AnnotatedMarkup_paragraph__IUT9l\">Dazu kommen Reality-Star Maurice Dziwak, bekannt aus \u201ePromis unter Palmen\u201c und dem Dschungelcamp, und Ex-Profifu\u00dfballer Christian Lell, der beim FC Bayern zweimal das Double gewann. Lell will die Zeit im Container als pers\u00f6nlichen Reset nutzen und dort seinen meditativen Lebensstil beibehalten.<\/p>\n<p class=\"AnnotatedMarkup_paragraph__IUT9l\">Ebenfalls dabei: Podcasterin Gia Georgina, ehemalige Partnerin von Rapper Sido. Heute bestreitet sie mit Sidos Ex-Frau Charlotte Engelhardt das Format \u201eThe Real Ex-Wives\u201c. Schauspieler Gedeon Burkhard, der durch \u201eKommissar Rex\u201c bekannt wurde und sp\u00e4ter in \u201eInglourious Basterds\u201c zu sehen war, hat nur einen Wunsch: keine schnarchenden Kollegen.<\/p>\n<p><img alt=\"Titel: Promi Big Brother;&#10;Staffel: 2026;&#10;Person: Gia Georgina;&#10;Copyright: Joyn\/Marc Rehbeck;&#10;Fotograf: Marc Rehbeck;&#10;Bildredakteur: Clarissa Schreiner;&#10;Dateiname: 3450336.tif;&#10;Rechtehinweis: Dieses Bild darf honorarfrei f\u00fcr redaktionelle Zwecke und nur im Rahmen der Programmank\u00fcndigung verwendet werden. Andere Ver\u00f6ffentlichungen sind nur nach R\u00fccksprache und ausdr\u00fccklicher Genehmigung der Seven.One Entertainment Group GmbH m\u00f6glich. Nicht f\u00fcr EPG! Verwendung nur mit vollst\u00e4ndigem Copyrightvermerk. Das Foto darf nicht ver\u00e4ndert, bearbeitet und nur im Ganzen verwendet werden. Es darf nicht archiviert werden. Es darf nicht an Dritte weitergeleitet werden. Aneinanderreihung\/Zusammenlegung\/Kopplung von Bildern zum Zweck der Erstellung von Slide-Shows o.\u00e4. nicht gestattet; Verbindung\/Einf\u00fcgen\/Anf\u00fcgen von Werbung nicht gestattet. Das Bild kann KI generierte Elemente enthalten.&#10;Bei Fragen: foto@seven.one&#10;Voraussetzung f\u00fcr die Verwendung dieser Programmdaten ist die Zustimmung zu den Allgemeinen Gesch\u00e4ftsbedingungen der Presselounges der Sender der Seven.One Entertainment Group GmbH. \" fetchpriority=\"auto\" loading=\"lazy\" width=\"940\" height=\"529\" decoding=\"async\" data-nimg=\"1\" class=\"Image_image__SdgLQ Picture_image__vGN9W\" style=\"color:transparent\"   src=\"https:\/\/www.europesays.com\/at\/wp-content\/uploads\/2026\/09\/titel-promi-big-brother-staffel-2026-person-gia-georgina-copyright-joynmarc-rehbeck-fotograf-marc-re.webp\"\/><\/p>\n<p>Auch ein &#8222;Promi&#8220;, der dabei ist: Gia Georgina.<\/p>\n<p>Joyn \/ Marc Rehbeck<\/p>\n<p class=\"AnnotatedMarkup_paragraph__IUT9l\">Auch Streamerin Nina Bridney geh\u00f6rt zum Cast, deren pers\u00f6nlicher Rekord bei 13 Stunden Livestream am St\u00fcck liegt. Au\u00dferdem ziehen \u201eGermany\u2019s next Topmodel\u201c-Finalist Godfrey Egbon und die Schweizer \u201eBachelor\u201c-Gewinnerin Francesca Morgese ein. Egbon gibt als Ziel den Sieg aus, \u201esofern ich nicht zu vielen Menschen unsympathisch bin\u201c. Durch die t\u00e4glichen Live-Shows f\u00fchren wie gewohnt Marlene Lufen und Jochen Schropp.<\/p>\n<p class=\"AnnotatedMarkup_paragraph__IUT9l\">Verwendete Quellen: vpr\/spot<\/p>\n","protected":false},"excerpt":{"rendered":"Sat.1 l\u00fcftet das GeheimnisPromi Big Brothers enth\u00fcllt: Diese Stars ziehen bald in den Garten! Reif f\u00fcr den Container:&hellip;\n","protected":false},"author":2,"featured_media":372742,"comment_status":"","ping_status":"","sticky":false,"template":"","format":"standard","meta":{"footnotes":"","_share_on_mastodon":"0"},"categories":[25],"tags":[46,42,90963,147,44,3356,156,155,240,148],"class_list":["post-372741","post","type-post","status-publish","format-standard","has-post-thumbnail","category-serien","tag-at","tag-austria","tag-digital-news-desk","tag-entertainment","tag-oesterreich","tag-reality-tv","tag-serien","tag-series","tag-tv","tag-unterhaltung"],"share_on_mastodon":{"url":"https:\/\/pubeurope.com\/@at\/117206983458215893","error":""},"_links":{"self":[{"href":"https:\/\/www.europesays.com\/at\/wp-json\/wp\/v2\/posts\/372741","targetHints":{"allow":["GET"]}}],"collection":[{"href":"https:\/\/www.europesays.com\/at\/wp-json\/wp\/v2\/posts"}],"about":[{"href":"https:\/\/www.europesays.com\/at\/wp-json\/wp\/v2\/types\/post"}],"author":[{"embeddable":true,"href":"https:\/\/www.europesays.com\/at\/wp-json\/wp\/v2\/users\/2"}],"replies":[{"embeddable":true,"href":"https:\/\/www.europesays.com\/at\/wp-json\/wp\/v2\/comments?post=372741"}],"version-history":[{"count":0,"href":"https:\/\/www.europesays.com\/at\/wp-json\/wp\/v2\/posts\/372741\/revisions"}],"wp:featuredmedia":[{"embeddable":true,"href":"https:\/\/www.europesays.com\/at\/wp-json\/wp\/v2\/media\/372742"}],"wp:attachment":[{"href":"https:\/\/www.europesays.com\/at\/wp-json\/wp\/v2\/media?parent=372741"}],"wp:term":[{"taxonomy":"category","embeddable":true,"href":"https:\/\/www.europesays.com\/at\/wp-json\/wp\/v2\/categories?post=372741"},{"taxonomy":"post_tag","embeddable":true,"href":"https:\/\/www.europesays.com\/at\/wp-json\/wp\/v2\/tags?post=372741"}],"curies":[{"name":"wp","href":"https:\/\/api.w.org\/{rel}","templated":true}]}}