{"id":372749,"date":"2026-09-03T12:00:16","date_gmt":"2026-09-03T12:00:16","guid":{"rendered":"https:\/\/www.europesays.com\/at\/372749\/"},"modified":"2026-09-03T12:00:16","modified_gmt":"2026-09-03T12:00:16","slug":"tsv-hartberg-bedient-sich-beim-sk-rapid-am-deadline-day","status":"publish","type":"post","link":"https:\/\/www.europesays.com\/at\/372749\/","title":{"rendered":"TSV Hartberg bedient sich beim SK Rapid am Deadline-Day"},"content":{"rendered":"<p>\t\t\t\t\t\t\t\t\t\t\t\t\t\t\t <img decoding=\"async\" src=\"https:\/\/www.europesays.com\/at\/wp-content\/uploads\/2026\/09\/hartberg.png\" alt=\"\"\/> <\/p>\n<p>\t\t\t\t\t\t\t\t\t\t\t\t\t\t\t <img decoding=\"async\" src=\"https:\/\/www.europesays.com\/at\/wp-content\/uploads\/2026\/09\/1788436815_524_rapid-wien.png\" alt=\"\"\/> <\/p>\n<p>Der<a href=\"https:\/\/ticker.ligaportal.at\/mannschaft\/1734\/tsv-hartberg\" rel=\"nofollow noopener\" target=\"_blank\"> TSV Egger Glas Hartberg<\/a> ist am Deadline Day in Fu\u00dfball-\u00d6sterreich noch einmal auf dem Sommer-Transfermarkt aktiv geworden und verst\u00e4rkt sich mit Offensivspieler\u00a0Andrija Radulovi\u0107. Der 24-j\u00e4hrige Rechtsau\u00dfen kommt leihweise von <a href=\"https:\/\/www.ligaportal.at\/bundesliga\/\" rel=\"nofollow noopener\" target=\"_blank\">Bundesliga<\/a>-Konkurrent\u00a0<a href=\"https:\/\/ticker.ligaportal.at\/mannschaft\/1724\/rapid-wien\" rel=\"nofollow noopener\" target=\"_blank\">SK Rapid<\/a>\u00a0und bleibt bis zum Saisonende in der Oststeiermark bei den Blau-Wei\u00dfen. Siehe auch <a href=\"https:\/\/www.ligaportal.at\/bundesliga\/transfers\" rel=\"nofollow noopener\" target=\"_blank\">SOMMERTRANSFERS der Bundesligisten<\/a>!<\/p>\n<p>\u00a0<img decoding=\"async\" src=\"https:\/\/www.europesays.com\/at\/wp-content\/uploads\/2026\/09\/radulovic-andrija-neuzugang-03-09-26-tsv-hartberg-pumann.jpg\" alt=\"\"\/><\/p>\n<p>\u201eEr ist ein Spieler, der uns sehr viel Tiefgang geben wird und sich gut zwischen den Linien bewegen kann&#8220;<\/p>\n<p>Andrija Radulovi\u0107, der offensiv variabel einsetzbar ist, wechselte im Februar 2025 nach H\u00fctteldorf. Zuvor war der Montenegriner unter anderem bei seinem Jugendverein Roter Stern Belgrad sowie beim FK Vojvodina Novi Sad aktiv.<\/p>\n<p>F\u00fcr den SK Rapid absolvierte der siebenfache A-Nationalteamspieler von Montenegro bislang 38 Pflichtspiele und sammelte dabei zehn Scorerpunkte \u2013 sechs Tore und vier Assists. Bei Vojvodina konnte der Offensivspieler mit zehn Treffern und elf Vorlagen ebenfalls seine Torgefahr und Kreativit\u00e4t unter Beweis stellen.<\/p>\n<p>Mit der Leihe sichert sich der TSV Hartberg am letzten Tag der Transferperiode noch einmal zus\u00e4tzliche Qualit\u00e4t f\u00fcr die Offensive.<\/p>\n<p>TSV-Cheftrainer und -Technischer Direktor\u00a0Markus Schopp:\u00a0<\/p>\n<p>\u201eMit Andrija Radulovi\u0107 bekommen wir einen Spielertypen in der Offensive, der sowohl \u00fcber die Fl\u00fcgel als auch im Zentrum sehr flexibel agieren kann. <\/p>\n<p>Er ist ein Spieler, der uns sehr viel Tiefgang geben wird und sich gut zwischen den Linien bewegen kann. Er hat eine sehr gute Mentalit\u00e4t und ich freue mich auf die Zusammenarbeit.\u201c<\/p>\n<p>TSV-Neuzugang Andrija Radulovi\u0107:\u00a0<\/p>\n<p>\u201eIch bin froh, dass der Transfer nach Hartberg funktioniert hat. F\u00fcr mich ist es wichtig, wieder auf dem Platz zu stehen, und ich m\u00f6chte der Mannschaft und dem gesamten Verein helfen, damit die Ziele des Vereins erreicht werden.\u201c<\/p>\n<p>\u201eWir haben eine M\u00f6glichkeit gesucht, damit er in der laufenden Saison m\u00f6glichst viel Spielpraxis, die wir ihm bei uns nach aktuellem Stand bei uns nicht in Aussicht stellen k\u00f6nnen, sammeln kann&#8220;<\/p>\n<p>SK-Rapid-Gesch\u00e4ftsf\u00fchrer-Sport Markus Katzer:<\/p>\n<p>\u201eWir haben f\u00fcr Andrija Radulovi\u0107 eine M\u00f6glichkeit gesucht, damit er in der laufenden Saison m\u00f6glichst viel Spielpraxis, die wir ihm bei uns nach aktuellem Stand bei uns nicht in Aussicht stellen k\u00f6nnen, sammeln kann. Ich freue mich, dass wir mit dem TSV Hartberg, bei dem schon viele Spieler ihre Entwicklung in eine positive Richtung bringen konnten, einen guten Klub f\u00fcr ihn finden konnten. <\/p>\n<p>Ich w\u00fcnsche Andrija eine verletzungsfreie und erfolgreiche Zeit in der Steiermark und hoffe, dass er im bekannt ruhigen und famili\u00e4ren Umfeld unseres Ligakonkurrenten zu alter St\u00e4rke zur\u00fcckfinden kann.\u201c<\/p>\n<p>Siehe auch:<\/p>\n<p class=\"mt-0 mb-1 text-darkblue\" itemprop=\"headline\"><a class=\"text-darkblue\" href=\"https:\/\/www.ligaportal.at\/bundesliga\/analysen\/spieler-der-runde\/22347-admiral-bundesliga-2026-2027-waehle-den-spieler-der-runde-4\" rel=\"nofollow noopener\" target=\"_blank\">Bundesliga 2026\/2027: W\u00e4hle den Spieler der Runde 4!<\/a><\/p>\n<p class=\"mt-0 mb-1 text-darkblue\" itemprop=\"headline\"><a class=\"text-darkblue\" href=\"https:\/\/www.ligaportal.at\/bundesliga\/analysen\/team-der-runde\/22346-admiral-bundesliga-2026-2027-team-der-runde-4\" rel=\"nofollow noopener\" target=\"_blank\">Bundesliga 2026\/2027: Team der Runde 4<\/a><\/p>\n<p>Fotocredit: TSV Hartberg<\/p>\n","protected":false},"excerpt":{"rendered":"Der TSV Egger Glas Hartberg ist am Deadline Day in Fu\u00dfball-\u00d6sterreich noch einmal auf dem Sommer-Transfermarkt aktiv geworden&hellip;\n","protected":false},"author":2,"featured_media":372750,"comment_status":"","ping_status":"","sticky":false,"template":"","format":"standard","meta":{"footnotes":"","_share_on_mastodon":"0"},"categories":[18],"tags":[84868,46,42,93008,44,969,109,108,772],"class_list":["post-372749","post","type-post","status-publish","format-standard","has-post-thumbnail","category-sport","tag-andrija-radulovic","tag-at","tag-austria","tag-deadline-day","tag-oesterreich","tag-sk-rapid","tag-sport","tag-sports","tag-tsv-hartberg"],"share_on_mastodon":{"url":"https:\/\/pubeurope.com\/@at\/117207003202724895","error":""},"_links":{"self":[{"href":"https:\/\/www.europesays.com\/at\/wp-json\/wp\/v2\/posts\/372749","targetHints":{"allow":["GET"]}}],"collection":[{"href":"https:\/\/www.europesays.com\/at\/wp-json\/wp\/v2\/posts"}],"about":[{"href":"https:\/\/www.europesays.com\/at\/wp-json\/wp\/v2\/types\/post"}],"author":[{"embeddable":true,"href":"https:\/\/www.europesays.com\/at\/wp-json\/wp\/v2\/users\/2"}],"replies":[{"embeddable":true,"href":"https:\/\/www.europesays.com\/at\/wp-json\/wp\/v2\/comments?post=372749"}],"version-history":[{"count":0,"href":"https:\/\/www.europesays.com\/at\/wp-json\/wp\/v2\/posts\/372749\/revisions"}],"wp:featuredmedia":[{"embeddable":true,"href":"https:\/\/www.europesays.com\/at\/wp-json\/wp\/v2\/media\/372750"}],"wp:attachment":[{"href":"https:\/\/www.europesays.com\/at\/wp-json\/wp\/v2\/media?parent=372749"}],"wp:term":[{"taxonomy":"category","embeddable":true,"href":"https:\/\/www.europesays.com\/at\/wp-json\/wp\/v2\/categories?post=372749"},{"taxonomy":"post_tag","embeddable":true,"href":"https:\/\/www.europesays.com\/at\/wp-json\/wp\/v2\/tags?post=372749"}],"curies":[{"name":"wp","href":"https:\/\/api.w.org\/{rel}","templated":true}]}}