{"id":372875,"date":"2026-09-03T13:40:19","date_gmt":"2026-09-03T13:40:19","guid":{"rendered":"https:\/\/www.europesays.com\/at\/372875\/"},"modified":"2026-09-03T13:40:19","modified_gmt":"2026-09-03T13:40:19","slug":"erdbeben-in-kolumbien-papst-bekundet-solidaritaet","status":"publish","type":"post","link":"https:\/\/www.europesays.com\/at\/372875\/","title":{"rendered":"Erdbeben in Kolumbien: Papst bekundet Solidarit\u00e4t"},"content":{"rendered":"<p>Papst Leo XIV. hat dem kolumbianischen Staatspr\u00e4sidenten Abelardo de la Espriella am Nachmittag des 2. September in einem Telefonat seine Solidarit\u00e4t mit den Betroffenen des Erdbebens vom 10. August ausgedr\u00fcckt.<\/p>\n<p>     <a href=\"https:\/\/www.vaticannews.va\/de\/welt\/news\/2026-08\/kolumbien-erbeben-beschadigte-hunderte-kirchen.html\" title=\"Kolumbien: Erbeben besch\u00e4digte Hunderte Kirchen \" rel=\"nofollow noopener\" target=\"_blank\"><\/p>\n<p>        <img decoding=\"async\" src=\"data:image\/gif;base64,R0lGODlhAQABAIAAAAAAAP\/\/\/yH5BAEAAAAALAAAAAABAAEAAAIBRAA7\" data-original=\"https:\/\/www.vaticannews.va\/content\/dam\/vaticannews\/agenzie\/images\/reuters\/2026\/08\/14\/05\/1786678498199.JPG\/_jcr_content\/renditions\/cq5dam.thumbnail.cropped.500.281.jpeg\" alt=\"Kolumbien: Erbeben besch\u00e4digte Hunderte Kirchen \"\/><\/p>\n<p>      <\/a><\/p>\n<p>\n      Nach dem verheerenden Erdbeben im Westen Kolumbiens steht die katholische Kirche im Land vor einer riesigen Herausforderung. Nach Angaben des Erzbischofs von Bogot\u00e1, Kardinal Luis &#8230;\n     <\/p>\n<p>Wie das Presseamt des Heiligen Stuhls in einer Mitteilung bekanntgab, bekr\u00e4ftigte das Oberhaupt der katholischen Kirche seine \u201eN\u00e4he zu allen Personen, die unter den schwierigen Folgen des j\u00fcngsten Erdbebens in Kolumbien leiden\u201c. Der Papst gedachte dabei der Familien der Verstorbenen, der Verletzten sowie der Einsatzkr\u00e4fte und humanit\u00e4ren Helfer vor Ort. Dar\u00fcber hinaus er\u00f6rterten die Gespr\u00e4chspartner die Situation im Land und in den von den Ersch\u00fctterungen betroffenen Gebieten.<\/p>\n<p>Das Erdbeben der St\u00e4rke 7,4 hatte Kolumbien am 10. August getroffen. Nach amtlichen Angaben kamen 329 Menschen ums Leben, etwa 4.600 Personen erlitten Verletzungen und 247 Menschen gelten weiterhin als vermisst. Insgesamt bel\u00e4uft sich die Zahl der von den Auswirkungen des Bebens betroffenen Einwohner auf mehr als 314.000. Die am st\u00e4rksten betroffenen Regionen liegen im Westen des Landes, insbesondere in den R\u00e4umen Cali und Pereira.<\/p>\n<p>(vatican news &#8211; mg)<\/p>\n","protected":false},"excerpt":{"rendered":"Papst Leo XIV. hat dem kolumbianischen Staatspr\u00e4sidenten Abelardo de la Espriella am Nachmittag des 2. September in einem&hellip;\n","protected":false},"author":2,"featured_media":372876,"comment_status":"","ping_status":"","sticky":false,"template":"","format":"standard","meta":{"footnotes":"","_share_on_mastodon":"0"},"categories":[12],"tags":[65382,72344,40283,67275,14845,54642,40,41,2859,84412,39,2112,66,65,64],"class_list":["post-372875","post","type-post","status-publish","format-standard","has-post-thumbnail","category-welt","tag-abelardo-de-la-espriella","tag-cali","tag-erdbeben","tag-katastrophenhilfe","tag-kolumbien","tag-mitgefuehl","tag-nachrichten","tag-news","tag-papst-leo-xiv","tag-pereira","tag-schlagzeilen","tag-vatikan","tag-welt","tag-world","tag-world-news"],"share_on_mastodon":{"url":"https:\/\/pubeurope.com\/@at\/117207395729343898","error":""},"_links":{"self":[{"href":"https:\/\/www.europesays.com\/at\/wp-json\/wp\/v2\/posts\/372875","targetHints":{"allow":["GET"]}}],"collection":[{"href":"https:\/\/www.europesays.com\/at\/wp-json\/wp\/v2\/posts"}],"about":[{"href":"https:\/\/www.europesays.com\/at\/wp-json\/wp\/v2\/types\/post"}],"author":[{"embeddable":true,"href":"https:\/\/www.europesays.com\/at\/wp-json\/wp\/v2\/users\/2"}],"replies":[{"embeddable":true,"href":"https:\/\/www.europesays.com\/at\/wp-json\/wp\/v2\/comments?post=372875"}],"version-history":[{"count":0,"href":"https:\/\/www.europesays.com\/at\/wp-json\/wp\/v2\/posts\/372875\/revisions"}],"wp:featuredmedia":[{"embeddable":true,"href":"https:\/\/www.europesays.com\/at\/wp-json\/wp\/v2\/media\/372876"}],"wp:attachment":[{"href":"https:\/\/www.europesays.com\/at\/wp-json\/wp\/v2\/media?parent=372875"}],"wp:term":[{"taxonomy":"category","embeddable":true,"href":"https:\/\/www.europesays.com\/at\/wp-json\/wp\/v2\/categories?post=372875"},{"taxonomy":"post_tag","embeddable":true,"href":"https:\/\/www.europesays.com\/at\/wp-json\/wp\/v2\/tags?post=372875"}],"curies":[{"name":"wp","href":"https:\/\/api.w.org\/{rel}","templated":true}]}}