{"id":372895,"date":"2026-09-03T13:56:09","date_gmt":"2026-09-03T13:56:09","guid":{"rendered":"https:\/\/www.europesays.com\/at\/372895\/"},"modified":"2026-09-03T13:56:09","modified_gmt":"2026-09-03T13:56:09","slug":"ifa-2026-xgimi-praesentiert-mit-der-aura-3-serie-die-weltweit-ersten-4k-120-hz-ust-projektoren","status":"publish","type":"post","link":"https:\/\/www.europesays.com\/at\/372895\/","title":{"rendered":"IFA 2026: XGIMI pr\u00e4sentiert mit der Aura 3 Serie die weltweit ersten 4K 120 Hz UST Projektoren"},"content":{"rendered":"<p>Berlin (OTS) &#8211;\u00a0<\/p>\n<p><a href=\"https:\/\/us.xgimi.com\/\" rel=\"nofollow noopener\" target=\"_blank\">XGIMI<\/a> stellt seine neue AURA 3-Serie (AURA 3 Max und AURA 3 Pro) auf der IFA 2026 vor &#8211; die n\u00e4chste Generation des Heimkinos. Vom 4. bis 8. September 2026 k\u00f6nnen Besucher:innen in Halle 21, Stand H21-111, die AURA 3-Serie in immersiven, wohnraum\u00e4hnlichen Umgebungen erleben, die zeigen, wie sich ein erstklassiges Gro\u00dfbild-Kinoerlebnis nahtlos in den Alltag integrieren l\u00e4sst.<\/p>\n<p>Als Flaggschiff der neuen AURA 3-Serie vereint der AURA 3 Max fortschrittliche Bildqualit\u00e4t, immersiven Klang und flexible Unterhaltungsm\u00f6glichkeiten in einem Design. Dank seines Ultra-Kurzdistanz-Designs projiziert er ein 120-Zoll-Bild aus 8 Zoll (circa 20 cm) Entfernung zur Wand, sodass er platzsparend auf einem Fernsehschrank Platz findet und gleichzeitig ein immersives Gro\u00dfbild-Erlebnis bietet. Auf der IFA wird der AURA 3 Max gemeinsam mit der ausfahrbaren Leinwand XGIMI Ascend pr\u00e4sentiert und demonstriert so eine vollwertige Kinoanlage.<\/p>\n<p>Am Stand k\u00f6nnen Besucher:innen die AURA 3-Serie in exklusiv gestalteten Wohn- und Esszimmerumgebungen und erleben, wie sich Premium-Projektion nahtlos in den Wohnraum integrieren lassen. Von Filmabenden und Live-Sport\u00fcbertragungen bis hin zu Gaming und Streaming pr\u00e4sentieren die R\u00e4ume reale Unterhaltungsszenarien. Zudem wird die integrierte XGIMI WALL-App leere W\u00e4nde in eine lebendige Leinwand mit kuratierten digitalen Kunstwerken verwandeln, wenn der Projektor nicht in Gebrauch ist.<\/p>\n<p>Als weltweit erste Ultrakurzdistanz-Projektor-Reihe setzt die Serie auf die Dynamic-Dual-Iris-Technologie. Zwei dynamisch gesteuerte optische Blenden regulieren dabei den Lichteinfall pr\u00e4zise und sorgen f\u00fcr tiefere Schwarzt\u00f6ne und einen h\u00f6heren Kontrast. Eine RGB-Triple-Laser-Lichtquelle und der neue X-VISION AI-Bildprozessor von XGIMI sorgen f\u00fcr eine hohe Bildqualit\u00e4t, w\u00e4hrend sich das Design der Projektoren an modernen M\u00f6beln orientiert.<\/p>\n<p>Highlights der AURA 3-Serie:<\/p>\n<p>                  Weltweit erste 4K 120 Hz UST- Projektor Serie<br \/>\n                  RGB-Triple-Laser-Lichtquelle<br \/>\n                  Weltweit erstes optisches Dual-Iris-System in einer Ultra-Kurzdistanz-Projektor-Reihe<br \/>\n                  Bis zu 5.700 ISO-Lumen (AURA 3 Max) \/ 4.100 ISO-Lumen (AURA 3 Pro)<br \/>\n                  Bis zu 8.000:1 nativer Kontrast<br \/>\n                  Echtes 4K-Gaming mit 120 Hz, VRR und ALLM<br \/>\n                  X-VISION AI-Bildprozessor<br \/>\n                  Integriertes Google TV<br \/>\n                  Dolby Vision\u00ae, HDR10+, HLG, IMAX Enhanced und Filmmaker-Modus<br \/>\n                  Anti-RBE-Technologie zur Reduzierung des Regenbogeneffekts sowohl in 2D als auch in 3D<br \/>\n                  Kino-3D mit zwei mitgelieferten 3D-Brillen<br \/>\n                  80-W-Harman-Kardon-Lautsprecher mit Dolby Atmos<br \/>\n                  Projektionsverh\u00e4ltnis von 0,163:1<br \/>\n                  Ultrakurzdistanzprojektion bis zu 200 Zoll<\/p>\n<p>Verf\u00fcgbarkeit und Preise<\/p>\n<p>Die AURA-3-Serie startet am 20. Oktober 2026 auf Kickstarter; exklusive Vorbestellungen sind ab sofort unter <a href=\"https:\/\/de.xgimi.com\/products\/aura-3-series-deposit-reservation\" rel=\"nofollow noopener\" target=\"_blank\"><a href=\"https:\/\/de.xgimi.com\/products\/aura-3-series-deposit-reservation\" target=\"_blank\" rel=\"noopener noreferrer nofollow\">https:\/\/de.xgimi.com\/products\/aura-3-series-deposit-reservation<\/a>m\u00f6glich. Durch eine Anzahlung von 50 US-Dollar k\u00f6nnen sich Kunden bereits vor Beginn der Kickstarter-Kampagne einen zus\u00e4tzlichen Rabatt von 200 US-Dollar sichern und erhalten am 20. Oktober per E-Mail einen Launch-Link, um ihre Bestellung f\u00fcr die Ultrakurzdistanz-Projektoren der AURA-3-Serie auf Kickstarter abzuschlie\u00dfen.<\/p>\n<p>Exklusive Kickstarter-Preise:<\/p>\n<p>                  AURA 3 Max: $2,399<br \/>\n                  AURA 3 Pro: $2,199<\/p>\n<p>Besuchen Sie XGIMI auf der IFA 2026<\/p>\n<p>Neben der AURA 3-Serie k\u00f6nnen Besuchende auf der IFA auch Modelle der Titan Noir Serie, den neuesten Premium-Heimkino-Projektor von XGIMI, entdecken. Zusammen spiegeln diese Innovationen den kontinuierlichen Ausbau von XGIMI im Bereich immersiver Unterhaltung und intelligenter Technologie im Alltag wider.<\/p>\n<p>Wann: 4. bis 8. September 2026<\/p>\n<p>Ort: Halle 21, Stand H21-111, Messe Berlin<\/p>\n<p>Weitere Informationen finden Sie unter <a href=\"https:\/\/de.xgimi.com\/\" rel=\"nofollow noopener\" target=\"_blank\">xgimi.com<\/a>.<\/p>\n<p _ngcontent-ng-c2115416006=\"\">Schwartz Public Relations GmbH<br \/>Deniz Sahin \/ Alexander Seiche \/ Inka Kristen Wolf<br \/>Sendlinger Stra\u00dfe 42A<br \/>80331 M\u00fcnchen<br \/>Email: <a href=\"http:\/\/www.ots.at\/cdn-cgi\/l\/email-protection#c3bba4aaaeaa83b0a0abb4a2b1b7b9b3b1eda7a6\" rel=\"nofollow noopener\" target=\"_blank\">[email\u00a0protected]<\/a><br \/>Tel. 089 211 871 -47 \/ -37 \/ -76<br \/><a href=\"https:\/\/www.schwartzpr.de\" target=\"_blank\" rel=\"nofollow noopener\">www.schwartzpr.de<\/a><\/p>\n<p _ngcontent-ng-c2115416006=\"\"> OTS-ORIGINALTEXT PRESSEAUSSENDUNG UNTER AUSSCHLIESSLICHER<br \/>\nINHALTLICHER VERANTWORTUNG DES AUSSENDERS &#8211; WWW.OTS.AT | EUN<\/p>\n","protected":false},"excerpt":{"rendered":"Berlin (OTS) &#8211;\u00a0 XGIMI stellt seine neue AURA 3-Serie (AURA 3 Max und AURA 3 Pro) auf der&hellip;\n","protected":false},"author":2,"featured_media":372896,"comment_status":"","ping_status":"","sticky":false,"template":"","format":"standard","meta":{"footnotes":"","_share_on_mastodon":"0"},"categories":[16],"tags":[26393,26395,46,42,6352,1672,2015,23788,6190,44,26394,59148,97,96,101,98,39279,100,99],"class_list":["post-372895","post","type-post","status-publish","format-standard","has-post-thumbnail","category-wissenschaft-technik","tag-apa","tag-apa-ots","tag-at","tag-austria","tag-bild","tag-einzelhandel","tag-heimkino","tag-ifa","tag-messen","tag-oesterreich","tag-ots","tag-projektor","tag-science","tag-science-technology","tag-technik","tag-technology","tag-unterhaltungselektronik","tag-wissenschaft","tag-wissenschaft-technik"],"share_on_mastodon":{"url":"https:\/\/pubeurope.com\/@at\/117207458321865181","error":""},"_links":{"self":[{"href":"https:\/\/www.europesays.com\/at\/wp-json\/wp\/v2\/posts\/372895","targetHints":{"allow":["GET"]}}],"collection":[{"href":"https:\/\/www.europesays.com\/at\/wp-json\/wp\/v2\/posts"}],"about":[{"href":"https:\/\/www.europesays.com\/at\/wp-json\/wp\/v2\/types\/post"}],"author":[{"embeddable":true,"href":"https:\/\/www.europesays.com\/at\/wp-json\/wp\/v2\/users\/2"}],"replies":[{"embeddable":true,"href":"https:\/\/www.europesays.com\/at\/wp-json\/wp\/v2\/comments?post=372895"}],"version-history":[{"count":0,"href":"https:\/\/www.europesays.com\/at\/wp-json\/wp\/v2\/posts\/372895\/revisions"}],"wp:featuredmedia":[{"embeddable":true,"href":"https:\/\/www.europesays.com\/at\/wp-json\/wp\/v2\/media\/372896"}],"wp:attachment":[{"href":"https:\/\/www.europesays.com\/at\/wp-json\/wp\/v2\/media?parent=372895"}],"wp:term":[{"taxonomy":"category","embeddable":true,"href":"https:\/\/www.europesays.com\/at\/wp-json\/wp\/v2\/categories?post=372895"},{"taxonomy":"post_tag","embeddable":true,"href":"https:\/\/www.europesays.com\/at\/wp-json\/wp\/v2\/tags?post=372895"}],"curies":[{"name":"wp","href":"https:\/\/api.w.org\/{rel}","templated":true}]}}