{"id":372901,"date":"2026-09-03T13:59:16","date_gmt":"2026-09-03T13:59:16","guid":{"rendered":"https:\/\/www.europesays.com\/at\/372901\/"},"modified":"2026-09-03T13:59:16","modified_gmt":"2026-09-03T13:59:16","slug":"nach-drohnenvorwuerfen-russischer-aussenminister-kuendigt-konsequenzen-an-vienna-at","status":"publish","type":"post","link":"https:\/\/www.europesays.com\/at\/372901\/","title":{"rendered":"Nach Drohnenvorw\u00fcrfen: Russischer Au\u00dfenminister k\u00fcndigt Konsequenzen an &#8211; VIENNA.AT"},"content":{"rendered":"<p><a href=\"https:\/\/news.google.com\/rss\/articles\/CBMipgFBVV95cUxOMk56U0JBa04xVVM1YlpNRzRoazZndXlZRGpjVnk5cldGS29tdERVR1FVOVgzUnAtY0FYUUI0aU9YY0I5SkFJaHlHa2ZwR0MxNDRvMVRSSm51X0tmOUtWMXRQc1RJVFFObkFEbFB5VmJWczVSTlNYUC0yWE1VcmlpRGhlUnJEOU1adW1aX05iUmFSbjVWTDR4ZENycDZuYmt3X29FclNR?oc=5\" target=\"_blank\" rel=\"nofollow noopener\">Nach Drohnenvorw\u00fcrfen: Russischer Au\u00dfenminister k\u00fcndigt Konsequenzen an<\/a>&nbsp;&nbsp;VIENNA.AT<a href=\"https:\/\/news.google.com\/rss\/articles\/CBMiRkFVX3lxTFBHZzIxQ0hmWGsxTWdiUGpoTG84NVdZSTA4dkpzQnBjS2RVUkFIbXBnbU9vV0JxZHBEUnU3dEJESU9QQXZRQmc?oc=5\" target=\"_blank\" rel=\"nofollow noopener\">Leipzig-Drohne: Russland reagiert mit Gegenma\u00dfnahmen<\/a>&nbsp;&nbsp;ORF<a href=\"https:\/\/news.google.com\/rss\/articles\/CBMipAFBVV95cUxNOGlaMEFsMFVrSnYyQ2ZZV0J5M0pIcXZLN0VWd1hyODB1THJNelFVZk1qNlMtRzk1dXJ6X0NQbzM5cjN3NkR3VWttZUE3enZjcjltN2VLN1MtaFdjSGJ4NUszVlNZUTNBbTlWV0JhNjVIYmVWQnJ3ZThZMTd0QjFRNVpkUkFUYTZhLTMyTGh1cDA5SExwemQ1YXRQRkJ4LW1nb3dGSg?oc=5\" target=\"_blank\" rel=\"nofollow noopener\">Drohnenvorfall: Russische Regierung k\u00fcndigt Schlie\u00dfung von Goethe-Instituten an<\/a>&nbsp;&nbsp;DIE ZEIT<a href=\"https:\/\/news.google.com\/rss\/articles\/CBMi3AFBVV95cUxPWjJQdkJYcmF6ZTJnaXR5b2xJQlkxeVRkejRmbGlxX1AtbDN6VGxtYmhocmFJX1k3V1htX1UySHZMMVB4V2pWMi1YNEZldG1nSGVxTnFJQmYwN01rTU5rN2V1QTVOUktJMmo4c2NxQ2c3Qm9KMnZldXU0NGZQcEVEOTRzelZLdDlSblRxZnk3Tkl4ekVwTWRfeUliVGpBdmpOSFR0OGJ6cHlPX2dnaEhyNzFHaHFHcXFrcTBiTC1WeE9vd2xZRWdFd09nOExmenFQa040STIxLU5lX3Rt?oc=5\" target=\"_blank\" rel=\"nofollow noopener\">Ukraine-Krieg: Russland schlie\u00dft nach Drohnen-Vorw\u00fcrfen Goethe-Niederlassungen<\/a>&nbsp;&nbsp;Handelsblatt<a href=\"https:\/\/news.google.com\/rss\/articles\/CBMihgFBVV95cUxQRUZUQ2pyZGNaMTNyaC1NZ0l0SEVScnF5LWNpZWhGZ3JpanBKTHRUZk01MUp3Si1hWF8yNGxuclJETnVBbVcxZXo1U0lsVk9rTFRRckJpOG1wVUc4cW5QZ0xoY3hsWmpMWjg4Q3gzN2FXb1J5U1A1eWNSY3pWM28ybGRYSl9Vdw?oc=5\" target=\"_blank\" rel=\"nofollow noopener\">Nach deutschen Strafma\u00dfnahmen: Goethe-Institut in Russland wird geschlossen<\/a>&nbsp;&nbsp;tagesschau.de<\/p>\n","protected":false},"excerpt":{"rendered":"Nach Drohnenvorw\u00fcrfen: Russischer Au\u00dfenminister k\u00fcndigt Konsequenzen an&nbsp;&nbsp;VIENNA.ATLeipzig-Drohne: Russland reagiert mit Gegenma\u00dfnahmen&nbsp;&nbsp;ORFDrohnenvorfall: Russische Regierung k\u00fcndigt Schlie\u00dfung von Goethe-Instituten an&nbsp;&nbsp;DIE&hellip;\n","protected":false},"author":2,"featured_media":372902,"comment_status":"","ping_status":"","sticky":false,"template":"","format":"standard","meta":{"footnotes":"","_share_on_mastodon":"0"},"categories":[12],"tags":[245,93374,257,93375,93180,93376,2741,40,41,269,93223,1963,39,1023,66,65,64],"class_list":["post-372901","post","type-post","status-publish","format-standard","has-post-thumbnail","category-welt","tag-berlin","tag-deutsch-russische-beziehungen","tag-deutschland","tag-drohnen-vorfall","tag-goethe-institut","tag-leipzig-halle","tag-moskau","tag-nachrichten","tag-news","tag-politik","tag-russisches-haus","tag-russland","tag-schlagzeilen","tag-sergej-lawrow","tag-welt","tag-world","tag-world-news"],"share_on_mastodon":{"url":"https:\/\/pubeurope.com\/@at\/117207470247371627","error":""},"_links":{"self":[{"href":"https:\/\/www.europesays.com\/at\/wp-json\/wp\/v2\/posts\/372901","targetHints":{"allow":["GET"]}}],"collection":[{"href":"https:\/\/www.europesays.com\/at\/wp-json\/wp\/v2\/posts"}],"about":[{"href":"https:\/\/www.europesays.com\/at\/wp-json\/wp\/v2\/types\/post"}],"author":[{"embeddable":true,"href":"https:\/\/www.europesays.com\/at\/wp-json\/wp\/v2\/users\/2"}],"replies":[{"embeddable":true,"href":"https:\/\/www.europesays.com\/at\/wp-json\/wp\/v2\/comments?post=372901"}],"version-history":[{"count":0,"href":"https:\/\/www.europesays.com\/at\/wp-json\/wp\/v2\/posts\/372901\/revisions"}],"wp:featuredmedia":[{"embeddable":true,"href":"https:\/\/www.europesays.com\/at\/wp-json\/wp\/v2\/media\/372902"}],"wp:attachment":[{"href":"https:\/\/www.europesays.com\/at\/wp-json\/wp\/v2\/media?parent=372901"}],"wp:term":[{"taxonomy":"category","embeddable":true,"href":"https:\/\/www.europesays.com\/at\/wp-json\/wp\/v2\/categories?post=372901"},{"taxonomy":"post_tag","embeddable":true,"href":"https:\/\/www.europesays.com\/at\/wp-json\/wp\/v2\/tags?post=372901"}],"curies":[{"name":"wp","href":"https:\/\/api.w.org\/{rel}","templated":true}]}}