{"id":372903,"date":"2026-09-03T14:00:12","date_gmt":"2026-09-03T14:00:12","guid":{"rendered":"https:\/\/www.europesays.com\/at\/372903\/"},"modified":"2026-09-03T14:00:12","modified_gmt":"2026-09-03T14:00:12","slug":"gstoettner-ad-tomaselli-populismus-schafft-weder-wohlstand-noch-soziale-gerechtigkeit","status":"publish","type":"post","link":"https:\/\/www.europesays.com\/at\/372903\/","title":{"rendered":"Gst\u00f6ttner ad Tomaselli: \u201ePopulismus schafft weder Wohlstand noch soziale Gerechtigkeit\u201c"},"content":{"rendered":"<p>Wien (OTS) &#8211;\u00a0<\/p>\n<p>\u201eDas von Bundeskanzler Christian Stocker vorgeschlagene Zukunftsdepot zielt darauf ab, dass Familien, die f\u00fcr ihre Kinder sparen wollen, steuerlich entlastet werden. Die Befreiung von der Kapitalertragsteuer gilt f\u00fcr alle und unabh\u00e4ngig vom eingezahlten Betrag\u201c, stellt \u00d6VP-Generalsekret\u00e4r Markus Gst\u00f6ttner klar, der weiter erkl\u00e4rt: \u201eDie \u00d6sterreichische Volkspartei will ein Land, in dem sich Menschen Eigentum schaffen und aus eigener Kraft etwas aufbauen k\u00f6nnen. Das Zukunftsdepot legt den Grundstein daf\u00fcr: Wenn man beispielsweise 50 Euro im Monat \u2013 also 600 Euro im Jahr \u2013 auf das Zukunftsdepot einzahlt, hat das Kind zum 18. Geburtstag bei einer durchschnittlichen Rendite rund 21.000 Euro auf dem Konto. F\u00fcr eine junge Familie kann das die Anzahlung f\u00fcr ein Eigenheim sein. Durch die Steuerbefreiung erspart man sich bei der Entnahme des Geldes hier rund 2.800 Euro.\u201c<\/p>\n<p>\u201eWir als \u00d6sterreichische Volkspartei wollen, dass alle Menschen von nachhaltiger Anlage am Kapitalmarkt profitieren k\u00f6nnen \u2013 ungeachtet des Einkommens. Wenn Eltern f\u00fcr k\u00fcnftige Generationen vorsorgen wollen, soll der Staat dies nicht belasten. Das ist sozial gerecht und unterst\u00fctzt ein selbstbestimmtes Leben. Das Sch\u00fcren von Neiddebatten hingegen hilft niemandem\u201c, so Gst\u00f6ttner abschlie\u00dfend.<\/p>\n<p _ngcontent-ng-c2115416006=\"\"> OTS-ORIGINALTEXT PRESSEAUSSENDUNG UNTER AUSSCHLIESSLICHER<br \/>\nINHALTLICHER VERANTWORTUNG DES AUSSENDERS &#8211; WWW.OTS.AT | NVP<\/p>\n","protected":false},"excerpt":{"rendered":"Wien (OTS) &#8211;\u00a0 \u201eDas von Bundeskanzler Christian Stocker vorgeschlagene Zukunftsdepot zielt darauf ab, dass Familien, die f\u00fcr ihre&hellip;\n","protected":false},"author":2,"featured_media":372904,"comment_status":"","ping_status":"","sticky":false,"template":"","format":"standard","meta":{"footnotes":"","_share_on_mastodon":"0"},"categories":[6],"tags":[26393,26395,46,42,90159,682,44,26394,413,43,45,2227,27359,93377],"class_list":["post-372903","post","type-post","status-publish","format-standard","has-post-thumbnail","category-oesterreich","tag-apa","tag-apa-ots","tag-at","tag-austria","tag-gstoettner","tag-innenpolitik","tag-oesterreich","tag-ots","tag-oevp","tag-republic-of-austria","tag-republik-oesterreich","tag-stocker","tag-tomaselli","tag-zukunftsdepot"],"share_on_mastodon":{"url":"https:\/\/pubeurope.com\/@at\/117207474237126522","error":""},"_links":{"self":[{"href":"https:\/\/www.europesays.com\/at\/wp-json\/wp\/v2\/posts\/372903","targetHints":{"allow":["GET"]}}],"collection":[{"href":"https:\/\/www.europesays.com\/at\/wp-json\/wp\/v2\/posts"}],"about":[{"href":"https:\/\/www.europesays.com\/at\/wp-json\/wp\/v2\/types\/post"}],"author":[{"embeddable":true,"href":"https:\/\/www.europesays.com\/at\/wp-json\/wp\/v2\/users\/2"}],"replies":[{"embeddable":true,"href":"https:\/\/www.europesays.com\/at\/wp-json\/wp\/v2\/comments?post=372903"}],"version-history":[{"count":0,"href":"https:\/\/www.europesays.com\/at\/wp-json\/wp\/v2\/posts\/372903\/revisions"}],"wp:featuredmedia":[{"embeddable":true,"href":"https:\/\/www.europesays.com\/at\/wp-json\/wp\/v2\/media\/372904"}],"wp:attachment":[{"href":"https:\/\/www.europesays.com\/at\/wp-json\/wp\/v2\/media?parent=372903"}],"wp:term":[{"taxonomy":"category","embeddable":true,"href":"https:\/\/www.europesays.com\/at\/wp-json\/wp\/v2\/categories?post=372903"},{"taxonomy":"post_tag","embeddable":true,"href":"https:\/\/www.europesays.com\/at\/wp-json\/wp\/v2\/tags?post=372903"}],"curies":[{"name":"wp","href":"https:\/\/api.w.org\/{rel}","templated":true}]}}