{"id":372909,"date":"2026-09-03T14:09:12","date_gmt":"2026-09-03T14:09:12","guid":{"rendered":"https:\/\/www.europesays.com\/at\/372909\/"},"modified":"2026-09-03T14:09:12","modified_gmt":"2026-09-03T14:09:12","slug":"bauer-sucht-frau-star-anna-heiser-gibt-roomtour-so-wohnt-sie-mit-ihrer-familie-in-polen","status":"publish","type":"post","link":"https:\/\/www.europesays.com\/at\/372909\/","title":{"rendered":"Bauer sucht Frau-Star Anna Heiser gibt Roomtour: So wohnt sie mit ihrer Familie in Polen"},"content":{"rendered":"<p>Seit einem Jahr in Polen\u00a0Anna Heiser \u00f6ffnet die T\u00fcr zu ihrem Familiennest <\/p>\n<p class=\"AnnotatedMarkup_paragraph__IUT9l\">Nicht perfekt, aber ihr Zuhause!\u00a0<br \/>Vor genau einem Jahr begann f\u00fcr ihre Familie ein neues Leben in Polen. Jetzt nimmt der \u201eBauer sucht Frau\u201d-Star Anna Heiser die Fans mit durch ihr Haus und zeigt, warum gerade die kleinen unperfekten Details dieses Zuhause so besonders machen.<\/p>\n<p>Anna Heiser wollte eigentlich auf den perfekten Moment warten<\/p>\n<p class=\"AnnotatedMarkup_paragraph__IUT9l\">Ein Umzugswagen f\u00e4hrt vor, die ersten Renovierungsarbeiten beginnen und nach und nach zieht Leben in die neuen R\u00e4ume ein. Ein Jahr nach ihrem Neustart in Polen blickt Anna Heiser (36) zur\u00fcck und nimmt ihre Instagram-Fans mit auf eine ausf\u00fchrliche Roomtour. Zu sehen sind unter anderem die liebevoll eingerichteten Kinderzimmer, die offene K\u00fcche samt Wohnzimmer und gem\u00fctlicher Couch, der Flur und auch das Schlafzimmer. Doch die zweifache Mutter zeigt dabei kein perfekt durchgestyltes Vorzeigehaus. Ganz im Gegenteil. Genau darin steckt f\u00fcr sie die eigentliche Geschichte dieses Ortes.<\/p>\n<p><img alt=\"Bei der Roomtour verr\u00e4t Anna Heiser, warum auch Erinnerungen aus Namibia mitgezogen sind.\" fetchpriority=\"auto\" loading=\"lazy\" width=\"940\" height=\"529\" decoding=\"async\" data-nimg=\"1\" class=\"Image_image__SdgLQ Picture_image__vGN9W\" style=\"color:transparent\"   src=\"https:\/\/www.europesays.com\/at\/wp-content\/uploads\/2026\/09\/unbenannt-02-september-2026-um-165517.webp\"\/><\/p>\n<p>Auch Erinnerungen aus Namibia haben bei Anna und Gerald Heiser in Polen einen Platz gefunden. <\/p>\n<p>RTL \/ Instagram_annaheiser<\/p>\n<p class=\"AnnotatedMarkup_paragraph__IUT9l\">Lange habe sie gez\u00f6gert, ihr Zuhause zu zeigen. Erst sollten alle M\u00f6bel ihren Platz finden, die Spiegel h\u00e4ngen und die letzten Arbeiten erledigt sein. Doch irgendwann wurde Anna klar, dass dieser vermeintlich perfekte Augenblick wohl nie kommen w\u00fcrde.<\/p>\n<p class=\"AnnotatedMarkup_paragraph__IUT9l\">\u201eDieser Moment kam nicht\u201c, schreibt sie offen bei Instagram. Noch immer warten Bilderrahmen darauf, aufgeh\u00e4ngt zu werden. Spielzeug liegt herum, kleine H\u00e4nde haben ihre Spuren an den W\u00e4nden hinterlassen und M\u00f6bel wurden inzwischen mit Stickern verziert. Sogar eine neue kleine Baustelle gibt es im Haus. F\u00fcr Anna Heiser ist genau das inzwischen kein Makel mehr. Vielmehr zeigt es ihr, wie sehr sich das zun\u00e4chst fremde Haus innerhalb eines Jahres ver\u00e4ndert hat. \u201eUnd das ist genau der Punkt. Dass dieses Haus, das vollkommen fremd war, in diesem einem Jahr zu unserem Zuhause geworden ist\u201d, so die 36-J\u00e4hrige.<\/p>\n<p class=\"AnnotatedMarkup_paragraph__IUT9l\">Lese-Tipp: <a href=\"https:\/\/www.rtl.de\/unterhaltung\/stars\/gerald-und-anna-heiser-haben-endlich-eine-diagnose-fuer-ihre-kranke-tochter-alina-id31103876.html\" target=\"_self\" rel=\"nofollow noopener\">Gerald und Anna Heiser haben endlich eine Diagnose f\u00fcr ihre kranke Tochter<\/a><\/p>\n<p>Im Video: \u201eWut und Emotionen hochgekocht!\u201d Anna Heiser \u00fcber Respekt in der Ehekrise<\/p>\n<p>01:47 min<\/p>\n<p>\u201eBauer sucht Frau&#8220;-Star stellt sich Fan-Fragen<\/p>\n<p>\u201eWut und Emotionen hochgekocht!&#8220; Anna Heiser \u00fcber Respekt in der Ehekrise<\/p>\n<p>Anzeige:<\/p>\n<p>Empfehlungen unserer Partner<\/p>\n<p>Erinnerungen aus Namibia bekommen einen neuen Platz<\/p>\n<p class=\"AnnotatedMarkup_paragraph__IUT9l\">Besonders emotional ist f\u00fcr Anna der Blick auf einige M\u00f6belst\u00fccke. Denn die Familie hat beim Umzug vieles aus Namibia mit nach Polen genommen. Dabei wollte sie genau das zun\u00e4chst vermeiden. Anna Heiser wollte nach dem gro\u00dfen Umbruch offenbar einen klaren Schnitt und m\u00f6glichst wenig aus ihrem alten Leben mitnehmen. \u201eHeute bin ich froh, dass Gerald mich davon \u00fcberzeugt hat. Denn zwischen all dem Neuen stehen jetzt Dinge, die schon Teil unseres alten Lebens waren. M\u00f6bel, an denen Erinnerungen h\u00e4ngen\u201d, sagt sie.<\/p>\n<p class=\"AnnotatedMarkup_paragraph__IUT9l\">Verwendete Quelle: <a rel=\"noopener noreferrer nofollow\" href=\"https:\/\/www.instagram.com\/annaheiser\/\" target=\"_blank\">Instagram_annaheiser<\/a><\/p>\n<p><script async src=\"\/\/www.instagram.com\/embed.js\"><\/script><\/p>\n","protected":false},"excerpt":{"rendered":"Seit einem Jahr in Polen\u00a0Anna Heiser \u00f6ffnet die T\u00fcr zu ihrem Familiennest Nicht perfekt, aber ihr Zuhause!\u00a0Vor genau&hellip;\n","protected":false},"author":2,"featured_media":372910,"comment_status":"","ping_status":"","sticky":false,"template":"","format":"standard","meta":{"footnotes":"","_share_on_mastodon":"0"},"categories":[25],"tags":[90996,93378,46,42,712,175,653,147,93379,649,44,3734,647,652,651,39,156,155,650,148,648],"class_list":["post-372909","post","type-post","status-publish","format-standard","has-post-thumbnail","category-serien","tag-ah-analytics","tag-anna-heiser","tag-at","tag-austria","tag-bauer-sucht-frau","tag-celebrities","tag-ems_unterhaltung_stars","tag-entertainment","tag-gerald-heiser","tag-klatsch-und-tratsch","tag-oesterreich","tag-polen","tag-promi-news","tag-promi-news-aktuell","tag-promis","tag-schlagzeilen","tag-serien","tag-series","tag-star-news","tag-unterhaltung","tag-vip-news"],"share_on_mastodon":{"url":"https:\/\/pubeurope.com\/@at\/117207510238270307","error":""},"_links":{"self":[{"href":"https:\/\/www.europesays.com\/at\/wp-json\/wp\/v2\/posts\/372909","targetHints":{"allow":["GET"]}}],"collection":[{"href":"https:\/\/www.europesays.com\/at\/wp-json\/wp\/v2\/posts"}],"about":[{"href":"https:\/\/www.europesays.com\/at\/wp-json\/wp\/v2\/types\/post"}],"author":[{"embeddable":true,"href":"https:\/\/www.europesays.com\/at\/wp-json\/wp\/v2\/users\/2"}],"replies":[{"embeddable":true,"href":"https:\/\/www.europesays.com\/at\/wp-json\/wp\/v2\/comments?post=372909"}],"version-history":[{"count":0,"href":"https:\/\/www.europesays.com\/at\/wp-json\/wp\/v2\/posts\/372909\/revisions"}],"wp:featuredmedia":[{"embeddable":true,"href":"https:\/\/www.europesays.com\/at\/wp-json\/wp\/v2\/media\/372910"}],"wp:attachment":[{"href":"https:\/\/www.europesays.com\/at\/wp-json\/wp\/v2\/media?parent=372909"}],"wp:term":[{"taxonomy":"category","embeddable":true,"href":"https:\/\/www.europesays.com\/at\/wp-json\/wp\/v2\/categories?post=372909"},{"taxonomy":"post_tag","embeddable":true,"href":"https:\/\/www.europesays.com\/at\/wp-json\/wp\/v2\/tags?post=372909"}],"curies":[{"name":"wp","href":"https:\/\/api.w.org\/{rel}","templated":true}]}}