{"id":372917,"date":"2026-09-03T14:14:08","date_gmt":"2026-09-03T14:14:08","guid":{"rendered":"https:\/\/www.europesays.com\/at\/372917\/"},"modified":"2026-09-03T14:14:08","modified_gmt":"2026-09-03T14:14:08","slug":"von-der-mur-in-die-tiroler-berge-cup-do-or-die-in-kitzbuehel","status":"publish","type":"post","link":"https:\/\/www.europesays.com\/at\/372917\/","title":{"rendered":"Von der Mur in die Tiroler Berge: Cup-Do-or-Die in Kitzb\u00fchel"},"content":{"rendered":"<p>Kitzb\u00fchel im Sp\u00e4tsommer: Normalerweise steht die Gamsstadt f\u00fcr Promis, Hahnenkamm und Schickeria. Am Sonntagnachmittag z\u00e4hlt f\u00fcr unseren GAK im Sportstadion Kitzb\u00fchel Langau allerdings nur ein Wert: Voller Einsatz auf dem Rasen. In der 2. Runde des UNIQA \u00d6FB Cups geht es ab 16:00 Uhr gegen den FC Powerspine Kitzb\u00fchel um nichts weniger als den Einzug ins Achtelfinale.<\/p>\n<p>Nach dem souver\u00e4nen Auftakterfolg in Wien-Donaufeld will unsere Mannschaft auch im Tiroler Unterland nachlegen. Die Ausgangslage ist klar gesteckt: Als Bundesligist reisen wir nat\u00fcrlich als Favorit in die Berge. Doch wer den Cup kennt, wei\u00df genau um die Stolpersteine gegen giftige Regionalligisten. Auf unsere Roten wartet ein hochmotivierter Gegner, der vor heimischem Publikum \u00fcber sich hinauswachsen will. Cheftrainer Gerald Scheiblehner ist sich im Klaren dar\u00fcber, was es braucht, um der Favoritenrolle gerecht zu werden.<\/p>\n<p>\u201eNat\u00fcrlich wollen und m\u00fcssen wir uns auf den Gegner gut vorbereiten. Wir wissen um die Schwierigkeit aufzusteigen \u2013 in jeder Runde. Aber ich denke, wenn wir dort anschlie\u00dfen, wo wir gegen den WAC aufgeh\u00f6rt, dann haben wir gute Chancen. Das ist die Idee und so wollen wir das Spiel angehen.<\/p>\n<p>Personelle Lage vor dem Cup-Duell: Trio f\u00e4llt aus<\/p>\n<p>Unser Trainerteam muss beim Cup-Spiel in Kitzb\u00fchel auf drei Spieler verzichten: Unser Au\u00dfenbahnspieler Tim Trummer verpasst die Partie aufgrund seiner Oberschenkelverletzung, die er sich ausgerechnet beim Torerfolg in der 1. Cup-Runde zugezogen hat. Er befindet sich weiterhin im Reha-Prozess und steht als Langzeitverletzter vorerst nicht zur Verf\u00fcgung. Anthony Smits und Souleyman Mandey fallen verletzungsbedingt ebenfalls aus und stehen f\u00fcr das Match am Sonntag nicht im Aufgebot.<\/p>\n<p>Ausw\u00e4rts-Roadtrip: Wichtige Infos f\u00fcr die Anreise nach Tirol<\/p>\n<p>F\u00fcr alle mitreisenden GAK-Fans gibt es rund um den Spieltag einige wichtige organisatorische Punkte zu beachten:<\/p>\n<p>Verkehr &amp; Anreise (Achtung Zeitverz\u00f6gerungen!):<\/p>\n<p>Radmarathon: Zwischen 11:30 Uhr und 12:00 Uhr ist die Spitzengruppe des Radmarathons von W\u00f6rgl Richtung Reith\/Kitzb\u00fchel unterwegs.<\/p>\n<p>Stra\u00dfensperre Jochberg: Bei Anreise aus Richtung Mittersill gibt es in Jochberg von 11:45 Uhr bis 12:45 Uhr eine komplette Stra\u00dfensperre aufgrund des Bataillons-Sch\u00fctzenfests. Nach Freigabe der Stra\u00dfe ist mit l\u00e4ngeren Verz\u00f6gerungen zu rechnen \u2013 bitte plant das bei eurer Anreisezeit unbedingt mit ein!<\/p>\n<p>Stadion &amp; Einlass: Der Einlass f\u00fcr unsere Fans ins Sportstadion Kitzb\u00fchel Langau startet ab 14:00 Uhr beim Eingang auf der Kunstrasenseite.<\/p>\n<p>Parkm\u00f6glichkeiten: Ab 14:00 Uhr stehen ausgeschilderte Fan-Parkpl\u00e4tze beim Eurospar (Jochberger Str. 66) sowie beim Tennisstadion bereit. Von dort gelangt ihr bequem \u00fcber die Br\u00fccke beim Billa und den Einfangweg direkt zum Stadion (Fu\u00dfweg ca. 5 Minuten).<\/p>\n<p>Tickets: Eintrittskarten gibt es weiterhin im Online-Vorverkauf sowie direkt vor Ort an der Tageskasse. <a target=\"_blank\" rel=\"noopener noreferrer nofollow\" href=\"https:\/\/www.eventim-light.com\/at\/a\/6a7a046548a5e446be239d3b\">Hier geht\u2019s direkt zum Online-Ticketverkauf.<\/a><\/p>\n<p>Auf geht&#8217;s ins Achtelfinale!<\/p>\n<p>Ein Cupfight in den Tiroler Bergen und eine Mannschaft die brennt: Die Zutaten f\u00fcr einen packenden Cup-Nachmittag stehen bereit. Gemme Rote \u2013 k\u00e4mpfen und siegen! WE ARE GAK!<\/p>\n","protected":false},"excerpt":{"rendered":"Kitzb\u00fchel im Sp\u00e4tsommer: Normalerweise steht die Gamsstadt f\u00fcr Promis, Hahnenkamm und Schickeria. Am Sonntagnachmittag z\u00e4hlt f\u00fcr unseren GAK&hellip;\n","protected":false},"author":2,"featured_media":372918,"comment_status":"","ping_status":"","sticky":false,"template":"","format":"standard","meta":{"footnotes":"","_share_on_mastodon":"0"},"categories":[18],"tags":[46,42,115,113,110,112,111,114,44,109,108,116],"class_list":["post-372917","post","type-post","status-publish","format-standard","has-post-thumbnail","category-sport","tag-at","tag-austria","tag-fussball-graz","tag-gac","tag-gak","tag-gak-1902","tag-grazer-ak","tag-grazer-athletiksport-klub","tag-oesterreich","tag-sport","tag-sports","tag-steiermark"],"share_on_mastodon":{"url":"https:\/\/pubeurope.com\/@at\/117207529079010273","error":""},"_links":{"self":[{"href":"https:\/\/www.europesays.com\/at\/wp-json\/wp\/v2\/posts\/372917","targetHints":{"allow":["GET"]}}],"collection":[{"href":"https:\/\/www.europesays.com\/at\/wp-json\/wp\/v2\/posts"}],"about":[{"href":"https:\/\/www.europesays.com\/at\/wp-json\/wp\/v2\/types\/post"}],"author":[{"embeddable":true,"href":"https:\/\/www.europesays.com\/at\/wp-json\/wp\/v2\/users\/2"}],"replies":[{"embeddable":true,"href":"https:\/\/www.europesays.com\/at\/wp-json\/wp\/v2\/comments?post=372917"}],"version-history":[{"count":0,"href":"https:\/\/www.europesays.com\/at\/wp-json\/wp\/v2\/posts\/372917\/revisions"}],"wp:featuredmedia":[{"embeddable":true,"href":"https:\/\/www.europesays.com\/at\/wp-json\/wp\/v2\/media\/372918"}],"wp:attachment":[{"href":"https:\/\/www.europesays.com\/at\/wp-json\/wp\/v2\/media?parent=372917"}],"wp:term":[{"taxonomy":"category","embeddable":true,"href":"https:\/\/www.europesays.com\/at\/wp-json\/wp\/v2\/categories?post=372917"},{"taxonomy":"post_tag","embeddable":true,"href":"https:\/\/www.europesays.com\/at\/wp-json\/wp\/v2\/tags?post=372917"}],"curies":[{"name":"wp","href":"https:\/\/api.w.org\/{rel}","templated":true}]}}