{"id":372939,"date":"2026-09-03T14:33:15","date_gmt":"2026-09-03T14:33:15","guid":{"rendered":"https:\/\/www.europesays.com\/at\/372939\/"},"modified":"2026-09-03T14:33:15","modified_gmt":"2026-09-03T14:33:15","slug":"in-unterzahl-und-verlaengerung-koenigsklassen-traum-der-eintracht-platzt-in-paris","status":"publish","type":"post","link":"https:\/\/www.europesays.com\/at\/372939\/","title":{"rendered":"In Unterzahl und Verl\u00e4ngerung: K\u00f6nigsklassen-Traum der Eintracht platzt in Paris"},"content":{"rendered":"<p>            <img loading=\"lazy\" decoding=\"async\" class=\"ts-image\" src=\"https:\/\/www.europesays.com\/at\/wp-content\/uploads\/2026\/09\/hr-enttaeuschung-fuer-eintracht-frankfurt-und-laura-freigang-100.jpg\" alt=\"Laura Freigang von den Eintracht Frankfurt Frauen\" title=\"Entt\u00e4uschung f\u00fcr Eintracht Frankfurt und Laura Freigang. | Imago \/ PsnewZ\"\/><\/p>\n<p class=\"metatextline\">Stand: 02.09.2026 \u2022 21:13 Uhr<\/p>\n<p class=\"article-head__shorttext\">\n        Was f\u00fcr ein Drama! Den Eintracht Frankfurt Frauen gelingt gegen Paris St. Germain in Unterzahl der Ausgleich, den Einzug in die Champions League verpassen sie in der Verl\u00e4ngerung dennoch klar.\n    <\/p>\n<p class=\"textabsatz m-ten m-offset-one l-eight l-offset-two columns twelve\">Die Champions League findet in dieser Saison ohne Eintracht Frankfurt statt. Nachdem die M\u00e4nner die K\u00f6nigsklasse in der abgelaufenen Spielzeit bereits meilenweit verpasst hatten, scheiterten die Frauen am Mittwoch denkbar knapp in der Qualifikation.<\/p>\n<p class=\"textabsatz m-ten m-offset-one l-eight l-offset-two columns twelve\">Nach <a href=\"https:\/\/www.hessenschau.de\/sport\/fussball\/eintracht-frankfurt-frauen\/eintracht-frauen-gegen-psg-pfosten-pech-bringt-frankfurt-um-gute-ausgangslage-v1,eintracht-frauen-quali-psg-100.html\" title=\"dem 1:1 im Hinspiel der dritten Quali-Runde gegen Paris St. Germain\" class=\"textlink--extern\" target=\"_blank\" rel=\"noopener nofollow\">dem 1:1 im Hinspiel der dritten Quali-Runde gegen Paris St. Germain<\/a> verloren die Hessinnen das R\u00fcckspiel in Paris am Mittwoch mit 1:5 (1:1, 0:1) nach Verl\u00e4ngerung. Merveille Kanjinga (36.\/95.) und Sakina Karchaoui (76.\/113.) schn\u00fcrten jeweils einen Doppelpack f\u00fcr Paris, Rasheedat Ajibade sorgte f\u00fcr den Endstand (120.). Rebecka Blomqvist (76.) war in Unterzahl der zwischenzeitliche Ausgleich gelungen.<\/p>\n<p>    M\u00fchlhaus muss passen<\/p>\n<p class=\"textabsatz m-ten m-offset-one l-eight l-offset-two columns twelve\">Der Abend in der Stadt der Liebe hatte f\u00fcr die Eintracht bereits mit einer schlechten Nachricht begonnen. Hinspiel-Torsch\u00fctzin Larissa M\u00fchlhaus fehlte aufgrund einer Oberschenkel-Verletzung komplett im Aufgebot, f\u00fcr sie r\u00fcckte die Australierin Hayley Raso in die Startelf.<\/p>\n<p class=\"textabsatz m-ten m-offset-one l-eight l-offset-two columns twelve\">Trotz des bitteren Ausfalls hatte aber tats\u00e4chlich die Mannschaft von Trainer Niko Arnautis die erste Chance des Spiels: Nach einem Freisto\u00df und einem Fehler der Pariser Torh\u00fcterin Katarzyna Kiedrzynek hatte Innenverteidigerin Marthine \u00d6stenstad die F\u00fchrung auf dem Fu\u00df, ihr Schuss wurde jedoch noch geblockt (8.).<\/p>\n<p class=\"textabsatz m-ten m-offset-one l-eight l-offset-two columns twelve\">Besser machten es die Gastgeberinnen in der Schlussphase. Nach einem Konter umkurvte Kanjinga die Frankfurter Keeperin Lina Altenburg und erzielte nach einem ungewollten Doppelpass mit dem Pfosten die umjubelte Pariser F\u00fchrung.<\/p>\n<p>    Eintracht trifft in Unterzahl<\/p>\n<p class=\"textabsatz m-ten m-offset-one l-eight l-offset-two columns twelve\">Nach dem Seitenwechsel dr\u00fcckte die Eintracht etwas mehr auf einen eigenen Treffer, ohne dabei jedoch f\u00fcr enorm viel Torgefahr zu sorgen. Die beste M\u00f6glichkeit lie\u00df Ereleta Memeti ungenutzt (57.), die restlichen Angriffe verpufften meist schon weit vor dem letzten Drittel.<\/p>\n<p class=\"textabsatz m-ten m-offset-one l-eight l-offset-two columns twelve\">Nach 66 Minuten schw\u00e4chten sich die Hessinnen dann zudem erst einmal selbst: Die bereits verwarnte Raso ging zu ungest\u00fcm in einen Zweikampf weit in der gegnerischen H\u00e4lfte und wurde daf\u00fcr \u2013 wohl zu Recht \u2013 mit Gelb-Rot vom Platz gestellt. Eine bittere Szene, die f\u00fcr die Eintracht aber eine aufputschende Wirkung hatte.<\/p>\n<p class=\"textabsatz m-ten m-offset-one l-eight l-offset-two columns twelve\">Nur zehn Minuten nach dem Platzverweis gelang Blomqvist nach einem sehenswerten Doppelpass mit Memeti der Ausgleich und gestaltete damit wieder alles offen. Mehr noch: Paris wirkte in der Folge angeschlagen, die in Unterzahl spielende Eintracht angestachelt. Ein weiterer Treffer, der durchaus m\u00f6glich gewesen w\u00e4re, fiel jedoch nicht. Es ging in die Verl\u00e4ngerung.<\/p>\n<p>    Paris macht alles klar<\/p>\n<p class=\"textabsatz m-ten m-offset-one l-eight l-offset-two columns twelve\">Und dort schwanden bei den Hessinnen dann doch zunehmend die Kr\u00e4fte. Die Eintracht wehrte sich zwar und versuchte vor allem zu Beginn noch einmal alles. Die Pariserinnen nutzten ihre \u00dcberzahl aber perfekt aus und sorgten schnell f\u00fcr klare Verh\u00e4ltnisse.<\/p>\n<p class=\"textabsatz m-ten m-offset-one l-eight l-offset-two columns twelve\">Nach einer Ecke stieg zun\u00e4chst Kanjinga am h\u00f6chsten und brachte ihr Team wieder auf die Siegerstra\u00dfe in Richtung K\u00f6nigsklasse. Sp\u00e4testens nach dem n\u00e4chsten Pariser Tor kurz vor der Halbzeit der Verl\u00e4ngerung durch Karchaoui war die Luft dann endg\u00fcltig raus.<\/p>\n<p class=\"textabsatz m-ten m-offset-one l-eight l-offset-two columns twelve\">Das zu diesem Zeitpunkt l\u00e4ngst ben\u00f6tigte Fu\u00dfball-Wunder blieb aus. Mehr noch: Karchaoui (Foulelfmeter) und Ajibade, die einen Patzer von Eintracht-Torh\u00fcterin Altenburg ausnutzte, schraubten das Ergebnis noch weiter nach oben.<\/p>\n<p class=\"textabsatz m-ten m-offset-one l-eight l-offset-two columns twelve\">Immerhin: Ganz ohne europ\u00e4ischen Fu\u00dfball muss die Eintracht nicht auskommen. Die Verlierer der dritten Qualifikationsrunde d\u00fcrfen wie schon im vergangenen Jahr in der UEFA Women\u2019s Europa Cup antreten.<\/p>\n<p>                                        <a class=\"backlink__link\" href=\"https:\/\/www.hessenschau.de\/sport\/fussball\/eintracht-frankfurt-frauen\/champions-league-traum-der-eintracht-frauen-platzt-in-paris-v1,eintracht-frauen-psg-100.html\" rel=\"nofollow noopener\" target=\"_blank\"><\/p>\n<p>                                                <img decoding=\"async\" src=\"https:\/\/images.sportschau.de\/image\/d5dbef2b-a561-4a5d-8a3f-af75f4c80994\/AAABlap_bik\/AAABnR8VW9w\/original\/lra-hr-logo-100.svg\" alt=\"Hessischer Rundfunk\"\/><\/p>\n<p>                                        <\/a><\/p>\n","protected":false},"excerpt":{"rendered":"Stand: 02.09.2026 \u2022 21:13 Uhr Was f\u00fcr ein Drama! Den Eintracht Frankfurt Frauen gelingt gegen Paris St. Germain&hellip;\n","protected":false},"author":2,"featured_media":372940,"comment_status":"","ping_status":"","sticky":false,"template":"","format":"standard","meta":{"footnotes":"","_share_on_mastodon":"0"},"categories":[18],"tags":[46,42,77,3462,964,6719,44,109,108],"class_list":["post-372939","post","type-post","status-publish","format-standard","has-post-thumbnail","category-sport","tag-at","tag-austria","tag-champions-league","tag-frauen","tag-fussball","tag-hr","tag-oesterreich","tag-sport","tag-sports"],"share_on_mastodon":{"url":"https:\/\/pubeurope.com\/@at\/117207604579757947","error":""},"_links":{"self":[{"href":"https:\/\/www.europesays.com\/at\/wp-json\/wp\/v2\/posts\/372939","targetHints":{"allow":["GET"]}}],"collection":[{"href":"https:\/\/www.europesays.com\/at\/wp-json\/wp\/v2\/posts"}],"about":[{"href":"https:\/\/www.europesays.com\/at\/wp-json\/wp\/v2\/types\/post"}],"author":[{"embeddable":true,"href":"https:\/\/www.europesays.com\/at\/wp-json\/wp\/v2\/users\/2"}],"replies":[{"embeddable":true,"href":"https:\/\/www.europesays.com\/at\/wp-json\/wp\/v2\/comments?post=372939"}],"version-history":[{"count":0,"href":"https:\/\/www.europesays.com\/at\/wp-json\/wp\/v2\/posts\/372939\/revisions"}],"wp:featuredmedia":[{"embeddable":true,"href":"https:\/\/www.europesays.com\/at\/wp-json\/wp\/v2\/media\/372940"}],"wp:attachment":[{"href":"https:\/\/www.europesays.com\/at\/wp-json\/wp\/v2\/media?parent=372939"}],"wp:term":[{"taxonomy":"category","embeddable":true,"href":"https:\/\/www.europesays.com\/at\/wp-json\/wp\/v2\/categories?post=372939"},{"taxonomy":"post_tag","embeddable":true,"href":"https:\/\/www.europesays.com\/at\/wp-json\/wp\/v2\/tags?post=372939"}],"curies":[{"name":"wp","href":"https:\/\/api.w.org\/{rel}","templated":true}]}}