{"id":373011,"date":"2026-09-03T15:34:14","date_gmt":"2026-09-03T15:34:14","guid":{"rendered":"https:\/\/www.europesays.com\/at\/373011\/"},"modified":"2026-09-03T15:34:14","modified_gmt":"2026-09-03T15:34:14","slug":"papst-setzt-der-gewalt-die-liebe-entgegen","status":"publish","type":"post","link":"https:\/\/www.europesays.com\/at\/373011\/","title":{"rendered":"Papst: \u201eSetzt der Gewalt die Liebe entgegen\u201c"},"content":{"rendered":"<p>Papst Leo XIV. hat die Mitglieder der Lateinischen Bischofskonferenz der arabischen Regionen (CELRA) zu einer Audienz im Vatikan empfangen. Seiner Ansprache an die Bisch\u00f6fe, die Seelsorgsregionen von Nordafrika \u00fcber den Nahen Osten bis zur Arabischen Halbinsel vertreten, schickte das Oberhaupt der katholischen Kirche den Apostelgru\u00df voraus: \u201eGnade euch und Friede von Gott\u201c (R\u00f6m 1,7).<\/p>\n<p>     <a href=\"https:\/\/www.vaticannews.va\/de\/papst\/news\/2026-07\/leo-xiv-ruft-in-nahost-zu-dialog-und-politischer-losung-auf.html\" title=\"Leo XIV. ruft in Nahost zu Dialog und politischer L\u00f6sung auf\" rel=\"nofollow noopener\" target=\"_blank\"><\/p>\n<p>        <img decoding=\"async\" src=\"data:image\/gif;base64,R0lGODlhAQABAIAAAAAAAP\/\/\/yH5BAEAAAAALAAAAAABAAEAAAIBRAA7\" data-original=\"https:\/\/www.vaticannews.va\/content\/dam\/vaticannews\/agenzie\/images\/afp\/2026\/07\/26\/09\/1785049257477.jpg\/_jcr_content\/renditions\/cq5dam.thumbnail.cropped.500.281.jpeg\" alt=\"Leo XIV. ruft in Nahost zu Dialog und politischer L\u00f6sung auf\"\/><\/p>\n<p>      <\/a><\/p>\n<p>\n      Papst Leo XIV. hat neuerlich zu einem Ende der Gewalt im Nahen Osten und zur Wiederaufnahme diplomatischer Verhandlungen aufgerufen. Nach dem Angelusgebet am Sonntag in Castel &#8230;\n     <\/p>\n<p>Mario Galgano &#8211; Vatikanstadt<\/p>\n<p>Leo w\u00fcrdigte den Dienst der Geistlichen in einer von politischen, sozialen und religi\u00f6sen Spannungen gepr\u00e4gten Umgebung.<\/p>\n<p>In seiner Rede erinnerte er an die Zeugen des Glaubens, die in der j\u00fcngeren Geschichte der Region ihr Leben lie\u00dfen. Unter ihnen nannte der Papst die im Jemen get\u00f6teten Missionarinnen der N\u00e4chstenliebe. Ebenso schloss er die zahlreichen Priester, Ordensleute und Laien in sein Gedenken ein, die in Irak, Syrien und anderen L\u00e4ndern Opfer von Gewalt wurden. Deren Namen seien der Welt wom\u00f6glich unbekannt, Gott jedoch wohlvertraut. Ihre Standhaftigkeit bleibe ein Orientierungspunkt f\u00fcr die Ortskirchen:<\/p>\n<p>\n   Zum Nachh\u00f6ren &#8211; was der Papst sagte\n  <\/p>\n<p>\u201eIhre Kirchen haben das Zeugnis des Martyriums erlebt.\u201c<\/p>\n<p>\u201eIhre Bischofskonferenz vereint Kirchen aus einem weitl\u00e4ufigen und vielschichtigen Umfeld, die in Kontexten t\u00e4tig sind, die oft von politischen, sozialen und religi\u00f6sen Spannungen gepr\u00e4gt sind. Ihre Kirchen haben das Zeugnis des Martyriums erlebt.\u201c<\/p>\n<p>    <img decoding=\"async\" src=\"data:image\/gif;base64,R0lGODlhAQABAIAAAAAAAP\/\/\/yH5BAEAAAAALAAAAAABAAEAAAIBRAA7\" data-original=\"https:\/\/www.vaticannews.va\/content\/dam\/vaticannews\/agenzie\/images\/srv\/2026\/09\/03\/2026-09-03-membri-della-conferenza-episcopale-latina-delle-regio\/1788430810141.JPG\/_jcr_content\/renditions\/cq5dam.thumbnail.cropped.750.422.jpeg\" alt=\"Die Audienz im Vatikan\" title=\"Die Audienz im Vatikan\"\/><\/p>\n<p>\n   Die Audienz im Vatikan \u00a0 (@VATICAN MEDIA)\n  <\/p>\n<p>Abwanderung und schrumpfende Gemeinden <\/p>\n<p>Angesichts von Abwanderung und schrumpfenden Gemeinden wies der Bischof von Rom auf das Wesen der kirchlichen Sendung hin. Die Fruchtbarkeit des Glaubens bemesse sich nicht an Zahlen, Strukturen oder materiellen Mitteln. Auch eine kleine Gemeinschaft k\u00f6nne Wirksamkeit entfalten, wenn sie im Evangelium verwurzelt bleibe. Der Papst formulierte dabei die Ausrichtung des kirchlichen Dienstes: \u201eNicht weil die Kirche Macht sucht, sondern weil sie dient; nicht weil sie sich aufdr\u00e4ngt, sondern weil sie Zeugnis ablegt; nicht weil sie auf Gewalt mit anderer Gewalt antwortet, sondern weil sie der Macht die Liebe entgegensetzt.\u201c<\/p>\n<p>    <img decoding=\"async\" src=\"data:image\/gif;base64,R0lGODlhAQABAIAAAAAAAP\/\/\/yH5BAEAAAAALAAAAAABAAEAAAIBRAA7\" data-original=\"https:\/\/www.vaticannews.va\/content\/dam\/vaticannews\/agenzie\/images\/srv\/2026\/09\/03\/2026-09-03-membri-della-conferenza-episcopale-latina-delle-regio\/1788430798682.JPG\/_jcr_content\/renditions\/cq5dam.thumbnail.cropped.750.422.jpeg\" alt=\"Die Audienz im Vatikan\" title=\"Die Audienz im Vatikan\"\/><\/p>\n<p>\n   Die Audienz im Vatikan \u00a0 (@VATICAN MEDIA)\n  <\/p>\n<p>Betreuung der Arbeitsmigranten <\/p>\n<p>Einen besonderen Schwerpunkt legte der Pontifex auf die seelsorgliche Betreuung der Arbeitsmigranten, die insbesondere in den Golfstaaten einen Gro\u00dfteil der Katholiken ausmachen. Die Pfarrgemeinden sollten diesen Menschen, die oft getrennt von ihren Familien in Einsamkeit und Unsicherheit leben, eine Heimat bieten. Zudem mahnte das Kirchenoberhaupt zur Weitergabe des Glaubens in den Familien sowie zur St\u00e4rkung der Kinder- und Jugendkatechese:<\/p>\n<p>\u201eHabt keine Angst davor, zu s\u00e4en, ohne sofort die Fr\u00fcchte zu sehen. Das S\u00e4en liegt in eurer Hand; das Wachsen liegt in Gottes Hand. Keine im Namen Christi vollbrachte Tat ist vergeblich: Ein Gebet, ein Wort des Trostes, eine begleitete Familie, ein im Glauben erzogenes Kind, ein aufgenommener Armer \u2013 all das sind Samen einer neuen Zukunft.\u201c<\/p>\n<p>\u201eHabt keine Angst davor, zu s\u00e4en, ohne sofort die Fr\u00fcchte zu sehen.\u201c<\/p>\n<p>Geschwisterlichkeit und Dialog <\/p>\n<p>Mit Blick auf das Zusammenleben in den mehrheitlich islamischen L\u00e4ndern rief der Papst zu Geschwisterlichkeit und Dialog auf. Das Gespr\u00e4ch mit Angeh\u00f6rigen anderer Konfessionen und Religionen setze kein Aufgeben der eigenen Identit\u00e4t voraus, sondern erfordere die Bereitschaft zur Begegnung ohne Furcht. Wo Krieg und Feindschaft Misstrauen ges\u00e4t h\u00e4tten, k\u00f6nne jede Geste der Achtung ein Schritt auf dem Weg zur Vers\u00f6hnung sein.<\/p>\n<p>(vatican news)<\/p>\n<p>    <img decoding=\"async\" src=\"data:image\/gif;base64,R0lGODlhAQABAIAAAAAAAP\/\/\/yH5BAEAAAAALAAAAAABAAEAAAIBRAA7\" data-original=\"https:\/\/www.vaticannews.va\/content\/dam\/vaticannews\/agenzie\/images\/srv\/2026\/09\/03\/2026-09-03-membri-della-conferenza-episcopale-latina-delle-regio\/1788430804842.JPG\/_jcr_content\/renditions\/cq5dam.thumbnail.cropped.750.422.jpeg\" alt=\"Die Audienz im Vatikan\" title=\"Die Audienz im Vatikan\"\/><\/p>\n<p>\n   Die Audienz im Vatikan \u00a0 (@VATICAN MEDIA)\n  <\/p>\n","protected":false},"excerpt":{"rendered":"Papst Leo XIV. hat die Mitglieder der Lateinischen Bischofskonferenz der arabischen Regionen (CELRA) zu einer Audienz im Vatikan&hellip;\n","protected":false},"author":2,"featured_media":373012,"comment_status":"","ping_status":"","sticky":false,"template":"","format":"standard","meta":{"footnotes":"","_share_on_mastodon":"0"},"categories":[12],"tags":[93416,93414,3582,93415,36706,79,40,5474,41,2859,39,67181,68228,66,65,64,68077],"class_list":["post-373011","post","type-post","status-publish","format-standard","has-post-thumbnail","category-welt","tag-arabische-regionen","tag-celra","tag-interreligioeser-dialog","tag-lateinische-kirche","tag-maertyrer","tag-migration","tag-nachrichten","tag-naher-osten","tag-news","tag-papst-leo-xiv","tag-schlagzeilen","tag-seelsorge","tag-versoehnung","tag-welt","tag-world","tag-world-news","tag-zeugnis"],"share_on_mastodon":{"url":"https:\/\/pubeurope.com\/@at\/117207843726976953","error":""},"_links":{"self":[{"href":"https:\/\/www.europesays.com\/at\/wp-json\/wp\/v2\/posts\/373011","targetHints":{"allow":["GET"]}}],"collection":[{"href":"https:\/\/www.europesays.com\/at\/wp-json\/wp\/v2\/posts"}],"about":[{"href":"https:\/\/www.europesays.com\/at\/wp-json\/wp\/v2\/types\/post"}],"author":[{"embeddable":true,"href":"https:\/\/www.europesays.com\/at\/wp-json\/wp\/v2\/users\/2"}],"replies":[{"embeddable":true,"href":"https:\/\/www.europesays.com\/at\/wp-json\/wp\/v2\/comments?post=373011"}],"version-history":[{"count":0,"href":"https:\/\/www.europesays.com\/at\/wp-json\/wp\/v2\/posts\/373011\/revisions"}],"wp:featuredmedia":[{"embeddable":true,"href":"https:\/\/www.europesays.com\/at\/wp-json\/wp\/v2\/media\/373012"}],"wp:attachment":[{"href":"https:\/\/www.europesays.com\/at\/wp-json\/wp\/v2\/media?parent=373011"}],"wp:term":[{"taxonomy":"category","embeddable":true,"href":"https:\/\/www.europesays.com\/at\/wp-json\/wp\/v2\/categories?post=373011"},{"taxonomy":"post_tag","embeddable":true,"href":"https:\/\/www.europesays.com\/at\/wp-json\/wp\/v2\/tags?post=373011"}],"curies":[{"name":"wp","href":"https:\/\/api.w.org\/{rel}","templated":true}]}}