{"id":373021,"date":"2026-09-03T15:47:17","date_gmt":"2026-09-03T15:47:17","guid":{"rendered":"https:\/\/www.europesays.com\/at\/373021\/"},"modified":"2026-09-03T15:47:17","modified_gmt":"2026-09-03T15:47:17","slug":"brad-pitt-er-altert-so-wuerdevoll-wie-ein-alter-gouda-suedtirol-news","status":"publish","type":"post","link":"https:\/\/www.europesays.com\/at\/373021\/","title":{"rendered":"Brad Pitt: \u201cEr altert so w\u00fcrdevoll wie ein alter Gouda\u201d \u2013 S\u00fcdtirol News"},"content":{"rendered":"<p>Von: importer<\/p>\n<p>Er wird in Venedig zur Legende erkl\u00e4rt, mit altem Gouda verglichen und von Fans umjubelt: Mit der Ehrung von Hollywood-Star George Clooney sind die 83. Filmfestspiele Venedig am Mittwochabend er\u00f6ffnet worden. Der 65-J\u00e4hrige erhielt bei der Er\u00f6ffnungsgala den Goldenen L\u00f6wen f\u00fcr sein Lebenswerk. Seine Schauspiel-Kollegin und Freundin Laura Dern w\u00fcrdigte ihn in ihrer Laudatio als herausragenden Filmemacher und Aktivist. \u201cUns wurde eine Legende geschenkt\u201d, sagte sie.<\/p>\n<p>Brad Pitt: \u201cEr altert so w\u00fcrdevoll wie ein alter Gouda\u201d<\/p>\n<p>Sie erz\u00e4hlte auch, was Freunde Clooneys ihr f\u00fcr die Rede mitgegeben h\u00e4tten. So zum Beispiel Brad Pitt, der ihr gesagt habe: \u201cGeorges Geschichten werden mit jedem Mal besser. Er altert so w\u00fcrdevoll wie ein alter Gouda. Er kann fast alles (\u2026) und macht es besser als jeder von uns. Aber bitte, bitte haltet ihn von der Tanzfl\u00e4che fern.\u201d<\/p>\n<p>\u201cWarum lieben wir George Clooney?\u201d, fuhr Dern fort. \u201cEr ist ein Rebell, ein Schelm, ein Altruist, ein Schauspieler, ein Sportler \u2013 der einzige, den man in einer Krise an seiner Seite haben m\u00f6chte. Ein Vater, ein Ehemann, ein Weltb\u00fcrger, ein Verfechter der Gerechtigkeit und ein wirklich schlechter T\u00e4nzer.\u201d<\/p>\n<p>Anschlie\u00dfend kam Clooney auf die B\u00fchne und erkl\u00e4rte: \u201cWenn man dir sagt, dass du einen Preis f\u00fcr dein Lebenswerk bekommst, fallen einem eigentlich nur zwei Dinge ein. Das erste ist: Was f\u00fcr eine unglaubliche Ehre das ist. Und das zweite: Wissen die etwa etwas, was ich nicht wei\u00df? Ihr habt mit meinen \u00c4rzten gesprochen, oder?\u201d<\/p>\n<p>Clooney: Filme stellen autorit\u00e4res Denken infrage<\/p>\n<p>Er betonte in seiner Dankesrede die verbindende Kraft von Filmen, die Empathie f\u00f6rderten sowie \u00c4ngste und autorit\u00e4res Denken infrage stellten. \u201cGeschichten sind immer gef\u00e4hrlich f\u00fcr Menschen, die mit Angst handeln\u201d, sagte er. \u201cDiejenigen, die Angst vor B\u00fcchern, Musik und Geschichten haben, sind niemals die Helden der Geschichte. Ja, Filme beenden keine Kriege. Sie senken nicht die Inflation. Sie beeinflussen keine Wahlen. Aber sie bewirken etwas Bemerkenswertes: Sie erinnern uns daran, dass wir nicht allein sind.\u201d<\/p>\n<p>Auf dem Teppich hatte Clooney zuvor lange mit seiner Frau Amal f\u00fcr die Fotografen posiert. Dann wechselte er pl\u00f6tzlich die Seiten und setzte sich grinsend zu den Fotografen an den Rand, schnappte sich eine Kamera \u2013 und schoss selbst ein paar Bilder. Anschlie\u00dfend gab er einer langen Reihe kreischender Fans am roten Teppich Autogramme.<\/p>\n<p>Dort hatte zuvor auch der deutsche Schauspieler Damian Hardung (\u201cMaxton Hall\u201d) gro\u00dfen Beifall geerntet \u2013 und \u201cBridgerton\u201d-Schauspieler Jonathan Bailey, den das \u201cPeople\u201d-Magazin vergangenes Jahr zum \u201cSexiest Man Alive\u201d k\u00fcrte. Clooney hat diesen Titel \u00fcbrigens schon zweimal bekommen, wie Dern in ihrer Rede scherzend betonte (1997 und 2006).<\/p>\n<p>Film von Danny Boyle er\u00f6ffnet das Festival<\/p>\n<p>Er\u00f6ffnet wurde das Festival anschlie\u00dfend mit dem neuen Film des britischen Regisseurs Danny Boyle (\u201cTrainspotting\u201d, \u201cSlumdog Million\u00e4r\u201d). In \u201cInk\u201d erz\u00e4hlt er davon, wie Rupert Murdoch und Larry Lamb Ende der 1960er Jahre das britische Boulevardblatt \u201cThe Sun\u201d neu erfanden und damit eine neue \u00c4ra des britischen Journalismus einl\u00e4uteten.<\/p>\n<p>Kriminalit\u00e4t, Sex und andere Themen, die sie als lesernah definierten, bekamen einen gro\u00dfen Stellenwert. Fundierte politische Beitr\u00e4ge wurden deutlich seltener. An ihre Stelle traten vor allem kurze und leicht verst\u00e4ndliche Texte, spektakul\u00e4re Enth\u00fcllungen und Geschichten \u00fcber Skandale. Die Hauptrollen spielen Jack O\u2019Connell, Claire Foy und Guy Pearce.<\/p>\n<p>\u201cInk\u201d konkurriert mit 20 anderen Filmen um den Hauptpreis des Festivals, den Goldenen L\u00f6wen. Die Preisverleihung findet am 12. September statt. Jury-Pr\u00e4sidentin ist die US-Regisseurin und Schauspielerin Maggie Gyllenhaal.<\/p>\n<p>Emilia Sch\u00fcle in Nebenreihe zu sehen<\/p>\n<p>In einer Nebenreihe feierte am Mittwoch der Film \u201cDas M\u00e4dchen mit der Leica\u201d (Originaltitel: \u201cLa ragazza con la Leica\u201d) in Venedig Premiere. Der Film der italienischen Regisseurin Alina Marazzi ist mit einer Reihe deutscher Stars besetzt. In der Hauptrolle ist Emilia Sch\u00fcle zu sehen.<\/p>\n<p>Sie spielt die Fotografin Gerda Taro (1910-1937) \u2013 die erste Frau, die als professionelle Fotoreporterin direkt an einer Kriegsfront fotografierte. Aaron Altaras verk\u00f6rpert ihren Partner, den ber\u00fchmten Fotografen Robert Capa. Luna Wedler ist in einer Nebenrolle zu sehen.<\/p>\n","protected":false},"excerpt":{"rendered":"Von: importer Er wird in Venedig zur Legende erkl\u00e4rt, mit altem Gouda verglichen und von Fans umjubelt: Mit&hellip;\n","protected":false},"author":2,"featured_media":373022,"comment_status":"","ping_status":"","sticky":false,"template":"","format":"standard","meta":{"footnotes":"","_share_on_mastodon":"0"},"categories":[22],"tags":[46,42,147,1012,44,148],"class_list":["post-373021","post","type-post","status-publish","format-standard","has-post-thumbnail","category-unterhaltung","tag-at","tag-austria","tag-entertainment","tag-italien","tag-oesterreich","tag-unterhaltung"],"share_on_mastodon":{"url":"https:\/\/pubeurope.com\/@at\/117207894904626712","error":""},"_links":{"self":[{"href":"https:\/\/www.europesays.com\/at\/wp-json\/wp\/v2\/posts\/373021","targetHints":{"allow":["GET"]}}],"collection":[{"href":"https:\/\/www.europesays.com\/at\/wp-json\/wp\/v2\/posts"}],"about":[{"href":"https:\/\/www.europesays.com\/at\/wp-json\/wp\/v2\/types\/post"}],"author":[{"embeddable":true,"href":"https:\/\/www.europesays.com\/at\/wp-json\/wp\/v2\/users\/2"}],"replies":[{"embeddable":true,"href":"https:\/\/www.europesays.com\/at\/wp-json\/wp\/v2\/comments?post=373021"}],"version-history":[{"count":0,"href":"https:\/\/www.europesays.com\/at\/wp-json\/wp\/v2\/posts\/373021\/revisions"}],"wp:featuredmedia":[{"embeddable":true,"href":"https:\/\/www.europesays.com\/at\/wp-json\/wp\/v2\/media\/373022"}],"wp:attachment":[{"href":"https:\/\/www.europesays.com\/at\/wp-json\/wp\/v2\/media?parent=373021"}],"wp:term":[{"taxonomy":"category","embeddable":true,"href":"https:\/\/www.europesays.com\/at\/wp-json\/wp\/v2\/categories?post=373021"},{"taxonomy":"post_tag","embeddable":true,"href":"https:\/\/www.europesays.com\/at\/wp-json\/wp\/v2\/tags?post=373021"}],"curies":[{"name":"wp","href":"https:\/\/api.w.org\/{rel}","templated":true}]}}