{"id":373103,"date":"2026-09-03T16:39:19","date_gmt":"2026-09-03T16:39:19","guid":{"rendered":"https:\/\/www.europesays.com\/at\/373103\/"},"modified":"2026-09-03T16:39:19","modified_gmt":"2026-09-03T16:39:19","slug":"musiker-moses-pelham-gegen-kraftwerk-neues-urteil-im-gerichtsprozess","status":"publish","type":"post","link":"https:\/\/www.europesays.com\/at\/373103\/","title":{"rendered":"Musiker Moses Pelham gegen Kraftwerk: Neues Urteil im Gerichtsprozess"},"content":{"rendered":"<p>Streit mit Kraftwerk <\/p>\n<p>Nach 27 Jahren: Teilsieg f\u00fcr Moses Pelham vor Gericht<\/p>\n<p>03.09.2026 &#8211; 11:28 UhrLesedauer: 2 Min.<\/p>\n<p><a href=\"#focus-0\" class=\"transition-colors block text-current relative\" data-sctrack=\"FocusGalleryImage.Reference\"><img fetchpriority=\"high\" data-testid=\"Opener.Image\"   loading=\"eager\" src=\"https:\/\/www.europesays.com\/at\/wp-content\/uploads\/2026\/09\/musiker-moses-pelham-hier-im-mai-2016-im-gerichtssaal-zu-sehen.jpg\" alt=\"Musiker Moses Pelham, hier im Mai 2016 im Gerichtssaal zu sehen.\" title=\"Musiker Moses Pelham, hier im Mai 2016 im Gerichtssaal zu sehen.\" width=\"3904\" height=\"2195\" class=\"bg-[url:var(--lqipURL)] bg-cover bg-center flex h-full w-full max-w-full\" style=\"--lqipURL:url('https:\/\/images.t-online.de\/2026\/09\/NiJVfruaUnKE\/0x754:3904x2195\/fit-in\/150x0\/filters:blur(25)\/musiker-moses-pelham-hier-im-mai-2016-im-gerichtssaal-zu-sehen.jpg')\" decoding=\"async\"\/><img loading=\"lazy\" src=\"https:\/\/www.t-online.de\/s\/paper\/_next\/static\/media\/zoom-in.f7dae02f.svg\" alt=\"Vergr\u00f6\u00dfern des Bildes\" title=\"Vergr\u00f6\u00dfern des Bildes\" class=\"block h-[calc(var(--height)_\/_16_*_1rem)] w-[calc(var(--width)_\/_16_*_1rem)] max-w-none absolute right-8 bottom-8 rounded-4 bg-snow p-8\" style=\"--width:32;--height:32\" decoding=\"async\"\/><\/a><\/p>\n<p>Musiker Moses Pelham, hier im Gerichtssaal im Mai 2016. (Quelle: IMAGO \/ Stockhoff)<\/p>\n<p><img loading=\"lazy\" src=\"https:\/\/www.t-online.de\/s\/paper\/_next\/static\/media\/audio-volume.6689034c.svg\" alt=\"\" title=\"\" class=\"block h-[calc(var(--height)_\/_16_*_1rem)] w-[calc(var(--width)_\/_16_*_1rem)] max-w-none group-hover:brightness-0 group-hover:invert\" style=\"--width:16;--height:16\" decoding=\"async\"\/>Vorlesen<\/p>\n<p>Aktuelle Zeit:0:00Gesamtdauer:0:00<\/p>\n<p>1x<img loading=\"lazy\" src=\"https:\/\/www.t-online.de\/s\/paper\/_next\/static\/media\/font-sizes.32942e33.svg\" alt=\"\" title=\"\" class=\"block h-[calc(var(--height)_\/_16_*_1rem)] w-[calc(var(--width)_\/_16_*_1rem)] max-w-none group-hover:hidden group-aria-expanded:hidden\" style=\"--width:16;--height:16\" decoding=\"async\"\/><img loading=\"lazy\" src=\"https:\/\/www.t-online.de\/s\/paper\/_next\/static\/media\/font-sizes-dark-mode.e382645c.svg\" alt=\"\" title=\"\" class=\"block h-[calc(var(--height)_\/_16_*_1rem)] w-[calc(var(--width)_\/_16_*_1rem)] max-w-none hidden group-hover:block group-aria-expanded:block\" style=\"--width:16;--height:16\" decoding=\"async\"\/><img loading=\"lazy\" src=\"https:\/\/www.t-online.de\/s\/paper\/_next\/static\/media\/sharing-menu-icon.1eb71368.svg\" alt=\"\" title=\"\" class=\"block h-[calc(var(--height)_\/_16_*_1rem)] w-[calc(var(--width)_\/_16_*_1rem)] max-w-none group-hover:brightness-0 group-hover:invert\" style=\"--width:16;--height:16\" decoding=\"async\"\/>Artikel teilen<\/p>\n<p class=\"font-bold text-18 leading-17 user-text-lg:text-22 user-text-xl:text-24\">Zwei Sekunden Musik, fast drei Jahrzehnte Streit: Der BGH hat nun ein Urteil gesprochen. Doch der Fall ist damit noch nicht abgeschlossen.<\/p>\n<p class=\"text-18 leading-17 user-text-lg:text-22 user-text-xl:text-24\">Seit 1999 besch\u00e4ftigt ein zwei Sekunden langer Musikschnipsel Gerichte in ganz Deutschland und Europa. Immer wieder landete der Fall vor dem <a href=\"https:\/\/www.t-online.de\/themen\/bgh\/\" class=\"transition-colors cursor-pointer no-underline md:hover:text-magenta md:focus:text-magenta border-b border-solid border-current text-salemsfur md:hover:border-magenta\" data-tracking=\"{&quot;action&quot;:&quot;click&quot;,&quot;category&quot;:&quot;intextLink&quot;,&quot;label&quot;:&quot;\/themen\/bgh\/&quot;}\" data-sctrack=\"BodyAnchor\" rel=\"nofollow noopener\" target=\"_blank\">Bundesgerichtshof<\/a>, dem Europ\u00e4ischen Gerichtshof und dem <a href=\"https:\/\/www.t-online.de\/themen\/bundesverfassungsgericht\/\" class=\"transition-colors cursor-pointer no-underline md:hover:text-magenta md:focus:text-magenta border-b border-solid border-current text-salemsfur md:hover:border-magenta\" data-tracking=\"{&quot;action&quot;:&quot;click&quot;,&quot;category&quot;:&quot;intextLink&quot;,&quot;label&quot;:&quot;\/themen\/bundesverfassungsgericht\/&quot;}\" data-sctrack=\"BodyAnchor\" rel=\"nofollow noopener\" target=\"_blank\">Bundesverfassungsgericht<\/a>. Nun hat der Bundesgerichtshof in Karlsruhe erneut entschieden.<\/p>\n<p class=\"text-18 leading-17 user-text-lg:text-22 user-text-xl:text-24\">Der erste Zivilsenat hat geurteilt, dass Hip-Hop-Produzent Moses Pelham die kurze Tonsequenz aus dem Kraftwerk-St\u00fcck &#8222;Metall auf Metall&#8220; seit einer Gesetzes\u00e4nderung im Jahr 2021 als sogenanntes Pastiche verwenden darf. Damit best\u00e4tigte das Gericht ein Urteil des Oberlandesgerichts <a href=\"https:\/\/hamburg.t-online.de\/region\/hamburg\/\" class=\"transition-colors cursor-pointer no-underline md:hover:text-magenta md:focus:text-magenta border-b border-solid border-current text-salemsfur md:hover:border-magenta\" data-tracking=\"{&quot;action&quot;:&quot;click&quot;,&quot;category&quot;:&quot;intextLink&quot;,&quot;label&quot;:&quot;https:\/\/hamburg.t-online.de\/region\/hamburg\/&quot;}\" data-sctrack=\"BodyAnchor\" rel=\"nofollow noopener\" target=\"_blank\">Hamburg<\/a>. Abgeschlossen ist der jahrzehntelange Rechtsstreit damit aber noch nicht.<\/p>\n<p>U-Haft mit Pool und Partys: <a href=\"https:\/\/www.t-online.de\/unterhaltung\/royals\/id_101414464\/marius-borg-h-iby-mette-marits-sohn-in-luxus-u-haft-begnadigung-moeglich-.html\" class=\"transition-colors cursor-pointer no-underline md:hover:text-magenta md:focus:text-magenta border-b border-solid border-current text-salemsfur md:hover:border-magenta\" data-tracking=\"{&quot;action&quot;:&quot;click&quot;,&quot;category&quot;:&quot;intextLink&quot;,&quot;label&quot;:&quot;\/unterhaltung\/royals\/id_101414464\/marius-borg-h-iby-mette-marits-sohn-in-luxus-u-haft-begnadigung-moeglich-.html&quot;}\" data-sctrack=\"BodyAnchor\" rel=\"nofollow noopener\" target=\"_blank\">Die Sonderbehandlung von Marius Borg H\u00f8iby<\/a><\/p>\n<p class=\"text-18 leading-17 user-text-lg:text-22 user-text-xl:text-24\">Im Kern dreht sich der Streit um eine grunds\u00e4tzliche Frage: Wann darf man Inhalte aus urheberrechtlich gesch\u00fctzten Werken ohne Erlaubnis \u00fcbernehmen? Das EU-Recht sieht daf\u00fcr bestimmte Ausnahmen vor, darunter Zitat, Parodie, Karikatur und eben den Pastiche. Seit dem 7. Juni 2021, als entsprechendes EU-Recht in deutsches Recht umgesetzt wurde, gilt die \u00dcbernahme der Tonsequenz durch Moses Pelham als zul\u00e4ssig.<\/p>\n<p class=\"text-18 leading-17 user-text-lg:text-22 user-text-xl:text-24\">Der Vorsitzende Richter Thomas Koch erl\u00e4uterte, welche Voraussetzungen daf\u00fcr erf\u00fcllt sein m\u00fcssen: Entscheidend sei, dass all jene, denen das urspr\u00fcngliche Werk bekannt ist, die Entnahme einzelner Elemente erkennen k\u00f6nnten. Das sei im vorliegenden Fall gegeben. Ob die Erschaffer des neuen Werks dies urspr\u00fcnglich beabsichtigt h\u00e4tten, spiele dabei keine Rolle.<\/p>\n<p>Richter erkennt &#8222;k\u00fcnstlerischen und kreativen Dialog&#8220;<\/p>\n<p class=\"text-18 leading-17 user-text-lg:text-22 user-text-xl:text-24\">Koch f\u00fchrte zudem aus, dass die Tonsequenz von elektronischer Musik in ein anderes Genre \u00fcberf\u00fchrt worden sei, n\u00e4mlich in den Hip-Hop. Damit habe ein &#8222;k\u00fcnstlerischer und kreativer Dialog&#8220; stattgefunden, der ein Kriterium f\u00fcr ein Pastiche sei.<\/p>\n<p><img loading=\"lazy\" src=\"https:\/\/www.t-online.de\/s\/paper\/_next\/static\/media\/video-carousel-play.6f25714b.svg\" alt=\"\" title=\"\" class=\"block h-[calc(var(--height)_\/_16_*_1rem)] w-[calc(var(--width)_\/_16_*_1rem)] max-w-none undefined\" style=\"--height:12\" decoding=\"async\"\/><\/p>\n<p class=\"text-18 leading-17 user-text-lg:text-22 user-text-xl:text-24\">F\u00fcr einen fr\u00fcheren Zeitraum hatte das Oberlandesgericht Hamburg den Kl\u00e4gern bereits recht gegeben: F\u00fcr 18,5 Jahre k\u00f6nnen sie Schadenersatz geltend machen. Dieser Punkt war beim j\u00fcngsten BGH-Verfahren nicht mehr Gegenstand. F\u00fcr die Zeit ab dem 7. Juni 2021 wies das Oberlandesgericht die Klage hingegen ab, was der Bundesgerichtshof nun best\u00e4tigte.<\/p>\n<p class=\"text-18 leading-17 user-text-lg:text-22 user-text-xl:text-24\">Vollst\u00e4ndig beendet ist der Rechtsstreit dennoch nicht. Vor dem Bundesverfassungsgericht ist noch eine Verfassungsbeschwerde anh\u00e4ngig, die den Zeitraum von 2002 bis 2021 betrifft. Eine Entscheidung in diesem Verfahren wird noch im Jahr 2026 angestrebt.<\/p>\n","protected":false},"excerpt":{"rendered":"Streit mit Kraftwerk Nach 27 Jahren: Teilsieg f\u00fcr Moses Pelham vor Gericht 03.09.2026 &#8211; 11:28 UhrLesedauer: 2 Min.&hellip;\n","protected":false},"author":2,"featured_media":373104,"comment_status":"","ping_status":"","sticky":false,"template":"","format":"standard","meta":{"footnotes":"","_share_on_mastodon":"0"},"categories":[27],"tags":[737,2788,46,42,29703,66065,175,257,147,76,8699,75,828,11853,1882,25064,93426,44,176,93427,25719,148],"class_list":["post-373103","post","type-post","status-publish","format-standard","has-post-thumbnail","category-prominente","tag-737","tag-2788","tag-at","tag-austria","tag-bundesgerichtshof","tag-bundesverfassungsgericht","tag-celebrities","tag-deutschland","tag-entertainment","tag-eu","tag-eugh","tag-europa","tag-hamburg","tag-karlsruhe","tag-marius-borg-hoiby","tag-metall","tag-moses-pelham","tag-oesterreich","tag-prominente","tag-teilsieg","tag-thomas-koch","tag-unterhaltung"],"share_on_mastodon":{"url":"https:\/\/pubeurope.com\/@at\/117208100042520847","error":""},"_links":{"self":[{"href":"https:\/\/www.europesays.com\/at\/wp-json\/wp\/v2\/posts\/373103","targetHints":{"allow":["GET"]}}],"collection":[{"href":"https:\/\/www.europesays.com\/at\/wp-json\/wp\/v2\/posts"}],"about":[{"href":"https:\/\/www.europesays.com\/at\/wp-json\/wp\/v2\/types\/post"}],"author":[{"embeddable":true,"href":"https:\/\/www.europesays.com\/at\/wp-json\/wp\/v2\/users\/2"}],"replies":[{"embeddable":true,"href":"https:\/\/www.europesays.com\/at\/wp-json\/wp\/v2\/comments?post=373103"}],"version-history":[{"count":0,"href":"https:\/\/www.europesays.com\/at\/wp-json\/wp\/v2\/posts\/373103\/revisions"}],"wp:featuredmedia":[{"embeddable":true,"href":"https:\/\/www.europesays.com\/at\/wp-json\/wp\/v2\/media\/373104"}],"wp:attachment":[{"href":"https:\/\/www.europesays.com\/at\/wp-json\/wp\/v2\/media?parent=373103"}],"wp:term":[{"taxonomy":"category","embeddable":true,"href":"https:\/\/www.europesays.com\/at\/wp-json\/wp\/v2\/categories?post=373103"},{"taxonomy":"post_tag","embeddable":true,"href":"https:\/\/www.europesays.com\/at\/wp-json\/wp\/v2\/tags?post=373103"}],"curies":[{"name":"wp","href":"https:\/\/api.w.org\/{rel}","templated":true}]}}