{"id":373111,"date":"2026-09-03T16:44:13","date_gmt":"2026-09-03T16:44:13","guid":{"rendered":"https:\/\/www.europesays.com\/at\/373111\/"},"modified":"2026-09-03T16:44:13","modified_gmt":"2026-09-03T16:44:13","slug":"vaiana-disney-bringt-die-realverfilmung-noch-2026-auf-4k-uhd-steelbook-und-standard-varianten-geplant","status":"publish","type":"post","link":"https:\/\/www.europesays.com\/at\/373111\/","title":{"rendered":"\u201eVaiana\u201c: Disney bringt die Realverfilmung noch 2026 auf 4K UHD \u2013 Steelbook und Standard-Varianten geplant"},"content":{"rendered":"<p><img width=\"1000\" height=\"500\" src=\"https:\/\/www.europesays.com\/at\/wp-content\/uploads\/2026\/09\/vaiana-live-news.jpg\" class=\"attachment-mh-magazine-content size-mh-magazine-content wp-post-image\" alt=\"\" title=\"vaiana-live-news\" loading=\"eager\" decoding=\"async\" fetchpriority=\"high\"  \/><\/p>\n<p class=\"PDq2pG_selectionAnchorContainer\" data-start=\"123\" data-end=\"465\">Nach dem Kinostart im Sommer steht bereits die Heimkino-Ver\u00f6ffentlichung der \u201eVaiana\u201c-Realverfilmung (2026) in den Startl\u00f6chern. Walt Disney Studios Home Entertainment plant die Ver\u00f6ffentlichung f\u00fcr das vierte Quartal 2026. Neben den regul\u00e4ren Ausgaben auf Blu-ray und DVD d\u00fcrfen sich Sammler auch auf ein 4K-UHD-Steelbook freuen.<\/p>\n<p>4K UHD erscheint im Steelbook<\/p>\n<p data-start=\"502\" data-end=\"714\">F\u00fcr Sammler d\u00fcrfte vor allem die geplante Sonderedition interessant sein. Disney ver\u00f6ffentlicht \u201eVaiana\u201c als Steelbook mit 4K UHD und Blu-ray. Daneben sind Standardausgaben auf Blu-ray und DVD vorgesehen.<\/p>\n<p data-start=\"716\" data-end=\"862\">Ein konkreter Ver\u00f6ffentlichungstermin wurde bislang noch nicht genannt. Fest steht derzeit lediglich der geplante Release im vierten Quartal 2026.<\/p>\n<p>Dwayne Johnson erneut als Maui<\/p>\n<p data-start=\"1612\" data-end=\"1790\">Die Realverfilmung basiert auf Disneys erfolgreichem Animationsfilm aus dem Jahr 2016. Thomas Kail \u00fcbernahm die Regie, w\u00e4hrend Catherine Laga\u2019aia als Vaiana zu sehen ist.<\/p>\n<p data-start=\"1792\" data-end=\"1975\">F\u00fcr besondere Kontinuit\u00e4t sorgt Dwayne Johnson: Nachdem er dem Halbgott Maui bereits im Animationsfilm seine Stimme lieh, verk\u00f6rpert er die Figur in der Realverfilmung nun selbst.<\/p>\n<p data-start=\"1977\" data-end=\"2183\">Die Geschichte f\u00fchrt Vaiana erneut \u00fcber die Grenzen ihrer Heimatinsel Motunui hinaus. Gemeinsam mit Maui begibt sie sich auf eine abenteuerliche Reise \u00fcber den Ozean, um die Zukunft ihres Volkes zu sichern.<\/p>\n<p data-start=\"2185\" data-end=\"2244\">Die Kinofassung hat eine Laufzeit von rund 116 Minuten.<\/p>\n<p>Heimkino-Release noch 2026<\/p>\n<p data-start=\"2278\" data-end=\"2488\">Ein genauer Termin sowie Preise und finale Produktbilder stehen aktuell noch aus. Die Ver\u00f6ffentlichung von \u201eVaiana\u201c auf 4K UHD im Steelbook sowie auf Blu-ray und DVD ist f\u00fcr das vierte Quartal 2026 geplant.<\/p>\n<p>&#13;<br \/>\nCOMMUNITY-FRAGE&#13;\n<\/p>\n<p>&#13;<br \/>\nHat euch die \u201eVaiana\u201c-Realverfilmung im Kino \u00fcberzeugt und w\u00e4re das 4K-Steelbook etwas f\u00fcr eure Sammlung?&#13;<\/p>\n<p style=\"font-size:18px;color:#d9d9d9;\">&#13;<br \/>\nWir sind gespannt auf eure Meinung!&#13;\n<\/p>\n<p style=\"font-size:20px;color:#9cff00;font-weight:bold;margin-top:15px;\">&#13;<br \/>\n\u279c Diskutiert mit uns in den Kommentaren!&#13;\n<\/p>\n<p>        \u2197 <a href=\"https:\/\/www.dvd-forum.at\/partner\" rel=\"nofollow noopener\" target=\"_blank\">Partner- &amp; Affiliate-Links:<\/a><\/p>\n<p>        M\u00f6gliche aufgef\u00fchrte Angebote sind in der Regel mit sogenannten Affiliate-Links versehen.<br \/>\n        Mit einem Kauf \u00fcber einen dieser Links unterst\u00fctzt ihr DVD-Forum.at.<br \/>\n        Ohne Auswirkung auf den Preis erhalten wir vom Anbieter eine kleine Provision<br \/>\n        und k\u00f6nnen diese Website kostenlos f\u00fcr euch anbieten.<\/p>\n","protected":false},"excerpt":{"rendered":"Nach dem Kinostart im Sommer steht bereits die Heimkino-Ver\u00f6ffentlichung der \u201eVaiana\u201c-Realverfilmung (2026) in den Startl\u00f6chern. Walt Disney Studios&hellip;\n","protected":false},"author":2,"featured_media":373112,"comment_status":"","ping_status":"","sticky":false,"template":"","format":"standard","meta":{"footnotes":"","_share_on_mastodon":"0"},"categories":[22],"tags":[67811,46,42,38886,71482,1848,93428,31245,26280,147,2015,93434,93435,44,33700,71486,148,26281,93433,93431,93430,93432,93429,16301],"class_list":["post-373111","post","type-post","status-publish","format-standard","has-post-thumbnail","category-unterhaltung","tag-4k-uhd","tag-at","tag-austria","tag-blu-ray","tag-catherine-lagaaia","tag-disney","tag-disney-realverfilmung","tag-dvd","tag-dwayne-johnson","tag-entertainment","tag-heimkino","tag-maui","tag-moana","tag-oesterreich","tag-steelbook","tag-thomas-kail","tag-unterhaltung","tag-vaiana","tag-vaiana-2026","tag-vaiana-4k","tag-vaiana-4k-uhd","tag-vaiana-realverfilmung","tag-vaiana-steelbook","tag-walt-disney-studios"],"share_on_mastodon":{"url":"https:\/\/pubeurope.com\/@at\/117208119226057513","error":""},"_links":{"self":[{"href":"https:\/\/www.europesays.com\/at\/wp-json\/wp\/v2\/posts\/373111","targetHints":{"allow":["GET"]}}],"collection":[{"href":"https:\/\/www.europesays.com\/at\/wp-json\/wp\/v2\/posts"}],"about":[{"href":"https:\/\/www.europesays.com\/at\/wp-json\/wp\/v2\/types\/post"}],"author":[{"embeddable":true,"href":"https:\/\/www.europesays.com\/at\/wp-json\/wp\/v2\/users\/2"}],"replies":[{"embeddable":true,"href":"https:\/\/www.europesays.com\/at\/wp-json\/wp\/v2\/comments?post=373111"}],"version-history":[{"count":0,"href":"https:\/\/www.europesays.com\/at\/wp-json\/wp\/v2\/posts\/373111\/revisions"}],"wp:featuredmedia":[{"embeddable":true,"href":"https:\/\/www.europesays.com\/at\/wp-json\/wp\/v2\/media\/373112"}],"wp:attachment":[{"href":"https:\/\/www.europesays.com\/at\/wp-json\/wp\/v2\/media?parent=373111"}],"wp:term":[{"taxonomy":"category","embeddable":true,"href":"https:\/\/www.europesays.com\/at\/wp-json\/wp\/v2\/categories?post=373111"},{"taxonomy":"post_tag","embeddable":true,"href":"https:\/\/www.europesays.com\/at\/wp-json\/wp\/v2\/tags?post=373111"}],"curies":[{"name":"wp","href":"https:\/\/api.w.org\/{rel}","templated":true}]}}