{"id":373141,"date":"2026-09-03T16:59:13","date_gmt":"2026-09-03T16:59:13","guid":{"rendered":"https:\/\/www.europesays.com\/at\/373141\/"},"modified":"2026-09-03T16:59:13","modified_gmt":"2026-09-03T16:59:13","slug":"alexander-stark-gestaltet-kunstsparbuch-2026-fuer-sparkasse-bregenz","status":"publish","type":"post","link":"https:\/\/www.europesays.com\/at\/373141\/","title":{"rendered":"Alexander Stark gestaltet Kunstsparbuch 2026 f\u00fcr Sparkasse Bregenz"},"content":{"rendered":"<p>Insgesamt wurden bereits 28 Kunstsparb\u00fccher von renommierten K\u00fcnstlerinnen und K\u00fcnstlern gestaltet, wie beispielsweise Erich Smodics, Hans Sturn, Evelyn Rodewald, Paul Renner, Marbod Fritsch, Miriam Prantl, Gottfried Bechtold, Sophia Weinmann, Lorenz Helfer und Michaela Ortner-Moosbrugger. F\u00fcr die 29. Ausgabe konnte Alexander Stark als K\u00fcnstler gewonnen werden.<\/p>\n","protected":false},"excerpt":{"rendered":"Insgesamt wurden bereits 28 Kunstsparb\u00fccher von renommierten K\u00fcnstlerinnen und K\u00fcnstlern gestaltet, wie beispielsweise Erich Smodics, Hans Sturn, Evelyn&hellip;\n","protected":false},"author":2,"featured_media":373142,"comment_status":"","ping_status":"","sticky":false,"template":"","format":"standard","meta":{"footnotes":"","_share_on_mastodon":"0"},"categories":[26],"tags":[158,157,46,42,12258,159,147,1454,161,160,44,148],"class_list":["post-373141","post","type-post","status-publish","format-standard","has-post-thumbnail","category-kunst-und-design","tag-art","tag-art-and-design","tag-at","tag-austria","tag-bregenz","tag-design","tag-entertainment","tag-gemeinde","tag-kunst","tag-kunst-und-design","tag-oesterreich","tag-unterhaltung"],"share_on_mastodon":{"url":"https:\/\/pubeurope.com\/@at\/117208178485790413","error":""},"_links":{"self":[{"href":"https:\/\/www.europesays.com\/at\/wp-json\/wp\/v2\/posts\/373141","targetHints":{"allow":["GET"]}}],"collection":[{"href":"https:\/\/www.europesays.com\/at\/wp-json\/wp\/v2\/posts"}],"about":[{"href":"https:\/\/www.europesays.com\/at\/wp-json\/wp\/v2\/types\/post"}],"author":[{"embeddable":true,"href":"https:\/\/www.europesays.com\/at\/wp-json\/wp\/v2\/users\/2"}],"replies":[{"embeddable":true,"href":"https:\/\/www.europesays.com\/at\/wp-json\/wp\/v2\/comments?post=373141"}],"version-history":[{"count":0,"href":"https:\/\/www.europesays.com\/at\/wp-json\/wp\/v2\/posts\/373141\/revisions"}],"wp:featuredmedia":[{"embeddable":true,"href":"https:\/\/www.europesays.com\/at\/wp-json\/wp\/v2\/media\/373142"}],"wp:attachment":[{"href":"https:\/\/www.europesays.com\/at\/wp-json\/wp\/v2\/media?parent=373141"}],"wp:term":[{"taxonomy":"category","embeddable":true,"href":"https:\/\/www.europesays.com\/at\/wp-json\/wp\/v2\/categories?post=373141"},{"taxonomy":"post_tag","embeddable":true,"href":"https:\/\/www.europesays.com\/at\/wp-json\/wp\/v2\/tags?post=373141"}],"curies":[{"name":"wp","href":"https:\/\/api.w.org\/{rel}","templated":true}]}}