{"id":373197,"date":"2026-09-03T17:30:10","date_gmt":"2026-09-03T17:30:10","guid":{"rendered":"https:\/\/www.europesays.com\/at\/373197\/"},"modified":"2026-09-03T17:30:10","modified_gmt":"2026-09-03T17:30:10","slug":"firmenchef-verzweifelt-hagel-millionenschaden-in-stainzer-gaertnerei","status":"publish","type":"post","link":"https:\/\/www.europesays.com\/at\/373197\/","title":{"rendered":"Firmenchef verzweifelt &#8211; Hagel! Millionenschaden in Stainzer G\u00e4rtnerei"},"content":{"rendered":"<p>Niemand darf Glash\u00e4user derzeit betreten<br \/>Betreten darf die besch\u00e4digten Glash\u00e4user derzeit niemand, \u201edas k\u00e4me einem Selbstmord gleich\u201c, sagt der verzweifelte Stainzer.\u00a0F\u00fcr den \u201enun die Zeit davonrennt\u201c, wie er sagt: Es muss dringend Platz f\u00fcr die 1,5 Millionen Fr\u00fchjahrbl\u00fcher geschaffen werden \u2013 das hei\u00dft, Glash\u00e4user, Folientunnel und die Einrichtung m\u00fcssen schnellstm\u00f6glich repariert werden.<\/p>\n","protected":false},"excerpt":{"rendered":"Niemand darf Glash\u00e4user derzeit betretenBetreten darf die besch\u00e4digten Glash\u00e4user derzeit niemand, \u201edas k\u00e4me einem Selbstmord gleich\u201c, sagt der&hellip;\n","protected":false},"author":2,"featured_media":373198,"comment_status":"","ping_status":"","sticky":false,"template":"","format":"standard","meta":{"footnotes":"","_share_on_mastodon":"0"},"categories":[6],"tags":[46,42,2594,93457,93051,44,43,45,63031],"class_list":["post-373197","post","type-post","status-publish","format-standard","has-post-thumbnail","category-oesterreich","tag-at","tag-austria","tag-deutschlandsberg","tag-hannes-schacherl","tag-koeflach","tag-oesterreich","tag-republic-of-austria","tag-republik-oesterreich","tag-voitsberg"],"share_on_mastodon":{"url":"https:\/\/pubeurope.com\/@at\/117208300692933369","error":""},"_links":{"self":[{"href":"https:\/\/www.europesays.com\/at\/wp-json\/wp\/v2\/posts\/373197","targetHints":{"allow":["GET"]}}],"collection":[{"href":"https:\/\/www.europesays.com\/at\/wp-json\/wp\/v2\/posts"}],"about":[{"href":"https:\/\/www.europesays.com\/at\/wp-json\/wp\/v2\/types\/post"}],"author":[{"embeddable":true,"href":"https:\/\/www.europesays.com\/at\/wp-json\/wp\/v2\/users\/2"}],"replies":[{"embeddable":true,"href":"https:\/\/www.europesays.com\/at\/wp-json\/wp\/v2\/comments?post=373197"}],"version-history":[{"count":0,"href":"https:\/\/www.europesays.com\/at\/wp-json\/wp\/v2\/posts\/373197\/revisions"}],"wp:featuredmedia":[{"embeddable":true,"href":"https:\/\/www.europesays.com\/at\/wp-json\/wp\/v2\/media\/373198"}],"wp:attachment":[{"href":"https:\/\/www.europesays.com\/at\/wp-json\/wp\/v2\/media?parent=373197"}],"wp:term":[{"taxonomy":"category","embeddable":true,"href":"https:\/\/www.europesays.com\/at\/wp-json\/wp\/v2\/categories?post=373197"},{"taxonomy":"post_tag","embeddable":true,"href":"https:\/\/www.europesays.com\/at\/wp-json\/wp\/v2\/tags?post=373197"}],"curies":[{"name":"wp","href":"https:\/\/api.w.org\/{rel}","templated":true}]}}