{"id":373231,"date":"2026-09-03T17:49:08","date_gmt":"2026-09-03T17:49:08","guid":{"rendered":"https:\/\/www.europesays.com\/at\/373231\/"},"modified":"2026-09-03T17:49:08","modified_gmt":"2026-09-03T17:49:08","slug":"ruestungsdirektor-harald-vodosek-wird-neuer-generalstabschef","status":"publish","type":"post","link":"https:\/\/www.europesays.com\/at\/373231\/","title":{"rendered":"R\u00fcstungsdirektor Harald Vodosek wird neuer Generalstabschef"},"content":{"rendered":"<p _ngcontent-tt-com-www-c3071245697=\"\" data-cy=\"body\">Wien \u2013 Der Nationale R\u00fcstungsdirektor Harald Vodosek wird neuer Generalstabschef des \u00d6sterreichischen Bundesheeres. Dies gab das Verteidigungsministerium am Donnerstag bekannt. Vodosek, der seit 2021 die Direktion 5 &#8211; Beschaffung leitet und damit bisher ma\u00dfgeblich an der Umsetzung des \u201eAufbauplan 2032+\u201c beteiligt war, folgt auf Rudolf Striedinger, der mit Ende September seinen Ruhestand antritt.<\/p>\n<p _ngcontent-tt-com-www-c3071245697=\"\" data-cy=\"body\">\u201eMit Generalleutnant Vodosek \u00fcbernimmt ein hoch qualifizierter und erfahrener Offizier die F\u00fchrung des \u00d6sterreichischen Bundesheeres\u201c, wurde Verteidigungsministerin Klaudia Tanner (\u00d6VP) zitiert. Vodosek kenne das Bundesheer aus unterschiedlichsten Funktionen und verf\u00fcge \u00fcber \u201eumfassende Erfahrung in den Bereichen Einsatz, F\u00fchrung, Personal und Beschaffung\u201c, so Tanner: \u201eGerade in einer Zeit, in der wir das Bundesheer konsequent modernisieren und auf die Herausforderungen der Zukunft vorbereiten, ist seine Expertise von besonderer Bedeutung.\u201c<\/p>\n<p _ngcontent-tt-com-www-c3071245697=\"\" data-cy=\"body\">Tanner dankte allen Bewerbern, mit denen sie pers\u00f6nliche Gespr\u00e4che gef\u00fchrt hatte, um sich pers\u00f6nlich ein Bild zu machen. \u201eDie Qualit\u00e4t und die Expertise der Kandidaten zeigt, dass das Bundesheer \u00fcber hervorragende F\u00fchrungspers\u00f6nlichkeiten verf\u00fcgt.\u201c Am Donnerstag informierte sie pers\u00f6nlich den Bundespr\u00e4sidenten und Oberbefehlshaber des Bundesheeres, Alexander Van der Bellen. Es ist die Aufgabe des Bundespr\u00e4sidenten, die Entscheidung der Ministerin zu pr\u00fcfen und den Generalstabschef zu ernennen.<\/p>\n<p _ngcontent-tt-com-www-c3071245697=\"\" data-cy=\"body\">Vodosek dankte Tanner \u201ef\u00fcr das entgegengebrachte Vertrauen\u201c. \u201eGemeinsam mit der Ressortf\u00fchrung und dem Generalstab werde ich alle Anstrengungen unternehmen, um das Bundesheer im Sinne der &#8218;Mission Vorw\u00e4rts&#8216; weiter in eine moderne und starke Zukunft zu f\u00fchren\u201c, betonte Vodosek. Gemeinsames Ziel sei es, die milit\u00e4rische Landesverteidigung nachhaltig zu st\u00e4rken und das Heer \u201ebestm\u00f6glich f\u00fcr die Herausforderungen der Zukunft aufzustellen\u201c.<\/p>\n<p _ngcontent-tt-com-www-c3071245697=\"\" data-cy=\"body\">Die Bewerbungsfrist f\u00fcr den h\u00f6chsten Posten im Milit\u00e4r war am 22. April ausgelaufen. Beworben hatten sich sechs Offiziere, drei davon wurden von der Kommission als \u201ein h\u00f6chstem Ausma\u00df\u201c geeignet eingestuft. Darunter befanden sich dem Vernehmen nach die Generalleutnante Bruno G\u00fcnter Hofbauer, Karl Schmidseder und eben Vodosek. Tanner traf alle Bewerber zu einem pers\u00f6nlichen Gespr\u00e4ch.<\/p>\n<p _ngcontent-tt-com-www-c3071245697=\"\" data-cy=\"body\">Der Generalstabschef ist der h\u00f6chstrangige Offizier des Bundesheeres und leitet den Generalstab, der direkt dem Verteidigungsministerium unterstellt ist. Er ist der wichtigste milit\u00e4rische Berater der Ministerin bzw. des Ministers. (APA)<\/p>\n","protected":false},"excerpt":{"rendered":"Wien \u2013 Der Nationale R\u00fcstungsdirektor Harald Vodosek wird neuer Generalstabschef des \u00d6sterreichischen Bundesheeres. Dies gab das Verteidigungsministerium am&hellip;\n","protected":false},"author":2,"featured_media":373232,"comment_status":"","ping_status":"","sticky":false,"template":"","format":"standard","meta":{"footnotes":"","_share_on_mastodon":"0"},"categories":[6],"tags":[46,42,93465,682,44,63395,43,45,23507,18716],"class_list":["post-373231","post","type-post","status-publish","format-standard","has-post-thumbnail","category-oesterreich","tag-at","tag-austria","tag-harald-vodosek","tag-innenpolitik","tag-oesterreich","tag-oesterreichisches-bundesheer","tag-republic-of-austria","tag-republik-oesterreich","tag-rudolf-striedinger","tag-verteidigungsministerium"],"share_on_mastodon":{"url":"https:\/\/pubeurope.com\/@at\/117208374771669381","error":""},"_links":{"self":[{"href":"https:\/\/www.europesays.com\/at\/wp-json\/wp\/v2\/posts\/373231","targetHints":{"allow":["GET"]}}],"collection":[{"href":"https:\/\/www.europesays.com\/at\/wp-json\/wp\/v2\/posts"}],"about":[{"href":"https:\/\/www.europesays.com\/at\/wp-json\/wp\/v2\/types\/post"}],"author":[{"embeddable":true,"href":"https:\/\/www.europesays.com\/at\/wp-json\/wp\/v2\/users\/2"}],"replies":[{"embeddable":true,"href":"https:\/\/www.europesays.com\/at\/wp-json\/wp\/v2\/comments?post=373231"}],"version-history":[{"count":0,"href":"https:\/\/www.europesays.com\/at\/wp-json\/wp\/v2\/posts\/373231\/revisions"}],"wp:featuredmedia":[{"embeddable":true,"href":"https:\/\/www.europesays.com\/at\/wp-json\/wp\/v2\/media\/373232"}],"wp:attachment":[{"href":"https:\/\/www.europesays.com\/at\/wp-json\/wp\/v2\/media?parent=373231"}],"wp:term":[{"taxonomy":"category","embeddable":true,"href":"https:\/\/www.europesays.com\/at\/wp-json\/wp\/v2\/categories?post=373231"},{"taxonomy":"post_tag","embeddable":true,"href":"https:\/\/www.europesays.com\/at\/wp-json\/wp\/v2\/tags?post=373231"}],"curies":[{"name":"wp","href":"https:\/\/api.w.org\/{rel}","templated":true}]}}