{"id":373237,"date":"2026-09-03T17:57:12","date_gmt":"2026-09-03T17:57:12","guid":{"rendered":"https:\/\/www.europesays.com\/at\/373237\/"},"modified":"2026-09-03T17:57:12","modified_gmt":"2026-09-03T17:57:12","slug":"malerwitwe-brigitte-tuebke-schellenberger-gestorben-monopol","status":"publish","type":"post","link":"https:\/\/www.europesays.com\/at\/373237\/","title":{"rendered":"Malerwitwe Brigitte T\u00fcbke-Schellenberger gestorben | Monopol"},"content":{"rendered":"<p>Sie k\u00fcmmerte sich nach dem Tod ihres Mannes Werner T\u00fcbke engagiert um dessen Erbe. Jetzt ist Brigitte T\u00fcbke-Schellenberger im Alter von 95 Jahren gestorben<\/p>\n<p>Brigitte T\u00fcbke-Schellenberger, Witwe des Leipziger Malers Werner T\u00fcbke (1929-2004), ist tot. Sie starb am 1. September im Alter von 95 Jahren, wie die Galerie Schwind unter Berufung auf die Familie mitteilte. T\u00fcbke-Schellenberger hatte zu Lebzeiten des K\u00fcnstlers das Verwalten und Organisieren \u00fcbernommen. Nach seinem Tod pflegte sie das Erbe ihres Mannes. Werner T\u00fcbke war einer der bekanntesten K\u00fcnstler der DDR.<\/p>\n<p>Die fr\u00fchere Rechtsanw\u00e4ltin hatte T\u00fcbke 1976 in Bad Frankenhausen geheiratet. Dort h\u00e4ngt ein ber\u00fchmtes riesiges Gem\u00e4lde von T\u00fcbke zum deutschen Bauernkrieg. Der Maler war damals geschieden, T\u00fcbke-Schellenberger hatte bereits zwei S\u00f6hne aus erster Ehe.<\/p>\n<p>Das Paar lebte bis zum Tod des Malers im Jahr 2004 in seiner Villa in der Leipziger Springerstra\u00dfe. Dort ist heute unter anderem die Galerie Schwind angesiedelt, die auch Werke aus dem T\u00fcbke-Nachlass verkauft hat. Zudem hat dort eine Kunst-Sammlung mit Werken aus Leipzig ihr Domizil.<\/p>\n<p>\u00d6ffentliche Trauerfeier geplant<\/p>\n<p>T\u00fcbke-Schellenberger habe das Werksverzeichnis ihres Mannes mit gro\u00dfem Engagement betreut, teilte die Galerie mit. Sie habe Ausstellungen organisiert und sei verl\u00e4sslich jeden Samstag in der von ihr gegr\u00fcndeten T\u00fcbke-Stiftung im ehemaligen Atelier des Malers anzutreffen gewesen, \u00abwo sie resolut und lebendig auf alle Fragen der Besucher einging\u00bb.<\/p>\n<p>Eine \u00f6ffentliche Trauerfeier f\u00fcr Brigitte T\u00fcbke-Schellenberger findet nach Angaben der Galerie am 30. Oktober um 13.15 Uhr in der West-Kapelle des Leipziger S\u00fcdfriedhofs statt. Auf dem Friedhof hat auch Werner T\u00fcbke seine letzte Ruhe gefunden.<\/p>\n","protected":false},"excerpt":{"rendered":"Sie k\u00fcmmerte sich nach dem Tod ihres Mannes Werner T\u00fcbke engagiert um dessen Erbe. Jetzt ist Brigitte T\u00fcbke-Schellenberger&hellip;\n","protected":false},"author":2,"featured_media":373238,"comment_status":"","ping_status":"","sticky":false,"template":"","format":"standard","meta":{"footnotes":"","_share_on_mastodon":"0"},"categories":[26],"tags":[158,157,46,42,159,147,161,160,44,148],"class_list":["post-373237","post","type-post","status-publish","format-standard","has-post-thumbnail","category-kunst-und-design","tag-art","tag-art-and-design","tag-at","tag-austria","tag-design","tag-entertainment","tag-kunst","tag-kunst-und-design","tag-oesterreich","tag-unterhaltung"],"share_on_mastodon":{"url":"https:\/\/pubeurope.com\/@at\/117208406248632674","error":""},"_links":{"self":[{"href":"https:\/\/www.europesays.com\/at\/wp-json\/wp\/v2\/posts\/373237","targetHints":{"allow":["GET"]}}],"collection":[{"href":"https:\/\/www.europesays.com\/at\/wp-json\/wp\/v2\/posts"}],"about":[{"href":"https:\/\/www.europesays.com\/at\/wp-json\/wp\/v2\/types\/post"}],"author":[{"embeddable":true,"href":"https:\/\/www.europesays.com\/at\/wp-json\/wp\/v2\/users\/2"}],"replies":[{"embeddable":true,"href":"https:\/\/www.europesays.com\/at\/wp-json\/wp\/v2\/comments?post=373237"}],"version-history":[{"count":0,"href":"https:\/\/www.europesays.com\/at\/wp-json\/wp\/v2\/posts\/373237\/revisions"}],"wp:featuredmedia":[{"embeddable":true,"href":"https:\/\/www.europesays.com\/at\/wp-json\/wp\/v2\/media\/373238"}],"wp:attachment":[{"href":"https:\/\/www.europesays.com\/at\/wp-json\/wp\/v2\/media?parent=373237"}],"wp:term":[{"taxonomy":"category","embeddable":true,"href":"https:\/\/www.europesays.com\/at\/wp-json\/wp\/v2\/categories?post=373237"},{"taxonomy":"post_tag","embeddable":true,"href":"https:\/\/www.europesays.com\/at\/wp-json\/wp\/v2\/tags?post=373237"}],"curies":[{"name":"wp","href":"https:\/\/api.w.org\/{rel}","templated":true}]}}