{"id":373241,"date":"2026-09-03T17:59:12","date_gmt":"2026-09-03T17:59:12","guid":{"rendered":"https:\/\/www.europesays.com\/at\/373241\/"},"modified":"2026-09-03T17:59:12","modified_gmt":"2026-09-03T17:59:12","slug":"james-blunt-konzerte-in-zuerich-und-genf-im-maerz-2027","status":"publish","type":"post","link":"https:\/\/www.europesays.com\/at\/373241\/","title":{"rendered":"James Blunt: Konzerte in Z\u00fcrich und Genf im M\u00e4rz 2027"},"content":{"rendered":"\n<p>        \u2013   <\/p>\n<p> James Blunt spielt im M\u00e4rz 2027 in Z\u00fcrich und Genf <\/p>\n<p class=\"lead regular externalicon-big astro-odojtzmo\"> Der britische Pops\u00e4nger tritt am 2. M\u00e4rz in Genf und am 3. M\u00e4rz im Z\u00fcrcher Hallenstadion auf. Tickets kosten zwischen 77 und 137 Franken, der Vorverkauf startet am Mittwoch.  <\/p>\n<p>   <img loading=\"lazy\" decoding=\"async\" src=\"https:\/\/www.europesays.com\/at\/wp-content\/uploads\/2026\/09\/5AugUNso4th95-OyjTyGkQ.jpg\"  width=\"100\" height=\"100\"  alt=\"Fabio L\u00fcdi\" class=\"AuthorImage -content-head authorimage astro-ivm7rlur astro-uymtm5hg\" style=\"background-color:#838383\"\/>         Publiziert heute um 18:08 Uhr                           LinkedIn Link kopiert Error occurred        Facebook Link kopiert Error occurred        X Link kopiert Error occurred           E-Mail Link kopiert Error occurred        Link kopieren Link kopiert Error occurred                    <img decoding=\"async\" loading=\"eager\" fetchpriority=\"high\" src=\"https:\/\/www.europesays.com\/at\/wp-content\/uploads\/2026\/09\/6bkwBPSAKYYB-vxkx4kIzj.jpg\" data-image-url=\"https:\/\/www.europesays.com\/at\/wp-content\/uploads\/2026\/09\/6bkwBPSAKYYB-vxkx4kIzj.jpg\" alt=\"James Blunt spielt Akustikgitarre auf der B\u00fchne beim Nimes Festival in der Arena von N\u00eemes, Frankreich, Juli 2024.\" title=\"James Blunt spielt Akustikgitarre auf der B\u00fchne beim Nimes Festival in der Arena von N\u00eemes, Frankreich, Juli 2024.\" class=\"ResponsiveImage responsive-image astro-xbt4piv4\" style=\"background-color:#005C9E\" onload=\"this.style.backgroundColor = &quot;transparent&quot;\"\/>           <\/p>\n<p>James Blunt kommt nach Z\u00fcrich. (Archivbild)<\/p>\n<p>Foto: Sylvain Thomas (AFP)<\/p>\n<p class=\"astro-gkn4pfbc articleParagraph externalicon-big focus _content-width article-element astro-bqhs6jcx\">Der britische Pops\u00e4nger James Blunt kommt f\u00fcr zwei Konzerte in die Schweiz. Der \u00abYou\u2019re Beautiful\u00bb-S\u00e4nger tritt am 3. M\u00e4rz 2027 im Hallenstadion in Z\u00fcrich auf, am Tag davor in der Arena in Genf, wie sein Management am Donnerstag mitteilte.<\/p>\n<p class=\"astro-gkn4pfbc articleParagraph externalicon-big focus _content-width article-element astro-bqhs6jcx\">Der Ticketverkauf startet am Mittwoch. Die Ticketpreise bewegen sich in Z\u00fcrich zwischen 82 Franken f\u00fcr einen Stehplatz und 137 Franken f\u00fcr einen \u00abPremium Sitzplatz\u00bb. F\u00fcr preisbewusstere Popschnulzenliebhaberinnen und -liebhaber spielt Blunt in Genf f\u00fcr Tickets zwischen 77 und 117 Franken.<\/p>\n<p class=\"hint astro-27fpiggi\">An dieser Stelle finden Sie einen erg\u00e4nzenden externen Inhalt. Falls Sie damit einverstanden sind, dass Cookies von externen Anbietern gesetzt und dadurch personenbezogene Daten an externe Anbieter \u00fcbermittelt werden, k\u00f6nnen Sie alle Cookies zulassen und externe Inhalte direkt anzeigen.<\/p>\n<p>  Cookies zulassen   Mehr Infos     <\/p>\n<p class=\"astro-gkn4pfbc articleParagraph externalicon-big focus _content-width article-element astro-bqhs6jcx\">James Blunt tritt im Rahmen <a class=\" astro-bqhs6jcx\" target=\"_blank\" rel=\"noopener noreferrer nofollow\" href=\"https:\/\/jamesblunt.com\/\" data-article-link=\"https:\/\/jamesblunt.com\/\">seines neuen Albums \u00abAirplane Mode\u00bb<\/a> auf, das am 6. November erscheint. Es enth\u00e4lt laut Mitteilung zw\u00f6lf \u00abGeschichten in Songform, in denen James \u00fcber die bunte Reise des Lebens erz\u00e4hlt\u00bb. \u00abIrgendwo da hinten habe ich meinen Weg verloren, aber in einem Studio in Banbury wiedergefunden\u00bb, wird Blunt \u00fcber die Pig Music Studios im englischen Banbury, in denen der Grossteil des Albums aufgenommen wurde, zitiert.<\/p>\n<p class=\"hint astro-27fpiggi\">An dieser Stelle finden Sie einen erg\u00e4nzenden externen Inhalt. Falls Sie damit einverstanden sind, dass Cookies von externen Anbietern gesetzt und dadurch personenbezogene Daten an externe Anbieter \u00fcbermittelt werden, k\u00f6nnen Sie alle Cookies zulassen und externe Inhalte direkt anzeigen.<\/p>\n<p>  Cookies zulassen   Mehr Infos    James Blunt: \u00abIch weiss nicht, was Gef\u00fchle sind\u00bb<\/p>\n<p class=\"astro-gkn4pfbc articleParagraph externalicon-big focus _content-width article-element astro-bqhs6jcx\">Nebst schw\u00fclstigen Liebesliedern wurde James Blunt \u00fcber die Jahre auch f\u00fcr seine humoristischen und selbstironischen Beitr\u00e4ge auf seinem Twitter-\/X-Profil bekannt. Zuletzt teilte er etwa einen kurzen Clip, in dem er versucht, seinem Sitznachbarn im Flugzeug den Namen seines neuen Albums erraten zu lassen.<\/p>\n<p class=\"astro-gkn4pfbc articleParagraph externalicon-big focus _content-width article-element astro-bqhs6jcx\"><a class=\"noExternalIcon astro-bqhs6jcx\" target=\"_self\" href=\"https:\/\/www.tagesanzeiger.ch\/interview-mit-james-blunt-ich-weiss-nicht-was-gefuehle-sind-818388003309\" data-article-link=\"https:\/\/www.tagesanzeiger.ch\/interview-mit-james-blunt-ich-weiss-nicht-was-gefuehle-sind-818388003309\" rel=\"nofollow noopener\">Gegen\u00fcber dieser Redaktion sagte James Blunt vor einigen Jahren<\/a>, er schreibe Songs, um Gef\u00fchle auszudr\u00fccken \u2013 \u00abdas ist so, weil ich das im Alltag nicht tue, es nicht kann und es einfach nicht in mir steckt\u00bb, so Blunt. \u00abIch bin ein Engl\u00e4nder aus schwierigen Verh\u00e4ltnissen. Ich bin mit sieben Jahren auf ein Internat gegangen. Das war das letzte Mal, dass ich meine Eltern gesehen habe. Ich bin also das, was wir in meinem Umfeld \u2039emotional verk\u00fcmmert\u203a nennen. Ich weiss nicht, was Gef\u00fchle sind.\u00bb<\/p>\n<p class=\"boxtitle astro-hwrdf5ss astro-bqhs6jcx\">James Blunt im Interview<\/p>\n<p>      Newsletter    <\/p>\n<p>Winti, was lauft?<\/p>\n<p> Erhalten Sie die besten Events, Restaurants und kulturellen Geheimtipps in Winterthur. <\/p>\n<p class=\"astro-2yzsvld2\"> <a class=\"more astro-2yzsvld2\" href=\"https:\/\/www.tagesanzeiger.ch\/newsletter-uebersicht\" rel=\"nofollow noopener\" target=\"_blank\"> Weitere Newsletter <\/a> <\/p>\n<p>       Einloggen       <\/p>\n","protected":false},"excerpt":{"rendered":"\u2013 James Blunt spielt im M\u00e4rz 2027 in Z\u00fcrich und Genf Der britische Pops\u00e4nger tritt am 2. M\u00e4rz&hellip;\n","protected":false},"author":2,"featured_media":373242,"comment_status":"","ping_status":"","sticky":false,"template":"","format":"standard","meta":{"footnotes":"","_share_on_mastodon":"0"},"categories":[24],"tags":[46,42,147,13899,153,154,44,1573,148],"class_list":["post-373241","post","type-post","status-publish","format-standard","has-post-thumbnail","category-musik","tag-at","tag-austria","tag-entertainment","tag-facts","tag-music","tag-musik","tag-oesterreich","tag-stats-reach-team-all-articles","tag-unterhaltung"],"share_on_mastodon":{"url":"https:\/\/pubeurope.com\/@at\/117208414555374810","error":""},"_links":{"self":[{"href":"https:\/\/www.europesays.com\/at\/wp-json\/wp\/v2\/posts\/373241","targetHints":{"allow":["GET"]}}],"collection":[{"href":"https:\/\/www.europesays.com\/at\/wp-json\/wp\/v2\/posts"}],"about":[{"href":"https:\/\/www.europesays.com\/at\/wp-json\/wp\/v2\/types\/post"}],"author":[{"embeddable":true,"href":"https:\/\/www.europesays.com\/at\/wp-json\/wp\/v2\/users\/2"}],"replies":[{"embeddable":true,"href":"https:\/\/www.europesays.com\/at\/wp-json\/wp\/v2\/comments?post=373241"}],"version-history":[{"count":0,"href":"https:\/\/www.europesays.com\/at\/wp-json\/wp\/v2\/posts\/373241\/revisions"}],"wp:featuredmedia":[{"embeddable":true,"href":"https:\/\/www.europesays.com\/at\/wp-json\/wp\/v2\/media\/373242"}],"wp:attachment":[{"href":"https:\/\/www.europesays.com\/at\/wp-json\/wp\/v2\/media?parent=373241"}],"wp:term":[{"taxonomy":"category","embeddable":true,"href":"https:\/\/www.europesays.com\/at\/wp-json\/wp\/v2\/categories?post=373241"},{"taxonomy":"post_tag","embeddable":true,"href":"https:\/\/www.europesays.com\/at\/wp-json\/wp\/v2\/tags?post=373241"}],"curies":[{"name":"wp","href":"https:\/\/api.w.org\/{rel}","templated":true}]}}