{"id":373247,"date":"2026-09-03T18:02:18","date_gmt":"2026-09-03T18:02:18","guid":{"rendered":"https:\/\/www.europesays.com\/at\/373247\/"},"modified":"2026-09-03T18:02:18","modified_gmt":"2026-09-03T18:02:18","slug":"alzheimer-immunzellen-aus-dem-koerper-statt-nur-aus-dem-gehirn-im-fokus","status":"publish","type":"post","link":"https:\/\/www.europesays.com\/at\/373247\/","title":{"rendered":"Alzheimer: Immunzellen aus dem K\u00f6rper statt nur aus dem Gehirn im Fokus"},"content":{"rendered":"<p>LONDON (IT BOLTWISE) \u2013 Forschende von der Washington University School of Medicine zeigen in einem Mausmodell, dass Alzheimer-\u00e4hnliche Entz\u00fcndungsprozesse durch Immunzellen au\u00dferhalb des <a href=\"https:\/\/www.it-boltwise.de\/wissensbasis\/gehirn\" target=\"_blank\" title=\"\" class=\"encyclopedia\" rel=\"nofollow noopener\">Gehirn<\/a>s mit angesto\u00dfen werden k\u00f6nnten. Besonders dendritische Zellen aus lymphatischen Organen scheinen die T-Zell-Aktivierung im <a href=\"https:\/\/www.it-boltwise.de\/wissensbasis\/gehirn\" target=\"_blank\" title=\"\" class=\"encyclopedia\" rel=\"nofollow noopener\">Gehirn<\/a> zu f\u00f6rdern. Wenn die dendritischen Zellen dort entfernt werden, steigen die T-Zellen im <a href=\"https:\/\/www.it-boltwise.de\/wissensbasis\/gehirn\" target=\"_blank\" title=\"\" class=\"encyclopedia\" rel=\"nofollow noopener\">Gehirn<\/a> offenbar nicht weiter an und die erwartete Sch\u00e4digung l\u00e4sst nach. Entscheidend: Die Verbesserung tritt auf, ohne dass sich die Tau-Auff\u00e4lligkeiten in den M\u00e4usen verringern.<\/p>\n<p><a href=\"https:\/\/www.europesays.com\/at\/wp-content\/uploads\/2026\/09\/alzheimer-immunzellen-ausserhalb-gehirn-trigger.jpg\" class=\"itbw-article-image-container open-in-lightbox\" style=\"display:block;line-height:0;\"><img loading=\"lazy\" decoding=\"async\" width=\"1024\" height=\"1024\" itemprop=\"image\" src=\"https:\/\/www.europesays.com\/at\/wp-content\/uploads\/2026\/09\/alzheimer-immunzellen-ausserhalb-gehirn-trigger.jpg\" alt=\"Alzheimer: Immunzellen aus dem K\u00f6rper statt nur aus dem Gehirn im Fokus\" title=\"Alzheimer: Immunzellen aus dem K\u00f6rper statt nur aus dem Gehirn im Fokus\" class=\"open-in-lightbox size-full wp-image-2531859\"\/><\/a>Alzheimer: Immunzellen aus dem K\u00f6rper statt nur aus dem Gehirn im Fokus (Foto: IT BOLTWISE)<\/p>\n<p><a style=\"border:0 !important;\" href=\"https:\/\/www.google.com\/preferences\/source?q=https:\/\/www.it-boltwise.de\" target=\"_blank\" rel=\"noopener noreferrer nofollow\" class=\"google-news-follow-btn\"><\/p>\n<p>    \ud83e\udde0 KI &amp; Robotik auf Google News abonnieren<\/p>\n<p><\/a><\/p>\n<p>Alzheimer gilt seit Jahrzehnten als Erkrankung, die \u201eim Kopf\u201c beginnt. Genau diese Perspektive r\u00fcckt eine neue <a href=\"https:\/\/www.it-boltwise.de\/wissensbasis\/studie\" target=\"_blank\" title=\"\" class=\"encyclopedia\" rel=\"nofollow noopener\">Studie<\/a> aus der <a href=\"https:\/\/www.it-boltwise.de\/wissensbasis\/forschung\" target=\"_blank\" title=\"\" class=\"encyclopedia\" rel=\"nofollow noopener\">Forschung<\/a> zur Alzheimer-Pathologie zurecht: In einem Mausmodell mit Alzheimer-\u00e4hnlicher Symptomatik finden Wissenschaftler Hinweise darauf, dass bestimmte Immunzellen nicht nur eine Folge von Hirnver\u00e4nderungen sind, sondern von Zellen au\u00dferhalb des <a href=\"https:\/\/www.it-boltwise.de\/wissensbasis\/gehirn\" target=\"_blank\" title=\"\" class=\"encyclopedia\" rel=\"nofollow noopener\">Gehirn<\/a>s \u201ehochgefahren\u201c werden. Damit verlagert sich der Fokus von rein neuronalen Mechanismen hin zu einer systemischen Immunlogik, bei der K\u00f6rper und zentrales Nervensystem eng miteinander gekoppelt sind. F\u00fcr die Entwicklung neuer Therapien ist das ein wichtiger Hebel, weil Immunprozesse oft an klar adressierbaren Schaltstellen h\u00e4ngen.<\/p>\n<p>Die <a href=\"https:\/\/www.it-boltwise.de\/wissensbasis\/studie\" target=\"_blank\" title=\"\" class=\"encyclopedia\" rel=\"nofollow noopener\">Studie<\/a> setzt an mehreren bekannten Befunden an: Bei Menschen mit Alzheimer sammelt sich im <a href=\"https:\/\/www.it-boltwise.de\/wissensbasis\/gehirn\" target=\"_blank\" title=\"\" class=\"encyclopedia\" rel=\"nofollow noopener\">Gehirn<\/a> eine ver\u00e4nderte Eiwei\u00dfmasse aus fehlgefalteten Formen von Amyloid-beta und Tau. W\u00e4hrend Amyloid-beta lange als zentraler Treiber diskutiert wurde, zeigen neuere Anti-Amyloid-Ans\u00e4tze in klinischen <a href=\"https:\/\/www.it-boltwise.de\/wissensbasis\/studie\" target=\"_blank\" title=\"\" class=\"encyclopedia\" rel=\"nofollow noopener\">Studie<\/a>n bisher eher begrenzte Effekte bei der Verlangsamung des Krankheitsverlaufs. Parallel dazu gibt es die Hypothese, dass Tau und Entz\u00fcndungsprozesse zusammenspielen, wobei die genauen Trigger bislang unklar blieben. Die Arbeitsgruppe um Hao Hu kn\u00fcpft daran mit einem anderen Kandidaten an: T-Zellen, die sich in relevanter Zahl im <a href=\"https:\/\/www.it-boltwise.de\/wissensbasis\/gehirn\" target=\"_blank\" title=\"\" class=\"encyclopedia\" rel=\"nofollow noopener\">Gehirn<\/a> aufhalten, k\u00f6nnten die eigentliche Sch\u00e4digung mit ansto\u00dfen, m\u00f6glicherweise zusammen mit Mikroglia, also dem residenten Immunzelltyp im zentralen Nervensystem. In fr\u00fcheren Mausversuchen hatten die Forschenden T-Zellen ausgeschaltet oder ihre Aktivit\u00e4t blockiert, woraufhin sich sowohl Entz\u00fcndung als auch neurodegenerative Ver\u00e4nderungen abschw\u00e4chen lie\u00dfen.<\/p>\n<p>Neu ist die Frage nach der \u201eQuelle\u201c dieser T-Zellen: Welche Immun-Zellfamilie aktiviert sie und sorgt so daf\u00fcr, dass sie im <a href=\"https:\/\/www.it-boltwise.de\/wissensbasis\/gehirn\" target=\"_blank\" title=\"\" class=\"encyclopedia\" rel=\"nofollow noopener\">Gehirn<\/a> problematisch werden? In der <a href=\"https:\/\/www.it-boltwise.de\/wissensbasis\/studie\" target=\"_blank\" title=\"\" class=\"encyclopedia\" rel=\"nofollow noopener\">Studie<\/a> werden dendritische Zellen als Schaltstelle betrachtet, weil sie T-Zellen in klassischen Immunreaktionen aktivieren. Die Forschenden konzentrieren sich dabei auf konventionelle bzw. klassische dendritische Zellen. Entscheidender Befund aus fr\u00fcheren Arbeiten: Es gab zwar im <a href=\"https:\/\/www.it-boltwise.de\/wissensbasis\/gehirn\" target=\"_blank\" title=\"\" class=\"encyclopedia\" rel=\"nofollow noopener\">Gehirn<\/a> insgesamt relativ wenige dieser dendritischen Zellen, und jene, die vorhanden waren, schienen nicht ausreichend f\u00fcr die beobachtete T-Zell-getriebene Sch\u00e4digung zu sein. Darum w\u00e4hlen die Wissenschaftler einen anderen Weg und verlagern die \u201eDendritik-Quelle\u201c gezielt nach au\u00dfen: In neuen Maus-Experimenten entfernen bzw. deaktivieren sie dendritische Zellen in lymphatischen Bereichen au\u00dferhalb des <a href=\"https:\/\/www.it-boltwise.de\/wissensbasis\/gehirn\" target=\"_blank\" title=\"\" class=\"encyclopedia\" rel=\"nofollow noopener\">Gehirn<\/a>s, einschlie\u00dflich den Lymphknoten. Das Ergebnis ist bemerkenswert konsistent mit dem Aktivierungsmodell: Wenn die dendritischen Zellen in diesen Arealen fehlen, verhindert das offenbar den Aufbau hoher T-Zell-Spiegel im <a href=\"https:\/\/www.it-boltwise.de\/wissensbasis\/gehirn\" target=\"_blank\" title=\"\" class=\"encyclopedia\" rel=\"nofollow noopener\">Gehirn<\/a>.<\/p>\n<p>Mit der T-Zell-Dynamik ver\u00e4ndert sich auch der Krankheitsverlauf im Modell. Die Autoren berichten, dass die erwartete <a href=\"https:\/\/www.it-boltwise.de\/wissensbasis\/gehirn\" target=\"_blank\" title=\"\" class=\"encyclopedia\" rel=\"nofollow noopener\">Gehirn<\/a>sch\u00e4digung bei den betroffenen M\u00e4usen abnimmt, w\u00e4hrend die kognitive Leistungsf\u00e4higkeit normal bleibt. Besonders relevant ist dabei die Trennung von Immunaktivierung und Tau-Last: Die Verbesserungen treten den Angaben zufolge auch dann auf, wenn die auff\u00e4lligen Tau-Spiegel im <a href=\"https:\/\/www.it-boltwise.de\/wissensbasis\/gehirn\" target=\"_blank\" title=\"\" class=\"encyclopedia\" rel=\"nofollow noopener\">Gehirn<\/a> nicht sinken. Das spricht daf\u00fcr, dass Entz\u00fcndung und T-Zell-getriebene Mechanismen zumindest in diesem Modell eine Art Verst\u00e4rker f\u00fcr die tats\u00e4chliche Sch\u00e4digung darstellen \u2013 w\u00e4hrend die Tau-Ansammlung als Vorstufe oder Parallelspur bestehen kann. In einem Zusammenhang mit dieser systemischen Sicht beschreibt Hao Hu sinngem\u00e4\u00df, dass man Alzheimer nicht nur im <a href=\"https:\/\/www.it-boltwise.de\/wissensbasis\/gehirn\" target=\"_blank\" title=\"\" class=\"encyclopedia\" rel=\"nofollow noopener\">Gehirn<\/a> untersuchen d\u00fcrfe, sondern auch au\u00dferhalb, weil letztlich der ganze K\u00f6rper in die Prozesse eingebunden ist.<\/p>\n<p>F\u00fcr die Translation in Richtung Humanmedizin bleibt allerdings noch viel Arbeit. Die Befunde basieren auf Tierversuchen; ob dendritische Zellen aus bestimmten lymphatischen Regionen beim Menschen tats\u00e4chlich ebenso als Trigger wirken, muss erst in weiteren <a href=\"https:\/\/www.it-boltwise.de\/wissensbasis\/studie\" target=\"_blank\" title=\"\" class=\"encyclopedia\" rel=\"nofollow noopener\">Studie<\/a>n gepr\u00fcft werden. Offene Fragen betreffen insbesondere den Startpunkt: Was veranlasst dendritische Zellen dazu, T-Zellen \u00fcberhaupt gegen Strukturen im <a href=\"https:\/\/www.it-boltwise.de\/wissensbasis\/gehirn\" target=\"_blank\" title=\"\" class=\"encyclopedia\" rel=\"nofollow noopener\">Gehirn<\/a> \u201ezu mobilisieren\u201c? Die Forschenden deuten an, dass eine abnorme Tau-Akkumulation im <a href=\"https:\/\/www.it-boltwise.de\/wissensbasis\/gehirn\" target=\"_blank\" title=\"\" class=\"encyclopedia\" rel=\"nofollow noopener\">Gehirn<\/a> ein zentraler Trigger sein k\u00f6nnte, aber sie liefern im aktuellen Stand keine vollst\u00e4ndige Kette von Ursache bis Effekt. Gleichzeitig er\u00f6ffnet die Idee einen praktischen Therapieknick: Alzheimer ist deshalb schwer behandelbar, weil viele Medikamentenkandidaten die Blut-Hirn-Schranke nicht zuverl\u00e4ssig erreichen. Wenn ein entscheidender Instigator au\u00dferhalb des <a href=\"https:\/\/www.it-boltwise.de\/wissensbasis\/gehirn\" target=\"_blank\" title=\"\" class=\"encyclopedia\" rel=\"nofollow noopener\">Gehirn<\/a>s sitzt, k\u00f6nnten Strategien entwickelt werden, die weniger in das <a href=\"https:\/\/www.it-boltwise.de\/wissensbasis\/gehirn\" target=\"_blank\" title=\"\" class=\"encyclopedia\" rel=\"nofollow noopener\">Gehirn<\/a> selbst eindringen m\u00fcssen und m\u00f6glicherweise besser steuerbar sind.<\/p>\n<p>Auch die konkreten n\u00e4chsten Schritte zielen auf klinisch plausiblere Szenarien. Geplant ist zu testen, ob das Ausschalten dendritischer Zellen erst sp\u00e4ter im Krankheitsverlauf noch reicht, um Sch\u00e4den im <a href=\"https:\/\/www.it-boltwise.de\/wissensbasis\/gehirn\" target=\"_blank\" title=\"\" class=\"encyclopedia\" rel=\"nofollow noopener\">Gehirn<\/a> zu reduzieren \u2013 also n\u00e4her an einer Situation, in der Menschen typischerweise nicht im fr\u00fchesten Stadium, sondern erst mit zunehmendem Risiko adressiert werden. Daneben wollen die Forschenden untersuchen, ob es sich lohnt, nur bestimmte Lymphknoten gezielt zu beeinflussen, etwa solche um den Hals, um die Wirkung zu erhalten, aber Nebenwirkungen zu reduzieren. Falls sich das Prinzip best\u00e4tigt, k\u00f6nnte daraus eine immunmodulatorische Strategie entstehen, die den Krankheitsverlauf zeitlich verschiebt, statt ihn vollst\u00e4ndig zu \u201er\u00fcckg\u00e4ngig\u201c zu machen. Genau dieser Punkt erscheint in der Abw\u00e4gung zentral: selbst eine deutliche Verz\u00f6gerung w\u00e4re im Rahmen neurodegenerativer Erkrankungen mit hoher Krankheitslast ein substanzieller Fortschritt, zumal Tau-assoziierte Mechanismen auch bei anderen Demenzformen eine Rolle spielen k\u00f6nnen.<\/p>\n<p>\t<a href=\"https:\/\/www.amazon.de\/gp\/angebote?&amp;linkCode=ll2&amp;tag=boltwise-21&amp;linkId=c40a6311bd10733d05d4a42cbb35604d&amp;language=en_GB&amp;ref_=as_li_ss_tl\" target=\"_blank\" style=\"border:0 !important;\" rel=\"nofollow noopener\"><img loading=\"lazy\" width=\"2048\" height=\"548\" decoding=\"async\" src=\"https:\/\/www.europesays.com\/at\/wp-content\/uploads\/2026\/09\/1788458534_240_adeals-5-scaled.png\" style=\"margin-left:20px;width:200px;-webkit-filter: grayscale(0) !important;filter: grayscale(0) !important;margin-bottom:15px;text-decoration:none !important;\"\/><\/a><\/p>\n<p>\t\t<a href=\"https:\/\/www.amazon.de\/blackfriday?linkCode=sl2&amp;ref_=as_li_ss_tl&amp;language=de_DE&amp;tag=boltwise-21&amp;linkId=0b0bd68c012cb70ca52550d56d4047be\" target=\"_blank\" style=\"border:0 !important;\" rel=\"nofollow noopener\"><img loading=\"lazy\" width=\"50\" height=\"50\" decoding=\"async\" src=\"https:\/\/www.europesays.com\/at\/wp-content\/uploads\/2026\/09\/1788458534_382_imgbin_de8e9947144cc41df7492733727cba70-small.png\" style=\"width:30px;-webkit-filter: grayscale(0) !important;filter: grayscale(0) !important;margin-bottom:15px;text-decoration:none !important; text-decoration: none !important; border: 0;position: relative;top: 5px;right: 15px;\"\/><\/a><\/p>\n<p>\ud83d\udcb3 <a alt=\"Amazon Kreditkarte\" target=\"_blank\" style=\"color:#8351a9;text-decoration: none !important;\" href=\"https:\/\/www.it-boltwise.de\/freecard\" rel=\"nofollow noopener\">Amazon-Kreditkarte mit 2.000 Euro Limit bestellen!<\/a><br \/>\ud83d\udd25 <a alt=\"Amazon Hot Deals\" target=\"_blank\" style=\"color:#8351a9;text-decoration: none !important;\" href=\"https:\/\/www.it-boltwise.de\/sponsoreddeals\" rel=\"nofollow noopener\">Heutige Hot Deals bei Amazon: Bis zu 80% Rabatte!<\/a><br \/>\ud83c\udf89 <a alt=\"Amazon Haul Store\" target=\"_blank\" style=\"color:#8351a9;text-decoration: none !important;\" href=\"https:\/\/www.amazon.de\/-\/en\/haul\/store?&amp;linkCode=ll2&amp;tag=boltwise-21&amp;linkId=399013a5af0a4d143675bfd9301b35bc&amp;language=en_GB&amp;ref_=as_li_ss_tl\" rel=\"nofollow noopener\">Amazon Haul-Store f\u00fcr absolute Schn\u00e4ppchenj\u00e4ger!<\/a><\/p>\n<p><\/p>\n<p>        <a class=\"aawp-product__image-link\" href=\"https:\/\/www.amazon.de\/dp\/B0FNRG2V5N?tag=boltwise-21&amp;linkCode=ogi&amp;th=1&amp;psc=1\" title=\"Plantbot Upgraded Large Smart Flower Pot Pet Planter Robot with Artificial Intelligence, Time Temperature Display, and Numerous Expressive Animations Based, for Indoor Decoration, Gifts (White)\" rel=\"nofollow noopener sponsored\" target=\"_blank\"><br \/>\n            <img decoding=\"async\" class=\"aawp-product__image\" src=\"https:\/\/www.europesays.com\/at\/wp-content\/uploads\/2026\/09\/1788458536_243_418bcqWDLCL._SL160_.jpg\" alt=\"Plantbot Upgraded Large Smart Flower Pot Pet Planter Robot with Artificial Intelligence, Time Temperature Display, and Numerous Expressive Animations Based, for Indoor Decoration, Gifts (White)\"\/><br \/>\n        <\/a><\/p>\n<p>        <a class=\"aawp-product__title\" href=\"https:\/\/www.amazon.de\/dp\/B0FNRG2V5N?tag=boltwise-21&amp;linkCode=ogi&amp;th=1&amp;psc=1\" title=\"Plantbot Upgraded Large Smart Flower Pot Pet Planter Robot with Artificial Intelligence, Time Temperature Display, and Numerous Expressive Animations Based, for Indoor Decoration, Gifts (White)\" rel=\"nofollow noopener sponsored\" target=\"_blank\"><br \/>\n            Plantbot Upgraded Large Smart Flower Pot Pet Planter Robot with Artificial Intelligence, Time Temperature Display, and Numerous Expressive Animations Based, for Indoor Decoration, Gifts (White)        <\/a><\/p>\n<p>            \u3010XL-Gr\u00f6\u00dfe f\u00fcr gedeihende Pflanzen\u3011Geben Sie Ihren Pflanzen den Raum, den sie verdienen! Unser verbessertes, gro\u00dfes 13,7 cm gro\u00dfes Design bietet Platz f\u00fcr Pflanzen mit einem Durchmesser von bis zu 8,9 cm und damit deutlich mehr Platz f\u00fcr Wurzelwachstum und Pflanzengesundheit im Vergleich zu kleineren, veralteten Modellen. Die Produktabmessungen betragen 13,6 x 13,6 x 13,2 cm und das Ger\u00e4t wiegt nur 355 g.        <\/p>\n<p><a style=\"border:0 !important;\" target=\"blank\" href=\"https:\/\/www.amazon.de\/s?k=KI+Gadgets&amp;crid=1R6BH3DA4AJC1&amp;sprefix=ki+gadgets%2Caps%2C254&amp;linkCode=ll2&amp;tag=boltwise-21&amp;linkId=8a690e4424ff30366af05da9fb60c3c4&amp;language=en_GB&amp;ref_=as_li_ss_tl\" rel=\"nofollow noopener\"><img loading=\"lazy\" width=\"277\" height=\"60\" decoding=\"async\" style=\"-webkit-filter: grayscale(0) !important; filter: grayscale(0) !important;\" src=\"https:\/\/www.it-boltwise.de\/wp-content\/uploads\/2025\/12\/gadgetbestseller.png\"\/><\/a><\/p>\n<p>    Bestseller Nr. 1 \u1d43\u293b\u1dbb \u00abKI Gadgets\u00bb<\/p>\n<p>    Bestseller Nr. 2 \u1d43\u293b\u1dbb \u00abKI Gadgets\u00bb<\/p>\n<p>    Bestseller Nr. 3 \u1d43\u293b\u1dbb \u00abKI Gadgets\u00bb<\/p>\n<p>    Bestseller Nr. 4 \u1d43\u293b\u1dbb \u00abKI Gadgets\u00bb<\/p>\n<p>    Bestseller Nr. 5 \u1d43\u293b\u1dbb \u00abKI Gadgets\u00bb<\/p>\n<p>\n<a title=\"Hat Ihnen der Artikel bzw. die News - Alzheimer: Immunzellen aus dem K\u00f6rper statt nur aus dem Gehirn im Fokus - gefallen? Dann abonnieren Sie uns doch auf Insta: AI News, Tech Trends &amp; Robotics - Instagram - Boltwise\" style=\"border:0 !important;\" href=\"https:\/\/www.it-boltwise.de\/iglink\" target=\"_blank\" rel=\"nofollow noopener\"><img loading=\"lazy\" width=\"980\" height=\"774\" decoding=\"async\" title=\"Hat Ihnen der Artikel bzw. die News - Alzheimer: Immunzellen aus dem K\u00f6rper statt nur aus dem Gehirn im Fokus - gefallen? Dann abonnieren Sie uns doch auf Insta: AI News, Tech Trends &amp; Robotics - Instagram - Boltwise\" alt=\"Hat Ihnen der Artikel bzw. die News - Alzheimer: Immunzellen aus dem K\u00f6rper statt nur aus dem Gehirn im Fokus - gefallen? Dann abonnieren Sie uns doch auf Insta: AI News, Tech Trends &amp; Robotics - Instagram - Boltwise\" src=\"https:\/\/www.europesays.com\/at\/wp-content\/uploads\/2026\/09\/1788458537_175_instagram.png\" style=\"width:100%;-webkit-filter: grayscale(0) !important;filter: grayscale(0) !important;\"\/><\/a><\/p>\n<p>        <img loading=\"lazy\" width=\"512\" height=\"512\" decoding=\"async\" style=\"width:42px;\" src=\"https:\/\/www.europesays.com\/at\/wp-content\/uploads\/2026\/09\/1788458538_283_4698570_email_inbox_letter_message_notifications_icon.png\"\/><\/p>\n<p><\/p>\n<p>Erg\u00e4nzungen und Infos bitte an die Redaktion per eMail an de-info[at]it-boltwise.de. Da wir bei KI-erzeugten News und Inhalten selten auftretende KI-Halluzinationen nicht ausschlie\u00dfen k\u00f6nnen, bitten wir Sie bei Falschangaben und Fehlinformationen uns via eMail zu kontaktieren und zu informieren. Bitte vergessen Sie nicht in der eMail die Artikel-Headline zu nennen: &#8222;Alzheimer: Immunzellen aus dem K\u00f6rper statt nur aus dem Gehirn im Fokus&#8220;.<\/p>\n","protected":false},"excerpt":{"rendered":"LONDON (IT BOLTWISE) \u2013 Forschende von der Washington University School of Medicine zeigen in einem Mausmodell, dass Alzheimer-\u00e4hnliche&hellip;\n","protected":false},"author":2,"featured_media":373248,"comment_status":"","ping_status":"","sticky":false,"template":"","format":"standard","meta":{"footnotes":"","_share_on_mastodon":"0"},"categories":[20],"tags":[17360,3626,29769,9571,46,42,76478,124,123,31558,507,508,93466,32405,44,2160,32065,58824],"class_list":["post-373247","post","type-post","status-publish","format-standard","has-post-thumbnail","category-gesundheit","tag-ai","tag-alzheimer","tag-amyloid-beta","tag-artificial-intelligence","tag-at","tag-austria","tag-dendritische-zellen","tag-gesundheit","tag-health","tag-immunantwort","tag-ki","tag-kuenstliche-intelligenz","tag-lymphknoten","tag-mikroglia","tag-oesterreich","tag-t-zellen","tag-tau","tag-tierversuch"],"share_on_mastodon":{"url":"https:\/\/pubeurope.com\/@at\/117208426323395788","error":""},"_links":{"self":[{"href":"https:\/\/www.europesays.com\/at\/wp-json\/wp\/v2\/posts\/373247","targetHints":{"allow":["GET"]}}],"collection":[{"href":"https:\/\/www.europesays.com\/at\/wp-json\/wp\/v2\/posts"}],"about":[{"href":"https:\/\/www.europesays.com\/at\/wp-json\/wp\/v2\/types\/post"}],"author":[{"embeddable":true,"href":"https:\/\/www.europesays.com\/at\/wp-json\/wp\/v2\/users\/2"}],"replies":[{"embeddable":true,"href":"https:\/\/www.europesays.com\/at\/wp-json\/wp\/v2\/comments?post=373247"}],"version-history":[{"count":0,"href":"https:\/\/www.europesays.com\/at\/wp-json\/wp\/v2\/posts\/373247\/revisions"}],"wp:featuredmedia":[{"embeddable":true,"href":"https:\/\/www.europesays.com\/at\/wp-json\/wp\/v2\/media\/373248"}],"wp:attachment":[{"href":"https:\/\/www.europesays.com\/at\/wp-json\/wp\/v2\/media?parent=373247"}],"wp:term":[{"taxonomy":"category","embeddable":true,"href":"https:\/\/www.europesays.com\/at\/wp-json\/wp\/v2\/categories?post=373247"},{"taxonomy":"post_tag","embeddable":true,"href":"https:\/\/www.europesays.com\/at\/wp-json\/wp\/v2\/tags?post=373247"}],"curies":[{"name":"wp","href":"https:\/\/api.w.org\/{rel}","templated":true}]}}