{"id":373293,"date":"2026-09-03T18:27:09","date_gmt":"2026-09-03T18:27:09","guid":{"rendered":"https:\/\/www.europesays.com\/at\/373293\/"},"modified":"2026-09-03T18:27:09","modified_gmt":"2026-09-03T18:27:09","slug":"die-wahrheit-hinter-dem-grazer-finanz-fiasko-koalition-wusste-alles","status":"publish","type":"post","link":"https:\/\/www.europesays.com\/at\/373293\/","title":{"rendered":"Die Wahrheit hinter dem Grazer Finanz-Fiasko: Koalition wusste alles"},"content":{"rendered":"<p>Graz (OTS) &#8211;\u00a0<\/p>\n<p>Rund um die in dieser Woche verh\u00e4ngten Haushaltssperre der Stadt Graz h\u00e4ufen sich die Ungereimtheiten. Die Aussage von Finanzstadtrat Manfred Eber, der von \u00fcberraschenden Mehrkosten von 32 Millionen Euro im Behindertenbereich aufgrund des neuen Behindertengesetzes des Landes sprach und damit argumentierte, dass sich dieser Mehrbedarf erst in den letzten Tagen ergeben hat, bewahrheitet sich nicht.<\/p>\n<p>Die \u201eGrazer\u201c-Recherche ergibt n\u00e4mlich ein v\u00f6llig anderes Bild. Bereits im Juli hat das Sozialamt dem Finanzstadtrat den zus\u00e4tzlichen Bedarf gemeldet. Das angesprochene Behindertengesetz trat bereits am 1. April in Kraft und hat auch nichts mit den Mehrausgaben zu tun. Denn: \u201eEs hat keine gesetzlichen \u00c4nderungen oder andere Ma\u00dfnahmen gegeben, die zu ,unerwarteten\u2018 Mehrausgaben f\u00fchren h\u00e4tten k\u00f6nnen\u201c, so die Auskunft vom Land Steiermark.<\/p>\n<p>Das Land hatte 2025 rund 630 Millionen Euro an Ausgaben f\u00fcr das BHG. Davon entfielen rund 140 Millionen Euro auf Graz. Mehrkosten von 32 Millionen Euro in Graz w\u00e4ren eine Steigerung um v\u00f6llig unhaltbare 23 Prozent. \u201eWie eine derartige Summe ohne eine gesetzliche Ausweitung von Leistungen zustande kommen h\u00e4tte sollen, m\u00fcsse man Graz erst einmal erkl\u00e4ren\u201c, hei\u00dft es von der zust\u00e4ndigen Stelle vom Land.<\/p>\n<p>20 Millionen Euro<br \/>Dies gibt man inzwischen auch im B\u00fcro Eber zu: Die Gr\u00fcnde f\u00fcr die hohen Mehrkosten seien nicht klar, zuletzt gab es nur eine H\u00e4ufung von \u201eNachzahlungsforderungen\u201c. Bei diesen Nachzahlungsforderungen soll es sich aber vorwiegend um offene Rechnungen von Tr\u00e4gern der Behindertenhilfe aus dem Jahr 2025 handeln. Diese Forderungen kamen demnach alles als unerwartet. Dieser R\u00fcckstand soll rund 20 Millionen Euro betragen.<\/p>\n<p>All diese Dinge waren der KP\u00d6 also bereits lange bekannt, als sie neben den Koalitionsverhandlungen mit den Gr\u00fcnen in die Gespr\u00e4che mit den anderen Parteien unter Leitung von Finanzdirektor Johannes M\u00fcller gegangen sind. Von dieser Mehrbelastung und einer drohenden Haushaltssperre war davon nie die Rede, h\u00f6rt man von \u00d6VP und FP\u00d6.<\/p>\n<p>Manfred Eber ist heute, Donnerstag, in der ZIB 2 zu diesem Thema zu sehen.<\/p>\n<p>Die ganze Recherche zum Nachlesen gibt es auf <a target=\"_blank\" rel=\"noopener noreferrer nofollow\" href=\"https:\/\/grazer.at\/\">Grazer.at<\/a><\/p>\n<p _ngcontent-ng-c2115416006=\"\">der Grazer \/ Media 21 GmbH<br \/>Mag. Tobit Schweighofer<br \/>Chefredakteur<br \/>+43\/664\/80 666 6692<br \/><a href=\"http:\/\/www.ots.at\/cdn-cgi\/l\/email-protection#aedac1ccc7da80ddcdc6d9cbc7c9c6c1c8cbdceec9dccfd4cbdc80cfda\" rel=\"nofollow noopener\" target=\"_blank\">[email\u00a0protected]<\/a><br \/>Grazer.at<\/p>\n<p _ngcontent-ng-c2115416006=\"\"> OTS-ORIGINALTEXT PRESSEAUSSENDUNG UNTER AUSSCHLIESSLICHER<br \/>\nINHALTLICHER VERANTWORTUNG DES AUSSENDERS &#8211; WWW.OTS.AT | REG<\/p>\n","protected":false},"excerpt":{"rendered":"Graz (OTS) &#8211;\u00a0 Rund um die in dieser Woche verh\u00e4ngten Haushaltssperre der Stadt Graz h\u00e4ufen sich die Ungereimtheiten.&hellip;\n","protected":false},"author":2,"featured_media":373294,"comment_status":"","ping_status":"","sticky":false,"template":"","format":"standard","meta":{"footnotes":"","_share_on_mastodon":"0"},"categories":[6],"tags":[26393,26395,46,42,183,411,44,26394,269,43,45,877],"class_list":["post-373293","post","type-post","status-publish","format-standard","has-post-thumbnail","category-oesterreich","tag-apa","tag-apa-ots","tag-at","tag-austria","tag-graz","tag-kpoe","tag-oesterreich","tag-ots","tag-politik","tag-republic-of-austria","tag-republik-oesterreich","tag-wirtschaft-und-finanzen"],"share_on_mastodon":{"url":"https:\/\/pubeurope.com\/@at\/117208524359188631","error":""},"_links":{"self":[{"href":"https:\/\/www.europesays.com\/at\/wp-json\/wp\/v2\/posts\/373293","targetHints":{"allow":["GET"]}}],"collection":[{"href":"https:\/\/www.europesays.com\/at\/wp-json\/wp\/v2\/posts"}],"about":[{"href":"https:\/\/www.europesays.com\/at\/wp-json\/wp\/v2\/types\/post"}],"author":[{"embeddable":true,"href":"https:\/\/www.europesays.com\/at\/wp-json\/wp\/v2\/users\/2"}],"replies":[{"embeddable":true,"href":"https:\/\/www.europesays.com\/at\/wp-json\/wp\/v2\/comments?post=373293"}],"version-history":[{"count":0,"href":"https:\/\/www.europesays.com\/at\/wp-json\/wp\/v2\/posts\/373293\/revisions"}],"wp:featuredmedia":[{"embeddable":true,"href":"https:\/\/www.europesays.com\/at\/wp-json\/wp\/v2\/media\/373294"}],"wp:attachment":[{"href":"https:\/\/www.europesays.com\/at\/wp-json\/wp\/v2\/media?parent=373293"}],"wp:term":[{"taxonomy":"category","embeddable":true,"href":"https:\/\/www.europesays.com\/at\/wp-json\/wp\/v2\/categories?post=373293"},{"taxonomy":"post_tag","embeddable":true,"href":"https:\/\/www.europesays.com\/at\/wp-json\/wp\/v2\/tags?post=373293"}],"curies":[{"name":"wp","href":"https:\/\/api.w.org\/{rel}","templated":true}]}}