{"id":373297,"date":"2026-09-03T18:29:12","date_gmt":"2026-09-03T18:29:12","guid":{"rendered":"https:\/\/www.europesays.com\/at\/373297\/"},"modified":"2026-09-03T18:29:12","modified_gmt":"2026-09-03T18:29:12","slug":"innsbrucker-hauptbahnhof-ist-kriminalitaetsbrennpunkt-unsertirol24","status":"publish","type":"post","link":"https:\/\/www.europesays.com\/at\/373297\/","title":{"rendered":"Innsbrucker Hauptbahnhof ist Kriminalit\u00e4tsbrennpunkt &#8211; UnserTirol24"},"content":{"rendered":"<p>Der Innsbrucker Hauptbahnhof sorgt derzeit f\u00fcr Diskussionen \u00fcber die Sicherheit in Tirols Landeshauptstadt. FP\u00d6-Stadtrat Markus Lassenberger fordert angesichts der Kriminalit\u00e4tszahlen und des geringen Sicherheitsgef\u00fchls der Bev\u00f6lkerung mehr Pr\u00e4senz von Polizei, Stadt und \u00d6BB.<\/p>\n<p>Hauptbahnhof Innsbruck &#8211; Foto: Tiia Monto \/ CC BY-SA (https:\/\/creativecommons.org\/licenses\/by-sa\/3.0)<\/p>\n<p>Laut einer parlamentarischen Anfrage der FP\u00d6 wird der Innsbrucker Hauptbahnhof vom Innenministerium beziehungsweise der Polizei als Kriminalit\u00e4tsschwerpunkt in Tirol eingestuft. F\u00fcr Markus Lassenberger best\u00e4tigt dies die Wahrnehmung vieler Menschen, die sich am Bahnhof und auf dem Vorplatz nicht sicher f\u00fchlen.<\/p>\n<p>Zwar weist die Innsbrucker Polizei laut Anfragebeantwortung darauf hin, dass es keinen wesentlichen Anstieg der Straftaten gibt. Dennoch sei die Kriminalit\u00e4tsrate weiterhin relativ hoch, argumentiert Lassenberger. Auch das subjektive Sicherheitsgef\u00fchl m\u00fcsse ernst genommen werden, da es beeinflusse, wie Menschen ihren Alltag gestalten und welche Wege sie beispielsweise vermeiden.<\/p>\n<p>Der FP\u00d6-Stadtrat fordert deshalb verst\u00e4rkte Sicherheitsma\u00dfnahmen. Entscheidend sei eine ausreichende Pr\u00e4senz von Polizei, der Mobilen \u00dcberwachungsgruppe (M\u00dcG) und der \u00d6BB-Sicherheit. Nur so k\u00f6nne gew\u00e4hrleistet werden, dass sich sowohl Einheimische als auch G\u00e4ste am Innsbrucker Hauptbahnhof wieder sicher f\u00fchlen.<\/p>\n","protected":false},"excerpt":{"rendered":"Der Innsbrucker Hauptbahnhof sorgt derzeit f\u00fcr Diskussionen \u00fcber die Sicherheit in Tirols Landeshauptstadt. FP\u00d6-Stadtrat Markus Lassenberger fordert angesichts&hellip;\n","protected":false},"author":2,"featured_media":373298,"comment_status":"","ping_status":"","sticky":false,"template":"","format":"standard","meta":{"footnotes":"","_share_on_mastodon":"0"},"categories":[32],"tags":[46,42,268,274,270,193,272,275,40,265,44,266,269,271,109,264,263,267,273,66],"class_list":["post-373297","post","type-post","status-publish","format-standard","has-post-thumbnail","category-innsbruck","tag-at","tag-austria","tag-chronik","tag-diskussion","tag-gesellschaft","tag-innsbruck","tag-mediengeschehen","tag-meinung","tag-nachrichten","tag-nordtirol","tag-oesterreich","tag-osttirol","tag-politik","tag-presseklick","tag-sport","tag-suedtirol","tag-unsertirol24","tag-ut24","tag-ut24-blog","tag-welt"],"share_on_mastodon":{"url":"https:\/\/pubeurope.com\/@at\/117208531830473633","error":""},"_links":{"self":[{"href":"https:\/\/www.europesays.com\/at\/wp-json\/wp\/v2\/posts\/373297","targetHints":{"allow":["GET"]}}],"collection":[{"href":"https:\/\/www.europesays.com\/at\/wp-json\/wp\/v2\/posts"}],"about":[{"href":"https:\/\/www.europesays.com\/at\/wp-json\/wp\/v2\/types\/post"}],"author":[{"embeddable":true,"href":"https:\/\/www.europesays.com\/at\/wp-json\/wp\/v2\/users\/2"}],"replies":[{"embeddable":true,"href":"https:\/\/www.europesays.com\/at\/wp-json\/wp\/v2\/comments?post=373297"}],"version-history":[{"count":0,"href":"https:\/\/www.europesays.com\/at\/wp-json\/wp\/v2\/posts\/373297\/revisions"}],"wp:featuredmedia":[{"embeddable":true,"href":"https:\/\/www.europesays.com\/at\/wp-json\/wp\/v2\/media\/373298"}],"wp:attachment":[{"href":"https:\/\/www.europesays.com\/at\/wp-json\/wp\/v2\/media?parent=373297"}],"wp:term":[{"taxonomy":"category","embeddable":true,"href":"https:\/\/www.europesays.com\/at\/wp-json\/wp\/v2\/categories?post=373297"},{"taxonomy":"post_tag","embeddable":true,"href":"https:\/\/www.europesays.com\/at\/wp-json\/wp\/v2\/tags?post=373297"}],"curies":[{"name":"wp","href":"https:\/\/api.w.org\/{rel}","templated":true}]}}