{"id":373331,"date":"2026-09-03T18:46:15","date_gmt":"2026-09-03T18:46:15","guid":{"rendered":"https:\/\/www.europesays.com\/at\/373331\/"},"modified":"2026-09-03T18:46:15","modified_gmt":"2026-09-03T18:46:15","slug":"sieger-steht-nun-fest-mobilitaetspreis-fuer-bedeutende-projekte-verliehen","status":"publish","type":"post","link":"https:\/\/www.europesays.com\/at\/373331\/","title":{"rendered":"Sieger steht nun fest &#8211; Mobilit\u00e4tspreis f\u00fcr bedeutende Projekte verliehen"},"content":{"rendered":"<p>B\u00fcndel an Ma\u00dfnahmen der Tirol Kliniken<br \/>Die Tirol Kliniken haben f\u00fcr ihre 9000 Besch\u00e4ftigten in Innsbruck, Hall, Hochzirl und Natters ein B\u00fcndel an Ma\u00dfnahmen umgesetzt, damit die Mitarbeiterinnen und Mitarbeiter umweltvertr\u00e4glicher zur Arbeit kommen. Zwei Drittel nutzen bereits die Angebote von Jobticket \u00fcber Stadtrat bis Car-Sharing. Bereits 2016 wurde begonnen, die Flotte auf E-Autos umzustellen, sagte Stefan Deflorian, GF Tirol Kliniken.<\/p>\n","protected":false},"excerpt":{"rendered":"B\u00fcndel an Ma\u00dfnahmen der Tirol KlinikenDie Tirol Kliniken haben f\u00fcr ihre 9000 Besch\u00e4ftigten in Innsbruck, Hall, Hochzirl und&hellip;\n","protected":false},"author":2,"featured_media":373332,"comment_status":"","ping_status":"","sticky":false,"template":"","format":"standard","meta":{"footnotes":"","_share_on_mastodon":"0"},"categories":[6],"tags":[46,42,93473,193,22914,492,44,43,45,93474,8244],"class_list":["post-373331","post","type-post","status-publish","format-standard","has-post-thumbnail","category-oesterreich","tag-at","tag-austria","tag-gf-tirol-kliniken-der","tag-innsbruck","tag-land-tirol","tag-oebb","tag-oesterreich","tag-republic-of-austria","tag-republik-oesterreich","tag-stefan-deflorian","tag-tirol-kliniken"],"share_on_mastodon":{"url":"https:\/\/pubeurope.com\/@at\/117208598712571748","error":""},"_links":{"self":[{"href":"https:\/\/www.europesays.com\/at\/wp-json\/wp\/v2\/posts\/373331","targetHints":{"allow":["GET"]}}],"collection":[{"href":"https:\/\/www.europesays.com\/at\/wp-json\/wp\/v2\/posts"}],"about":[{"href":"https:\/\/www.europesays.com\/at\/wp-json\/wp\/v2\/types\/post"}],"author":[{"embeddable":true,"href":"https:\/\/www.europesays.com\/at\/wp-json\/wp\/v2\/users\/2"}],"replies":[{"embeddable":true,"href":"https:\/\/www.europesays.com\/at\/wp-json\/wp\/v2\/comments?post=373331"}],"version-history":[{"count":0,"href":"https:\/\/www.europesays.com\/at\/wp-json\/wp\/v2\/posts\/373331\/revisions"}],"wp:featuredmedia":[{"embeddable":true,"href":"https:\/\/www.europesays.com\/at\/wp-json\/wp\/v2\/media\/373332"}],"wp:attachment":[{"href":"https:\/\/www.europesays.com\/at\/wp-json\/wp\/v2\/media?parent=373331"}],"wp:term":[{"taxonomy":"category","embeddable":true,"href":"https:\/\/www.europesays.com\/at\/wp-json\/wp\/v2\/categories?post=373331"},{"taxonomy":"post_tag","embeddable":true,"href":"https:\/\/www.europesays.com\/at\/wp-json\/wp\/v2\/tags?post=373331"}],"curies":[{"name":"wp","href":"https:\/\/api.w.org\/{rel}","templated":true}]}}