{"id":373365,"date":"2026-09-03T19:03:14","date_gmt":"2026-09-03T19:03:14","guid":{"rendered":"https:\/\/www.europesays.com\/at\/373365\/"},"modified":"2026-09-03T19:03:14","modified_gmt":"2026-09-03T19:03:14","slug":"europas-gruene-niederlaendische-abgeordnete-widersetzen-sich-parteispitze","status":"publish","type":"post","link":"https:\/\/www.europesays.com\/at\/373365\/","title":{"rendered":"Europas Gr\u00fcne: Niederl\u00e4ndische Abgeordnete widersetzen sich Parteispitze"},"content":{"rendered":"<p>Realos gegen Fundis <\/p>\n<p>Niederl\u00e4ndische Gr\u00fcne rebellieren gegen Parteifusion<\/p>\n<p>Von t-online, afp, reuters<\/p>\n<p>03.09.2026 &#8211; 18:33 UhrLesedauer: 3 Min.<\/p>\n<p><a href=\"#focus-0\" class=\"transition-colors block text-current relative\" data-sctrack=\"FocusGalleryImage.Reference\"><img fetchpriority=\"high\" data-testid=\"Opener.Image\"   loading=\"eager\" src=\"https:\/\/www.europesays.com\/at\/wp-content\/uploads\/2026\/09\/europaparlament-strassburg-01-022026-gruene-fussgaengerampel-vor-dem-louise-weiss-gebaeude-des-europ.jpeg\" alt=\"imago images 0846737390\" title=\"imago images 0846737390\" width=\"4000\" height=\"2250\" class=\"bg-[url:var(--lqipURL)] bg-cover bg-center flex h-full w-full max-w-full\" style=\"--lqipURL:url('https:\/\/images.t-online.de\/2026\/09\/PFcSOsSeI0jI\/0x209:4000x2250\/fit-in\/150x0\/filters:blur(25)\/europaparlament-strassburg-01-022026-gruene-fussgaengerampel-vor-dem-louise-weiss-gebaeude-des-europaeischen-parlaments-in-strassburg-die-aufnahme-zeigt-den-modernen-parlamentssitz-mit-eu-flaggen-im-hintergrund-und-kann-als-symbol-fuer-zustimmung-fortschritt-oder-politische-bewegung-verstanden-werden-strassburg-contades-nord-bas-rhin-frankreich-european-parliament-strasbourg-01-02-2026-green-pedestrian-lights-in-front-of-the-louise-weiss-building-of-the-european-parliament-in-strasbourg-the-photo-shows-t.jpg')\" decoding=\"async\"\/><img loading=\"lazy\" src=\"https:\/\/www.t-online.de\/s\/paper\/_next\/static\/media\/zoom-in.f7dae02f.svg\" alt=\"Vergr\u00f6\u00dfern des Bildes\" title=\"Vergr\u00f6\u00dfern des Bildes\" class=\"block h-[calc(var(--height)_\/_16_*_1rem)] w-[calc(var(--width)_\/_16_*_1rem)] max-w-none absolute right-8 bottom-8 rounded-4 bg-snow p-8\" style=\"--width:32;--height:32\" decoding=\"async\"\/><\/a><\/p>\n<p>Das Europaparlament in Stra\u00dfburg (Archivbild): Nicht nur eine Liebesaff\u00e4re sorgt in der Gr\u00fcnenfraktion f\u00fcr Aufruhr. (Quelle: IMAGO\/Ardan FUESSMANN\/imago)<\/p>\n<p><img loading=\"lazy\" src=\"https:\/\/www.t-online.de\/s\/paper\/_next\/static\/media\/audio-volume.6689034c.svg\" alt=\"\" title=\"\" class=\"block h-[calc(var(--height)_\/_16_*_1rem)] w-[calc(var(--width)_\/_16_*_1rem)] max-w-none group-hover:brightness-0 group-hover:invert\" style=\"--width:16;--height:16\" decoding=\"async\"\/>Vorlesen<\/p>\n<p>Aktuelle Zeit:0:00Gesamtdauer:0:00<\/p>\n<p>1x<img loading=\"lazy\" src=\"https:\/\/www.t-online.de\/s\/paper\/_next\/static\/media\/font-sizes.32942e33.svg\" alt=\"\" title=\"\" class=\"block h-[calc(var(--height)_\/_16_*_1rem)] w-[calc(var(--width)_\/_16_*_1rem)] max-w-none group-hover:hidden group-aria-expanded:hidden\" style=\"--width:16;--height:16\" decoding=\"async\"\/><img loading=\"lazy\" src=\"https:\/\/www.t-online.de\/s\/paper\/_next\/static\/media\/font-sizes-dark-mode.e382645c.svg\" alt=\"\" title=\"\" class=\"block h-[calc(var(--height)_\/_16_*_1rem)] w-[calc(var(--width)_\/_16_*_1rem)] max-w-none hidden group-hover:block group-aria-expanded:block\" style=\"--width:16;--height:16\" decoding=\"async\"\/><img loading=\"lazy\" src=\"https:\/\/www.t-online.de\/s\/paper\/_next\/static\/media\/sharing-menu-icon.1eb71368.svg\" alt=\"\" title=\"\" class=\"block h-[calc(var(--height)_\/_16_*_1rem)] w-[calc(var(--width)_\/_16_*_1rem)] max-w-none group-hover:brightness-0 group-hover:invert\" style=\"--width:16;--height:16\" decoding=\"async\"\/>Artikel teilen<\/p>\n<p class=\"font-bold text-18 leading-17 user-text-lg:text-22 user-text-xl:text-24\">Unmut bei den Gr\u00fcnen in Europa: Erst zieht sich der Ko-Fraktionschef wegen einer &#8222;unsachgem\u00e4\u00dfen Beziehung&#8220; zur\u00fcck. Dann rebellieren niederl\u00e4ndische Abgeordnete.<\/p>\n<p class=\"text-18 leading-17 user-text-lg:text-22 user-text-xl:text-24\">Der Sommer lief nicht gut f\u00fcr Europas Gr\u00fcne. Erst gab Bas Eickhout, Ko-Fraktionschef der Partei im Europaparlament, sein Amt auf. Er hatte zuvor eine &#8222;unangemessene Beziehung&#8220; zur \u00f6sterreichischen Fraktionskollegin Lena Schilling einger\u00e4umt. Eickhout zog sich aus der Politik zur\u00fcck.<\/p>\n<p class=\"text-18 leading-17 user-text-lg:text-22 user-text-xl:text-24\">Nun droht in der Fraktion ein Aufstand der Abgeordneten aus den Niederlanden. Sie widersetzen sich den Vorgaben der Parteispitze aus Den Haag, die mittelfristig auf einen Wechsel ihres Personals zu den Sozialdemokraten dringt.<\/p>\n<p>Budget: <a href=\"https:\/\/www.t-online.de\/nachrichten\/ausland\/id_101408538\/die-sparsamen-in-der-eu-kaempfen-um-einsparungen.html\" class=\"transition-colors cursor-pointer no-underline md:hover:text-magenta md:focus:text-magenta border-b border-solid border-current text-salemsfur md:hover:border-magenta\" data-tracking=\"{&quot;action&quot;:&quot;click&quot;,&quot;category&quot;:&quot;intextLink&quot;,&quot;label&quot;:&quot;\/nachrichten\/ausland\/id_101408538\/die-sparsamen-in-der-eu-kaempfen-um-einsparungen.html&quot;}\" data-sctrack=\"BodyAnchor\" rel=\"nofollow noopener\" target=\"_blank\">Merz stellt sich gegen Milliardenzuwachs f\u00fcr neuen EU-Haushalt<\/a>Zustimmung: <a href=\"https:\/\/www.t-online.de\/finanzen\/boerse\/ticker\/eu-genehmigt-deutsche-milliarden-fuer-gaskraftwerke\/0DBA4400221ADDD8\/\" class=\"transition-colors cursor-pointer no-underline md:hover:text-magenta md:focus:text-magenta border-b border-solid border-current text-salemsfur md:hover:border-magenta\" data-tracking=\"{&quot;action&quot;:&quot;click&quot;,&quot;category&quot;:&quot;intextLink&quot;,&quot;label&quot;:&quot;\/finanzen\/boerse\/ticker\/eu-genehmigt-deutsche-milliarden-fuer-gaskraftwerke\/0DBA4400221ADDD8\/&quot;}\" data-sctrack=\"BodyAnchor\" rel=\"nofollow noopener\" target=\"_blank\">EU genehmigt Hilfen f\u00fcr deutsche Gaskraftwerke<\/a><\/p>\n<p class=\"text-18 leading-17 user-text-lg:text-22 user-text-xl:text-24\">Der Hintergrund ist eine Parteireform in den Niederlanden. <a href=\"https:\/\/www.t-online.de\/nachrichten\/ausland\/eu\/id_101220332\/niederlande-rot-gruen-fusioniert-rechte-klagen-ueber-namen-pro-wilders.html\" class=\"transition-colors cursor-pointer no-underline md:hover:text-magenta md:focus:text-magenta border-b border-solid border-current text-salemsfur md:hover:border-magenta\" data-tracking=\"{&quot;action&quot;:&quot;click&quot;,&quot;category&quot;:&quot;intextLink&quot;,&quot;label&quot;:&quot;\/nachrichten\/ausland\/eu\/id_101220332\/niederlande-rot-gruen-fusioniert-rechte-klagen-ueber-namen-pro-wilders.html&quot;}\" data-sctrack=\"BodyAnchor\" rel=\"nofollow noopener\" target=\"_blank\">Dort waren Sozialdemokraten und Gr\u00fcne im Juni zur neuen rot-gr\u00fcnen Pro-Partei fusioniert.<\/a> Offen blieb die Frage, wohin die neue Bewegung auf EU-Ebene tendiert. Zu den Sozialdemokraten oder zu Europas Gr\u00fcnen?<\/p>\n<p>Aufstand in der Fraktion gegen Parteichef<\/p>\n<p class=\"text-18 leading-17 user-text-lg:text-22 user-text-xl:text-24\">Nun hat die Parteif\u00fchrung in Den Haag entschieden. Der neue Parteichef Jesse Klaver erkl\u00e4rte, es gehe darum, &#8222;in Europa gr\u00f6\u00dftm\u00f6glichen Einfluss auszu\u00fcben&#8220;. F\u00fcr Klaver bedeutet das, dass sich die Abgeordneten der neuen Gruppierung auf EU-Ebene den Sozialdemokraten anschlie\u00dfen. &#8222;Das wird sowohl unserer Sache als auch unserem Anspruch gerecht&#8220;, so der Parteichef. Keine leichte Entscheidung. Und eine Richtungswahl.<\/p>\n<p class=\"text-18 leading-17 user-text-lg:text-22 user-text-xl:text-24\">Denn der Beschluss r\u00fchrt an einer alten Debatte auf der Linken. Von einer &#8222;Frage der Identit\u00e4t&#8220; sprach die niederl\u00e4ndische Ex-Gr\u00fcnen-Europaabgeordnete Judith Sargentini in der niederl\u00e4ndischen Zeitung &#8222;NRC Handelsblad&#8220; und stellte die entscheidende Frage: &#8222;Sind wir eine Partei, die den Systemwandel anstrebt oder wollen wir nur ein paar kleine Anpassungen?&#8220; Die Parteispitze w\u00e4hlte die Machtoption. Die Basis setzt auf Idealismus und w\u00fctet. Der Streit zwischen Realos und Fundis erreicht die EU-Ebene.<\/p>\n<p><a href=\"#focus-1\" class=\"transition-colors block text-current relative\" data-sctrack=\"FocusGalleryImage.Reference\"><img   loading=\"lazy\" src=\"https:\/\/www.europesays.com\/at\/wp-content\/uploads\/2026\/09\/halfweg-after-80-years-of-the-pvda-the-red-rose-disappears-gl-pvda-continues-as-progressief-nederlan.jpeg\" alt=\"imago images 0851866315\" title=\"imago images 0851866315\" width=\"2472\" height=\"1391\" class=\"h-full w-full max-w-full rounded-8\" decoding=\"async\"\/><img loading=\"lazy\" src=\"https:\/\/www.t-online.de\/s\/paper\/_next\/static\/media\/zoom-in.f7dae02f.svg\" alt=\"Vergr\u00f6\u00dfern des Bildes\" title=\"Vergr\u00f6\u00dfern des Bildes\" class=\"block h-[calc(var(--height)_\/_16_*_1rem)] w-[calc(var(--width)_\/_16_*_1rem)] max-w-none absolute right-8 bottom-8 rounded-4 bg-snow p-8\" style=\"--width:32;--height:32\" decoding=\"async\"\/>Jesse Klaver (Archivbild): Der neue rot-gr\u00fcne Parteichef will die Bewegung in Europa bei den Sozialdemokraten verankern. (Quelle: IMAGO\/Robin Utrecht\/imago)<\/a><\/p>\n<p class=\"text-18 leading-17 user-text-lg:text-22 user-text-xl:text-24\">Dort rebellieren nun die eigenen Abgeordneten in der Gr\u00fcnen-Fraktion gegen die Fusion mit Sozialdemokraten. Und auch in der Heimat herrscht Verdruss. &#8222;Jeder wei\u00df, dass die Parteif\u00fchrung sich lieber den Sozialdemokraten anschlie\u00dfen wollte&#8220;, schimpfte Soesha Sandker, Chefin der rot-gr\u00fcnen Jugendorganisation Protest. Und mit Blick auf manch Moskau-treue sozialdemokratische Parteigruppe im Osten Europas stellte der Politikwissenschaftler Simon Otjes von der Universit\u00e4t Leiden fest: &#8222;In der Summe steht Pro Europas Gr\u00fcnen n\u00e4her als den Sozialdemokraten auf EU-Ebene.&#8220;<\/p>\n","protected":false},"excerpt":{"rendered":"Realos gegen Fundis Niederl\u00e4ndische Gr\u00fcne rebellieren gegen Parteifusion Von t-online, afp, reuters 03.09.2026 &#8211; 18:33 UhrLesedauer: 3 Min.&hellip;\n","protected":false},"author":2,"featured_media":373366,"comment_status":"","ping_status":"","sticky":false,"template":"","format":"standard","meta":{"footnotes":"","_share_on_mastodon":"0"},"categories":[3],"tags":[2752,53121,15215,257,76,75,19849,74,44974,93478,93477,93479,379,2415,93476,38664],"class_list":["post-373365","post","type-post","status-publish","format-standard","has-post-thumbnail","category-europa","tag-2752","tag-bas-eickhout","tag-den-haag","tag-deutschland","tag-eu","tag-europa","tag-europaeisches-parlament","tag-europe","tag-gaskraftwerk","tag-gruenenfraktion","tag-jesse-klaver","tag-judith-sargentini","tag-lena-schilling","tag-niederlande","tag-parteifusion","tag-strassburg"],"share_on_mastodon":{"url":"https:\/\/pubeurope.com\/@at\/117208666630266012","error":""},"_links":{"self":[{"href":"https:\/\/www.europesays.com\/at\/wp-json\/wp\/v2\/posts\/373365","targetHints":{"allow":["GET"]}}],"collection":[{"href":"https:\/\/www.europesays.com\/at\/wp-json\/wp\/v2\/posts"}],"about":[{"href":"https:\/\/www.europesays.com\/at\/wp-json\/wp\/v2\/types\/post"}],"author":[{"embeddable":true,"href":"https:\/\/www.europesays.com\/at\/wp-json\/wp\/v2\/users\/2"}],"replies":[{"embeddable":true,"href":"https:\/\/www.europesays.com\/at\/wp-json\/wp\/v2\/comments?post=373365"}],"version-history":[{"count":0,"href":"https:\/\/www.europesays.com\/at\/wp-json\/wp\/v2\/posts\/373365\/revisions"}],"wp:featuredmedia":[{"embeddable":true,"href":"https:\/\/www.europesays.com\/at\/wp-json\/wp\/v2\/media\/373366"}],"wp:attachment":[{"href":"https:\/\/www.europesays.com\/at\/wp-json\/wp\/v2\/media?parent=373365"}],"wp:term":[{"taxonomy":"category","embeddable":true,"href":"https:\/\/www.europesays.com\/at\/wp-json\/wp\/v2\/categories?post=373365"},{"taxonomy":"post_tag","embeddable":true,"href":"https:\/\/www.europesays.com\/at\/wp-json\/wp\/v2\/tags?post=373365"}],"curies":[{"name":"wp","href":"https:\/\/api.w.org\/{rel}","templated":true}]}}