{"id":373379,"date":"2026-09-03T19:11:19","date_gmt":"2026-09-03T19:11:19","guid":{"rendered":"https:\/\/www.europesays.com\/at\/373379\/"},"modified":"2026-09-03T19:11:19","modified_gmt":"2026-09-03T19:11:19","slug":"praesentation-in-wien-elitefeld-jagt-beim-wachaumarathon-erneut-streckenrekorde","status":"publish","type":"post","link":"https:\/\/www.europesays.com\/at\/373379\/","title":{"rendered":"Pr\u00e4sentation in Wien &#8211; Elitefeld jagt beim Wachaumarathon erneut Streckenrekorde"},"content":{"rendered":"<p>        <img decoding=\"async\" src=\"https:\/\/www.europesays.com\/at\/wp-content\/uploads\/2026\/09\/img-I7inbPrikDQJFYCI.jpeg\" data-fullscreen-src=\"https:\/\/www.noen.at\/image\/3840x0-jpg\/6611173\/img-I7inbPrikDQJFYCI.jpeg\" bad-src=\"https:\/\/www.europesays.com\/at\/wp-content\/uploads\/2026\/09\/img-I7inbPrikDQJFYCI.jpeg\" data-teaser-member=\"image\" alt=\"dsfdsf\"\/><\/p>\n<p>\n                Vorjahressieger und Streckenrekordhalter Mkulia Kipkandie will es beim Wachaumarathon auch heuer wissen.            <\/p>\n<p>\n                Foto:<br \/>\n                Bernd Gruber, Bernd Gruber                            <\/p>\n<p>\n        Der Internationale Wachaumarathon geht am 12. und 13. September in seine 26. Auflage. Nach den Streckenrekorden im Vorjahr erwarten die Veranstalter mehr als 8.000 Teilnehmerinnen und Teilnehmer sowie einen hochkar\u00e4tig besetzten Halbmarathon.     <\/p>\n<p>Die Messlatte f\u00fcr den heurigen Wachaumarathon liegt hoch. Beim 25-Jahr-Jubil\u00e4um im Vorjahr wurden sowohl bei den Frauen als auch bei den M\u00e4nnern neue Streckenrekorde \u00fcber die Halbmarathondistanz erzielt. Mehr als 7.500 L\u00e4uferinnen und L\u00e4ufer nahmen damals am Bewerb teil. F\u00fcr 2026 rechnen die Veranstalter mit einem weiteren Teilnehmerzuwachs.<\/p>\n","protected":false},"excerpt":{"rendered":"Vorjahressieger und Streckenrekordhalter Mkulia Kipkandie will es beim Wachaumarathon auch heuer wissen. Foto: Bernd Gruber, Bernd Gruber Der&hellip;\n","protected":false},"author":2,"featured_media":373380,"comment_status":"","ping_status":"","sticky":false,"template":"","format":"standard","meta":{"footnotes":"","_share_on_mastodon":"0"},"categories":[28],"tags":[317,46,42,7341,13028,93489,44,2974,724,109,11275,181,93488,182],"class_list":["post-373379","post","type-post","status-publish","format-standard","has-post-thumbnail","category-wien","tag-317","tag-at","tag-austria","tag-event","tag-laufsport","tag-michael-buchleitner","tag-oesterreich","tag-praesentation","tag-redaktion","tag-sport","tag-veranstaltung","tag-vienna","tag-wachaumarathon","tag-wien"],"share_on_mastodon":{"url":"https:\/\/pubeurope.com\/@at\/117208697645962690","error":""},"_links":{"self":[{"href":"https:\/\/www.europesays.com\/at\/wp-json\/wp\/v2\/posts\/373379","targetHints":{"allow":["GET"]}}],"collection":[{"href":"https:\/\/www.europesays.com\/at\/wp-json\/wp\/v2\/posts"}],"about":[{"href":"https:\/\/www.europesays.com\/at\/wp-json\/wp\/v2\/types\/post"}],"author":[{"embeddable":true,"href":"https:\/\/www.europesays.com\/at\/wp-json\/wp\/v2\/users\/2"}],"replies":[{"embeddable":true,"href":"https:\/\/www.europesays.com\/at\/wp-json\/wp\/v2\/comments?post=373379"}],"version-history":[{"count":0,"href":"https:\/\/www.europesays.com\/at\/wp-json\/wp\/v2\/posts\/373379\/revisions"}],"wp:featuredmedia":[{"embeddable":true,"href":"https:\/\/www.europesays.com\/at\/wp-json\/wp\/v2\/media\/373380"}],"wp:attachment":[{"href":"https:\/\/www.europesays.com\/at\/wp-json\/wp\/v2\/media?parent=373379"}],"wp:term":[{"taxonomy":"category","embeddable":true,"href":"https:\/\/www.europesays.com\/at\/wp-json\/wp\/v2\/categories?post=373379"},{"taxonomy":"post_tag","embeddable":true,"href":"https:\/\/www.europesays.com\/at\/wp-json\/wp\/v2\/tags?post=373379"}],"curies":[{"name":"wp","href":"https:\/\/api.w.org\/{rel}","templated":true}]}}