{"id":373381,"date":"2026-09-03T19:12:21","date_gmt":"2026-09-03T19:12:21","guid":{"rendered":"https:\/\/www.europesays.com\/at\/373381\/"},"modified":"2026-09-03T19:12:21","modified_gmt":"2026-09-03T19:12:21","slug":"jazz-saengerin-cassandra-wilson-ist-tot","status":"publish","type":"post","link":"https:\/\/www.europesays.com\/at\/373381\/","title":{"rendered":"Jazz-S\u00e4ngerin Cassandra Wilson ist tot"},"content":{"rendered":"<p>Grammy-Gewinnerin <\/p>\n<p>Jazz-S\u00e4ngerin Cassandra Wilson ist tot<\/p>\n<p>Aktualisiert am 03.09.2026 &#8211; 07:24 UhrLesedauer: 1 Min.<\/p>\n<p><a href=\"#focus-0\" class=\"transition-colors block text-current relative\" data-sctrack=\"FocusGalleryImage.Reference\"><img fetchpriority=\"high\" data-testid=\"Opener.Image\"   loading=\"eager\" src=\"https:\/\/www.europesays.com\/at\/wp-content\/uploads\/2026\/09\/die-us-saengerin-cassandra-wilson-in-havanna.jpg\" alt=\"Die US-S\u00e4ngerin Cassandra Wilson in Havanna.\" title=\"Die US-S\u00e4ngerin Cassandra Wilson in Havanna.\" width=\"1280\" height=\"720\" class=\"bg-[url:var(--lqipURL)] bg-cover bg-center flex h-full w-full max-w-full\" style=\"--lqipURL:url('https:\/\/images.t-online.de\/2021\/07\/81043516v1\/0x0:1280x720\/fit-in\/150x0\/filters:blur(25)\/die-us-saengerin-cassandra-wilson-in-havanna.jpg')\" decoding=\"async\"\/><img loading=\"lazy\" src=\"https:\/\/www.t-online.de\/s\/paper\/_next\/static\/media\/zoom-in.f7dae02f.svg\" alt=\"Vergr\u00f6\u00dfern des Bildes\" title=\"Vergr\u00f6\u00dfern des Bildes\" class=\"block h-[calc(var(--height)_\/_16_*_1rem)] w-[calc(var(--width)_\/_16_*_1rem)] max-w-none absolute right-8 bottom-8 rounded-4 bg-snow p-8\" style=\"--width:32;--height:32\" decoding=\"async\"\/><\/a><\/p>\n<p>Die US-S\u00e4ngerin Cassandra Wilson bei einem Auftritt in Havanna (Archivbild). (Quelle: Marcerlino V\u00c1ZQUEZ HERN\u00c1NDEZ\/dpa)<\/p>\n<p class=\"font-bold text-18 leading-17 user-text-lg:text-22 user-text-xl:text-24\">Sie verband den Jazz mit Elementen aus Blues und Folk: Die amerikanische Jazz-S\u00e4ngerin Cassandra Wilson ist gestorben.<\/p>\n<p class=\"text-18 leading-17 user-text-lg:text-22 user-text-xl:text-24\">Die Jazz-S\u00e4ngerin Cassandra Wilson ist laut US-Medien im Alter von 70 Jahren gestorben. Das berichteten unter anderem die &#8222;New York Times&#8220; und die &#8222;Washington Post&#8220; \u00fcbereinstimmend unter Berufung auf die Beh\u00f6rden im Bundesstaat Mississippi. Wilson galt als eine der herausragenden Jazz-S\u00e4ngerinnen ihrer Generation.<\/p>\n<p class=\"text-18 leading-17 user-text-lg:text-22 user-text-xl:text-24\">Die zweimal mit dem wichtigen Grammy-Musikpreis ausgezeichnete K\u00fcnstlerin wurde 1955 in Jackson in Mississippi geboren. Wilson begann ihre Karriere in den 1980er-Jahren in <a href=\"https:\/\/www.t-online.de\/themen\/new-york\/\" class=\"transition-colors cursor-pointer no-underline md:hover:text-magenta md:focus:text-magenta border-b border-solid border-current text-salemsfur md:hover:border-magenta\" data-tracking=\"{&quot;action&quot;:&quot;click&quot;,&quot;category&quot;:&quot;intextLink&quot;,&quot;label&quot;:&quot;\/themen\/new-york\/&quot;}\" data-sctrack=\"BodyAnchor\" rel=\"nofollow noopener\" target=\"_blank\">New York<\/a> und wurde zun\u00e4chst als Mitglied des Jazzkollektivs M-Base um den Saxofonisten Steve Coleman bekannt. Ihre tiefe Stimme und ein Stil, der Jazz mit Blues, Folk und anderen Musiktraditionen verbindet, zeichneten sie aus.<\/p>\n<p class=\"text-18 leading-17 user-text-lg:text-22 user-text-xl:text-24\">Es gab in den US-Medienberichten vom Mittwoch zun\u00e4chst keine Informationen zur Todesursache.<\/p>\n","protected":false},"excerpt":{"rendered":"Grammy-Gewinnerin Jazz-S\u00e4ngerin Cassandra Wilson ist tot Aktualisiert am 03.09.2026 &#8211; 07:24 UhrLesedauer: 1 Min. Die US-S\u00e4ngerin Cassandra Wilson&hellip;\n","protected":false},"author":2,"featured_media":373382,"comment_status":"","ping_status":"","sticky":false,"template":"","format":"standard","meta":{"footnotes":"","_share_on_mastodon":"0"},"categories":[27],"tags":[2040,46,42,93490,175,147,50044,7939,14036,548,44,176,148],"class_list":["post-373381","post","type-post","status-publish","format-standard","has-post-thumbnail","category-prominente","tag-2040","tag-at","tag-austria","tag-cassandra-wilson","tag-celebrities","tag-entertainment","tag-grammy-awards","tag-havanna","tag-mississippi","tag-new-york","tag-oesterreich","tag-prominente","tag-unterhaltung"],"share_on_mastodon":{"url":"https:\/\/pubeurope.com\/@at\/117208701490245230","error":""},"_links":{"self":[{"href":"https:\/\/www.europesays.com\/at\/wp-json\/wp\/v2\/posts\/373381","targetHints":{"allow":["GET"]}}],"collection":[{"href":"https:\/\/www.europesays.com\/at\/wp-json\/wp\/v2\/posts"}],"about":[{"href":"https:\/\/www.europesays.com\/at\/wp-json\/wp\/v2\/types\/post"}],"author":[{"embeddable":true,"href":"https:\/\/www.europesays.com\/at\/wp-json\/wp\/v2\/users\/2"}],"replies":[{"embeddable":true,"href":"https:\/\/www.europesays.com\/at\/wp-json\/wp\/v2\/comments?post=373381"}],"version-history":[{"count":0,"href":"https:\/\/www.europesays.com\/at\/wp-json\/wp\/v2\/posts\/373381\/revisions"}],"wp:featuredmedia":[{"embeddable":true,"href":"https:\/\/www.europesays.com\/at\/wp-json\/wp\/v2\/media\/373382"}],"wp:attachment":[{"href":"https:\/\/www.europesays.com\/at\/wp-json\/wp\/v2\/media?parent=373381"}],"wp:term":[{"taxonomy":"category","embeddable":true,"href":"https:\/\/www.europesays.com\/at\/wp-json\/wp\/v2\/categories?post=373381"},{"taxonomy":"post_tag","embeddable":true,"href":"https:\/\/www.europesays.com\/at\/wp-json\/wp\/v2\/tags?post=373381"}],"curies":[{"name":"wp","href":"https:\/\/api.w.org\/{rel}","templated":true}]}}