{"id":373383,"date":"2026-09-03T19:13:21","date_gmt":"2026-09-03T19:13:21","guid":{"rendered":"https:\/\/www.europesays.com\/at\/373383\/"},"modified":"2026-09-03T19:13:21","modified_gmt":"2026-09-03T19:13:21","slug":"neue-show-bei-phoenix-des-lumieres-in-dortmund-matisse-frida-kahlo","status":"publish","type":"post","link":"https:\/\/www.europesays.com\/at\/373383\/","title":{"rendered":"Neue Show bei Phoenix des Lumi\u00e8res in Dortmund: Matisse &#038; Frida Kahlo"},"content":{"rendered":"<p>\t\tNeue Show bei Phoenix des Lumi\u00e8res in Dortmund<br \/>\n\t\t\t\t\tKunsthalle zeigt Matisse und Frida Kahlo<\/p>\n<p>    <a href=\"https:\/\/www.ruhrnachrichten.de\/wp-content\/uploads\/2026\/09\/02\/14\/630_0900_6782588_-1648x824.jpg\" rel=\"nofollow noopener\" target=\"_blank\"><\/p>\n<p>            <img loading=\"lazy\" decoding=\"async\" src=\"https:\/\/www.europesays.com\/at\/wp-content\/uploads\/2026\/09\/630_0900_6782585_-640x428.jpg\" width=\"640\" height=\"428\"  alt=\"Schriftzug &quot;Phoenix des Lumi\u00e8res&quot; vor einem alten Fabrikgeb\u00e4ude\"\/><\/p>\n<p>    <\/a><br \/>\n    Aus der Beschreibung des neuen Programms bei Phoenix des Lumi\u00e9res hei\u00dft es: \u201eHenri Matisse\u2018 farbenpr\u00e4chtige Bildwelten werden bei \u201aMatisse: Symphonie der Farben\u2018 zu einem immersiven Erlebnis.\u201c \u00a9 Culturespaces \/ Markus Mielek<\/p>\n<p class=\"article__teaser-text\">Die kunsthalle Phoenix des Lumi\u00e8res in Dortmund startet ein neues Programm: Farben und Emotionen stehen im Fokus bei den Ausstellungen zu Henri Matisse und Frida Kahlo.<\/p>\n<p>1 Min Lesezeit<\/p>\n<p class=\"wp-block-paragraph\">Im Phoenix des Lumi\u00e8res in <a target=\"_blank\" href=\"https:\/\/www.ruhrnachrichten.de\/dortmund\/\" rel=\"nofollow noopener\">Dortmund<\/a> startet am 19. September ein neues Programm. Gezeigt werden die immersive Ausstellung \u201eMatisse: Symphonie der Farben\u201c \u00fcber den franz\u00f6sischen Maler Henri Matisse (1869-1954), der zu den bedeutendsten K\u00fcnstlern der Klassischen Moderne z\u00e4hlt, sowie das Kurzprogramm \u201eFrida Kahlo: Aus Leidenschaft\u201c.<\/p>\n<p>Farben spielen zentrale Rolle<\/p>\n<p class=\"wp-block-paragraph\">Nach Angaben des Betreibers werden die Werke im Kunstzentrum auf <a href=\"https:\/\/www.ruhrnachrichten.de\/dortmund\/warum-freizeit-auf-phoenix-west-dortmund-industriekultur-brauerei-events-w1240304-2002202638\/\" data-imported=\"1\" target=\"_blank\" rel=\"nofollow noopener\">Phoenix-West<\/a> \u2013 wie immer \u2013 als gro\u00dfformatige Projektionen auf W\u00e4nde und Boden des Ausstellungsraums gezeigt. Die Matisse-Ausstellung besch\u00e4ftigt sich mit der Entwicklung des K\u00fcnstlers und seinem Umgang mit Farbe, was sein wichtigstes Gestaltungselement war. Das erg\u00e4nzende Programm greift Leben und Werk der mexikanischen Malerin Frida Kahlo (1907-1954) auf, die ihren Schmerz in Kunst verwandelte.<\/p>\n<p class=\"wp-block-paragraph\">Parallel f\u00fchrt Phoenix des Lumi\u00e8res erstmals sogenannte \u201eEducation Days\u201c ein. Vom 19. September bis zum 4. Oktober k\u00f6nnen Lehrkr\u00e4fte und Besch\u00e4ftigte aus dem Bildungsbereich die Ausstellungen nach Anmeldung kostenlos besuchen und sich \u00fcber Angebote f\u00fcr Schulklassen informieren.<\/p>\n<p class=\"wp-block-paragraph\">Tickets und weitere Informationen stellt der Betreiber auf seiner Internetseite bereit: <a target=\"_blank\" href=\"https:\/\/www.phoenix-lumieres.com\/\" rel=\"nofollow noopener\">www.phoenix-lumieres.com<\/a>.<\/p>\n<p><img decoding=\"async\" loading=\"lazy\" src=\"https:\/\/www.europesays.com\/at\/wp-content\/uploads\/2026\/09\/630_0863_1242595_Phoenix_des_Lumieres_neues_Programm630_0900_6780204_.jpg\" alt=\"Phoenix des Lumi\u00e8res von innen\"\/>Im Phoenix des Lumi\u00e8res geht es oft farbenfroh zu, wie hier bei der \u00c4gypten-Ausstellung 2025. (Archiv)\u00a9 Stephan Sch\u00fctze<\/p>\n<p>\t\t<a href=\"https:\/\/www.ruhrnachrichten.de\/dortmund\/warum-freizeit-auf-phoenix-west-dortmund-industriekultur-brauerei-events-w1240304-2002202638\/\" rel=\"nofollow noopener\" aria-hidden=\"true\" tabindex=\"-1\" title=\"\u201eBesser geht\u2018s nicht\u201c Warum Menschen ihre Freizeit gerne auf Phoenix-West verbringen\" aria-label=\"\u201eBesser geht\u2018s nicht\u201c Warum Menschen ihre Freizeit gerne auf Phoenix-West verbringen\" target=\"_blank\"><\/p>\n<p>                <img decoding=\"async\" src=\"https:\/\/www.europesays.com\/at\/wp-content\/uploads\/2026\/09\/630_0900_6755613_-160x160.jpg\"  width=\"160\" height=\"160\" alt=\"Finn Bommersheim (25), Florian Rasch (25), Ben Krieger (24) und Gioia Janusch (23) sitzen in Dortmund bei Phoenix West an einem Tisch und spielen Karten in H\u00f6rde\" loading=\"lazy\"\/><\/p>\n<p>\t\t<\/a><\/p>\n<p class=\"wp-block-paragraph\">Hinweis der Redaktion: Dieser Artikel erschien urspr\u00fcnglich am 2. September 2026.<\/p>\n","protected":false},"excerpt":{"rendered":"Neue Show bei Phoenix des Lumi\u00e8res in Dortmund Kunsthalle zeigt Matisse und Frida Kahlo Aus der Beschreibung des&hellip;\n","protected":false},"author":2,"featured_media":373384,"comment_status":"","ping_status":"","sticky":false,"template":"","format":"standard","meta":{"footnotes":"","_share_on_mastodon":"0"},"categories":[26],"tags":[158,157,46,42,159,147,161,160,93491,44,148,5556],"class_list":["post-373383","post","type-post","status-publish","format-standard","has-post-thumbnail","category-kunst-und-design","tag-art","tag-art-and-design","tag-at","tag-austria","tag-design","tag-entertainment","tag-kunst","tag-kunst-und-design","tag-kunst-ausstellung","tag-oesterreich","tag-unterhaltung","tag-veranstaltungen-kultur"],"share_on_mastodon":{"url":"https:\/\/pubeurope.com\/@at\/117208705741167223","error":""},"_links":{"self":[{"href":"https:\/\/www.europesays.com\/at\/wp-json\/wp\/v2\/posts\/373383","targetHints":{"allow":["GET"]}}],"collection":[{"href":"https:\/\/www.europesays.com\/at\/wp-json\/wp\/v2\/posts"}],"about":[{"href":"https:\/\/www.europesays.com\/at\/wp-json\/wp\/v2\/types\/post"}],"author":[{"embeddable":true,"href":"https:\/\/www.europesays.com\/at\/wp-json\/wp\/v2\/users\/2"}],"replies":[{"embeddable":true,"href":"https:\/\/www.europesays.com\/at\/wp-json\/wp\/v2\/comments?post=373383"}],"version-history":[{"count":0,"href":"https:\/\/www.europesays.com\/at\/wp-json\/wp\/v2\/posts\/373383\/revisions"}],"wp:featuredmedia":[{"embeddable":true,"href":"https:\/\/www.europesays.com\/at\/wp-json\/wp\/v2\/media\/373384"}],"wp:attachment":[{"href":"https:\/\/www.europesays.com\/at\/wp-json\/wp\/v2\/media?parent=373383"}],"wp:term":[{"taxonomy":"category","embeddable":true,"href":"https:\/\/www.europesays.com\/at\/wp-json\/wp\/v2\/categories?post=373383"},{"taxonomy":"post_tag","embeddable":true,"href":"https:\/\/www.europesays.com\/at\/wp-json\/wp\/v2\/tags?post=373383"}],"curies":[{"name":"wp","href":"https:\/\/api.w.org\/{rel}","templated":true}]}}