{"id":373395,"date":"2026-09-03T19:19:11","date_gmt":"2026-09-03T19:19:11","guid":{"rendered":"https:\/\/www.europesays.com\/at\/373395\/"},"modified":"2026-09-03T19:19:11","modified_gmt":"2026-09-03T19:19:11","slug":"sk-rapid-verzichtet-auf-amane-ersatz-katzer-erklaert-transferplan","status":"publish","type":"post","link":"https:\/\/www.europesays.com\/at\/373395\/","title":{"rendered":"SK Rapid verzichtet auf Amane-Ersatz \u2013 Katzer erkl\u00e4rt Transferplan"},"content":{"rendered":"<p>\t\t\t\t\t\t\t\t\t\t\t\t\t\t\t <img decoding=\"async\" src=\"https:\/\/www.europesays.com\/at\/wp-content\/uploads\/2026\/09\/1788463150_892_rapid-wien.png\" alt=\"\"\/> <\/p>\n<p class=\"isSelectedEnd\">Nach dem Ende der \u00f6sterreichischen Transferperiode mit 17 Uhr am heutigen Donnerstag hat <a href=\"https:\/\/ticker.ligaportal.at\/mannschaft\/1724\/rapid-wien\" rel=\"nofollow noopener\" target=\"_blank\">SK Rapid<\/a>-Gesch\u00e4ftsf\u00fchrer Sport Markus Katzer eine Bilanz des Transfersommers gezogen. Einen direkten Ersatz f\u00fcr Romeo Amane, siehe <a href=\"https:\/\/www.ligaportal.at\/bundesliga\/allgemein\/22334-offiziell-romeo-amane-verlaesst-den-sk-rapid\" rel=\"nofollow noopener\" target=\"_blank\">Beitrag<\/a>,\u00a0holten die H\u00fctteldorfer nicht. Gleichzeitig wurde Andrija Radulovi\u0107 noch auf der Zielgeraden zum <a href=\"https:\/\/www.ligaportal.at\/bundesliga\/\" rel=\"nofollow noopener\" target=\"_blank\">Bundesliga<\/a>-Konkurrenten TSV Hartberg verliehen, wir <a href=\"https:\/\/www.ligaportal.at\/bundesliga\/allgemein\/22349-tsv-hartberg-bedient-sich-beim-sk-rapid-am-deadline-day\" rel=\"nofollow noopener\" target=\"_blank\">berichteten<\/a>.<\/p>\n<p class=\"isSelectedEnd\"><img decoding=\"async\" src=\"https:\/\/www.europesays.com\/at\/wp-content\/uploads\/2026\/09\/katzer-markus-rapid-austria-13042025-gepa-wien-energie-ringsmuth.jpg\" alt=\"\"\/><\/p>\n<p>Katzer setzt auf den bestehenden Kader<\/p>\n<p class=\"isSelectedEnd\">Dass der SK Rapid nach dem Abgang von Romeo Amane auf eine weitere Neuverpflichtung verzichtete, begr\u00fcndet Markus Katzer gegen\u00fcber Sky mit der aktuellen sportlichen Situation und den \u00dcberlegungen zur Kaderplanung. Nach dem Aus in der Qualifikation zur Conference League stehen im Herbst weniger Pflichtspiele auf dem Programm. Deshalb soll das vorhandene Personal die anstehenden Aufgaben bew\u00e4ltigen.<\/p>\n<p class=\"isSelectedEnd\">Der Rapid-Gesch\u00e4ftsf\u00fchrer Sport betonte, dass der Verein den Transfermarkt zwar aufmerksam beobachtet habe, eine Verpflichtung eines weiteren Spielers aber zu keinem Zeitpunkt als zwingend vorgesehen gewesen sei.<\/p>\n<p class=\"isSelectedEnd\">Zus\u00e4tzliche Optionen erwartet Rapid zudem durch die R\u00fcckkehr junger sowie zuvor verletzter Spieler. In diesem Zusammenhang verwies Katzer auf Claudy Mbuyi, Jakob Sch\u00f6ller und Daniel Nunoo.<\/p>\n<p>Weitere Abg\u00e4nge weiterhin m\u00f6glich<\/p>\n<p class=\"isSelectedEnd\">Neben dem bereits fixierten Wechsel von Amane zu Anderlecht und der Leihe von Radulovi\u0107 wurden zuletzt auch Tobias Gulliksen und Moritz Oswald verliehen. Damit k\u00f6nnte sich der Kader jedoch noch weiter ver\u00e4ndern.<\/p>\n<p class=\"isSelectedEnd\">Katzer schlie\u00dft weitere Abg\u00e4nge nicht aus. Vor allem Spieler, die aktuell nicht zum Stamm z\u00e4hlen, k\u00f6nnten demnach noch auf Leihbasis in Ligen wechseln, deren Transferfenster zu einem sp\u00e4teren Zeitpunkt schlie\u00dft.<\/p>\n<p class=\"isSelectedEnd\">Gleichzeitig bleibt der Transfermarkt auch f\u00fcr Rapid grunds\u00e4tzlich interessant: Katzer verwies darauf, dass derzeit ungew\u00f6hnlich viele qualitativ gute Spieler ohne Vertrag seien und deshalb theoretisch noch verpflichtet werden k\u00f6nnten.<\/p>\n<p>SK Rapid will in Klagenfurt Wiedergutmachung<\/p>\n<p class=\"isSelectedEnd\">Sportlich verlief der j\u00fcngste Auftritt der H\u00fctteldorfer alles andere als zufriedenstellend. Nach der 1:5-Niederlage in Salzburg am Mittwoch zeigte sich Katzer entsprechend entt\u00e4uscht. Seiner Einsch\u00e4tzung nach habe Rapid einer guten Mannschaft den Weg zu Chancen und Toren zu leicht gemacht.<\/p>\n<p>Nun bietet sich im \u00d6FB-Cup die Gelegenheit zur Wiedergutmachung. In der zweiten Runde treffen die Gr\u00fcn-Wei\u00dfen am Samstag um 20:30 Uhr (<a href=\"https:\/\/ticker.ligaportal.at\/live-ticker\/1305813\/austria-klagenfurt-gegen-rapid-wien\" rel=\"nofollow noopener\" target=\"_blank\">Ligaportal-LIVETICKER<\/a>) ausw\u00e4rts auf Regionalligist SK Austria Klagenfurt im W\u00f6rthersee Stadion. Jener St\u00e4tte, wo auch n\u00e4chstes Jahr am 1. Mai 2027 wieder das Finale stattfindet, bei dem der \u00f6sterreichische Rekordmeister nat\u00fcrlich allzugern dabei sein m\u00f6chte.<\/p>\n<p>Siehe auch:<\/p>\n<p class=\"mt-0 mb-1 text-darkblue\" itemprop=\"headline\"><a class=\"text-darkblue\" href=\"https:\/\/www.ligaportal.at\/bundesliga\/analysen\/spieler-der-runde\/22347-admiral-bundesliga-2026-2027-waehle-den-spieler-der-runde-4\" rel=\"nofollow noopener\" target=\"_blank\">Bundesliga 2026\/2027: W\u00e4hle den Spieler der Runde 4!<\/a><\/p>\n<p class=\"mt-0 mb-1 text-darkblue\" itemprop=\"headline\"><a class=\"text-darkblue\" href=\"https:\/\/www.ligaportal.at\/bundesliga\/analysen\/team-der-runde\/22346-admiral-bundesliga-2026-2027-team-der-runde-4\" rel=\"nofollow noopener\" target=\"_blank\">Bundesliga 2026\/2027: Team der Runde 4<\/a><\/p>\n<p>Fotocredit: Gepa-Wien-Energie<\/p>\n","protected":false},"excerpt":{"rendered":"Nach dem Ende der \u00f6sterreichischen Transferperiode mit 17 Uhr am heutigen Donnerstag hat SK Rapid-Gesch\u00e4ftsf\u00fchrer Sport Markus Katzer&hellip;\n","protected":false},"author":2,"featured_media":373396,"comment_status":"","ping_status":"","sticky":false,"template":"","format":"standard","meta":{"footnotes":"","_share_on_mastodon":"0"},"categories":[18],"tags":[46,42,966,44,19666,969,109,108,1877],"class_list":["post-373395","post","type-post","status-publish","format-standard","has-post-thumbnail","category-sport","tag-at","tag-austria","tag-markus-katzer","tag-oesterreich","tag-romeo-amane","tag-sk-rapid","tag-sport","tag-sports","tag-transfermarkt"],"share_on_mastodon":{"url":"https:\/\/pubeurope.com\/@at\/117208729672508029","error":""},"_links":{"self":[{"href":"https:\/\/www.europesays.com\/at\/wp-json\/wp\/v2\/posts\/373395","targetHints":{"allow":["GET"]}}],"collection":[{"href":"https:\/\/www.europesays.com\/at\/wp-json\/wp\/v2\/posts"}],"about":[{"href":"https:\/\/www.europesays.com\/at\/wp-json\/wp\/v2\/types\/post"}],"author":[{"embeddable":true,"href":"https:\/\/www.europesays.com\/at\/wp-json\/wp\/v2\/users\/2"}],"replies":[{"embeddable":true,"href":"https:\/\/www.europesays.com\/at\/wp-json\/wp\/v2\/comments?post=373395"}],"version-history":[{"count":0,"href":"https:\/\/www.europesays.com\/at\/wp-json\/wp\/v2\/posts\/373395\/revisions"}],"wp:featuredmedia":[{"embeddable":true,"href":"https:\/\/www.europesays.com\/at\/wp-json\/wp\/v2\/media\/373396"}],"wp:attachment":[{"href":"https:\/\/www.europesays.com\/at\/wp-json\/wp\/v2\/media?parent=373395"}],"wp:term":[{"taxonomy":"category","embeddable":true,"href":"https:\/\/www.europesays.com\/at\/wp-json\/wp\/v2\/categories?post=373395"},{"taxonomy":"post_tag","embeddable":true,"href":"https:\/\/www.europesays.com\/at\/wp-json\/wp\/v2\/tags?post=373395"}],"curies":[{"name":"wp","href":"https:\/\/api.w.org\/{rel}","templated":true}]}}