{"id":373401,"date":"2026-09-03T19:22:08","date_gmt":"2026-09-03T19:22:08","guid":{"rendered":"https:\/\/www.europesays.com\/at\/373401\/"},"modified":"2026-09-03T19:22:08","modified_gmt":"2026-09-03T19:22:08","slug":"womens-europa-cup-einer-aus-fuenf-auf-diese-teams-koennte-st-poelten-im-europacup-treffen","status":"publish","type":"post","link":"https:\/\/www.europesays.com\/at\/373401\/","title":{"rendered":"Women&#8217;s Europa-Cup &#8211; Einer aus f\u00fcnf: Auf diese Teams k\u00f6nnte St. P\u00f6lten im Europacup treffen"},"content":{"rendered":"<p>        <img decoding=\"async\" src=\"https:\/\/www.europesays.com\/at\/wp-content\/uploads\/2026\/09\/img-HB9qZuSiM8ZUcoHx.jpeg\" data-fullscreen-src=\"https:\/\/www.noen.at\/image\/3840x0-jpg\/6611197\/img-HB9qZuSiM8ZUcoHx.jpeg\" bad-src=\"https:\/\/www.europesays.com\/at\/wp-content\/uploads\/2026\/09\/img-HB9qZuSiM8ZUcoHx.jpeg\" data-teaser-member=\"image\" alt=\"cl-stpfrauenjuventus-8722.jpg\"\/><\/p>\n<p>\n                Izabela Krizaj und ihre SKN-Kolleginnen erfahren am Freitagnachmittag, auf wen St. P\u00f6lten im Europacup trifft            <\/p>\n<p>\n                Foto:<br \/>\n                Wolfgang Wallner                            <\/p>\n<p>\n        Am Freitag erfahren die Fu\u00dfballerinnen des SKN St. P\u00f6lten, gegen wen sie im Women&#8217;s Europa Cup um den Aufstieg k\u00e4mpfen. Ein Duell w\u00e4re besonders pikant.     <\/p>\n<p>Nach dem Champions-League-Aus gegen Juventus Turin (Gesamtscore 1:4) geht es f\u00fcr die Fu\u00dfballfrauen des SKN St. P\u00f6lten erstmals im Women&#8217;s Europa Cup weiter. Die Auslosung der zweiten Runde, in der die Nieder\u00f6sterreicherinnen erstmals eingreifen, findet am Freitag (15 Uhr) im UEFA-Hauptquartier im schweizerischen Nyon statt.<\/p>\n","protected":false},"excerpt":{"rendered":"Izabela Krizaj und ihre SKN-Kolleginnen erfahren am Freitagnachmittag, auf wen St. P\u00f6lten im Europacup trifft Foto: Wolfgang Wallner&hellip;\n","protected":false},"author":2,"featured_media":373402,"comment_status":"","ping_status":"","sticky":false,"template":"","format":"standard","meta":{"footnotes":"","_share_on_mastodon":"0"},"categories":[3],"tags":[68329,2122,76,75,15546,74,13032,4647,3806,49621,23135,109,4246],"class_list":["post-373401","post","type-post","status-publish","format-standard","has-post-thumbnail","category-europa","tag-auslosung","tag-austria-wien","tag-eu","tag-europa","tag-europacup","tag-europe","tag-frauenfussball","tag-meinfussball","tag-mf-start","tag-skn-frauen","tag-skn-st-poelten-frauen","tag-sport","tag-sturm-graz"],"share_on_mastodon":{"url":"https:\/\/pubeurope.com\/@at\/117208740977360279","error":""},"_links":{"self":[{"href":"https:\/\/www.europesays.com\/at\/wp-json\/wp\/v2\/posts\/373401","targetHints":{"allow":["GET"]}}],"collection":[{"href":"https:\/\/www.europesays.com\/at\/wp-json\/wp\/v2\/posts"}],"about":[{"href":"https:\/\/www.europesays.com\/at\/wp-json\/wp\/v2\/types\/post"}],"author":[{"embeddable":true,"href":"https:\/\/www.europesays.com\/at\/wp-json\/wp\/v2\/users\/2"}],"replies":[{"embeddable":true,"href":"https:\/\/www.europesays.com\/at\/wp-json\/wp\/v2\/comments?post=373401"}],"version-history":[{"count":0,"href":"https:\/\/www.europesays.com\/at\/wp-json\/wp\/v2\/posts\/373401\/revisions"}],"wp:featuredmedia":[{"embeddable":true,"href":"https:\/\/www.europesays.com\/at\/wp-json\/wp\/v2\/media\/373402"}],"wp:attachment":[{"href":"https:\/\/www.europesays.com\/at\/wp-json\/wp\/v2\/media?parent=373401"}],"wp:term":[{"taxonomy":"category","embeddable":true,"href":"https:\/\/www.europesays.com\/at\/wp-json\/wp\/v2\/categories?post=373401"},{"taxonomy":"post_tag","embeddable":true,"href":"https:\/\/www.europesays.com\/at\/wp-json\/wp\/v2\/tags?post=373401"}],"curies":[{"name":"wp","href":"https:\/\/api.w.org\/{rel}","templated":true}]}}