{"id":373415,"date":"2026-09-03T19:29:13","date_gmt":"2026-09-03T19:29:13","guid":{"rendered":"https:\/\/www.europesays.com\/at\/373415\/"},"modified":"2026-09-03T19:29:13","modified_gmt":"2026-09-03T19:29:13","slug":"femizid-in-graz-23-jaehriger-festgenommen-2","status":"publish","type":"post","link":"https:\/\/www.europesays.com\/at\/373415\/","title":{"rendered":"Femizid in Graz &#8211; 23-J\u00e4hriger festgenommen"},"content":{"rendered":"<p>        <img decoding=\"async\" src=\"https:\/\/www.europesays.com\/at\/wp-content\/uploads\/2026\/09\/63690011494852922_BLD_Online.jpg\" data-fullscreen-src=\"https:\/\/www.noen.at\/image\/3840x0-jpg\/6611092\/63690011494852922_BLD_Online.jpg\" bad-src=\"https:\/\/www.europesays.com\/at\/wp-content\/uploads\/2026\/09\/63690011494852922_BLD_Online.jpg\" data-teaser-member=\"image\" alt=\"Ein Verd\u00e4chtiger wurde festgenommen\"\/><\/p>\n<p>\n                Ein Verd\u00e4chtiger wurde festgenommen            <\/p>\n<p>\n                Foto:<br \/>\n                APA\/THEMENBILD                            <\/p>\n<p>\n        Eine 24-j\u00e4hrige Frau ist Donnerstagmittag bei einem offensichtlichen Gewaltdelikt in einer Wohnung in der Grazer Innenstadt get\u00f6tet worden. Das teilte die Landespolizeidirektion Steiermark mit. Ein Verd\u00e4chtiger, ein 23-j\u00e4hriger Mann aus dem famili\u00e4ren Umfeld, wurde noch im Wohnhaus festgenommen. &#8222;Die genauen Hintergr\u00fcnde sowie der Tathergang sind derzeit Gegenstand intensiver polizeilicher Erhebungen&#8220;, hie\u00df es. Der mutma\u00dfliche T\u00e4ter wurde noch nicht vernommen.    <\/p>\n<p>Die Polizei war gegen 12.40 Uhr wegen eines Gewaltdelikts gerufen worden. Als die Beamtinnen und Beamten eintrafen, gab es f\u00fcr das Opfer allerdings keine Rettung mehr. Es starb noch am Tatort. Im Stiegenhaus des Geb\u00e4udes wurde der Verd\u00e4chtige festgenommen. Die Frau d\u00fcrfte allein in der Wohnung gewesen sein, als der 23-J\u00e4hrige zu ihr kam.<\/p>\n","protected":false},"excerpt":{"rendered":"Ein Verd\u00e4chtiger wurde festgenommen Foto: APA\/THEMENBILD Eine 24-j\u00e4hrige Frau ist Donnerstagmittag bei einem offensichtlichen Gewaltdelikt in einer Wohnung&hellip;\n","protected":false},"author":2,"featured_media":373416,"comment_status":"","ping_status":"","sticky":false,"template":"","format":"standard","meta":{"footnotes":"","_share_on_mastodon":"0"},"categories":[29],"tags":[277,46,42,183,44,116,199],"class_list":["post-373415","post","type-post","status-publish","format-standard","has-post-thumbnail","category-graz","tag-_apafeed","tag-at","tag-austria","tag-graz","tag-oesterreich","tag-steiermark","tag-toetung"],"share_on_mastodon":{"url":"https:\/\/pubeurope.com\/@at\/117208768685198960","error":""},"_links":{"self":[{"href":"https:\/\/www.europesays.com\/at\/wp-json\/wp\/v2\/posts\/373415","targetHints":{"allow":["GET"]}}],"collection":[{"href":"https:\/\/www.europesays.com\/at\/wp-json\/wp\/v2\/posts"}],"about":[{"href":"https:\/\/www.europesays.com\/at\/wp-json\/wp\/v2\/types\/post"}],"author":[{"embeddable":true,"href":"https:\/\/www.europesays.com\/at\/wp-json\/wp\/v2\/users\/2"}],"replies":[{"embeddable":true,"href":"https:\/\/www.europesays.com\/at\/wp-json\/wp\/v2\/comments?post=373415"}],"version-history":[{"count":0,"href":"https:\/\/www.europesays.com\/at\/wp-json\/wp\/v2\/posts\/373415\/revisions"}],"wp:featuredmedia":[{"embeddable":true,"href":"https:\/\/www.europesays.com\/at\/wp-json\/wp\/v2\/media\/373416"}],"wp:attachment":[{"href":"https:\/\/www.europesays.com\/at\/wp-json\/wp\/v2\/media?parent=373415"}],"wp:term":[{"taxonomy":"category","embeddable":true,"href":"https:\/\/www.europesays.com\/at\/wp-json\/wp\/v2\/categories?post=373415"},{"taxonomy":"post_tag","embeddable":true,"href":"https:\/\/www.europesays.com\/at\/wp-json\/wp\/v2\/tags?post=373415"}],"curies":[{"name":"wp","href":"https:\/\/api.w.org\/{rel}","templated":true}]}}