{"id":373421,"date":"2026-09-03T19:32:14","date_gmt":"2026-09-03T19:32:14","guid":{"rendered":"https:\/\/www.europesays.com\/at\/373421\/"},"modified":"2026-09-03T19:32:14","modified_gmt":"2026-09-03T19:32:14","slug":"neue-ausstellung-von-von-anni-schedel-und-sabine-kinder-in-friedberg","status":"publish","type":"post","link":"https:\/\/www.europesays.com\/at\/373421\/","title":{"rendered":"Neue Ausstellung von von Anni Schedel und Sabine Kinder in Friedberg"},"content":{"rendered":"<p class=\"mb-6 text-xs-varying md:text-m lg:text-l font-serif group-[.font-sans]:font-sans \">\n    Eine neue, gelungene Ausstellung lockt Kunstinteressierte in die Archivgalerie. Zu sehen sind Werke von Anni Schedel und Sabine Kindler. Der geheimnisvolle Titel der Schau lautet \u201eDie Sehnsucht der Schatten\u201c. Zu den \u00d6ffnungszeiten l\u00e4uft eine besondere Aktion f\u00fcr die Besucherinnen und Besucher.\n  <\/p>\n<p class=\"mb-6 text-xs-varying md:text-m lg:text-l font-serif group-[.font-sans]:font-sans \">\n    Die Friedbergerin Anni Schedel zeigt Malereien in Mischtechnik und digitale Collagen. Sie hat zwei gro\u00dfe Triptychen dabei, \u201eSommerfest der Farben\u201c ist das eine; das zweite setzt sich aus den Bildern \u201eSpurlos loslassen\u201c, \u201eDie goldenen 1920er\u201c und \u201eDie 7 Raben\u201c zusammen. Hommagen an Gustav Klimt, Frida Kahlo und Picasso sind ebenfalls vertreten. Farbenpr\u00e4chtige Kalenderbl\u00e4tter mit Sternzeichen f\u00fcr das Jahr 2027 hat sie digital erstellt.\n  <\/p>\n<p class=\"mb-6 text-xs-varying md:text-m lg:text-l font-serif group-[.font-sans]:font-sans \">\n    Sabine Kinder aus Kissing <a href=\"https:\/\/www.augsburger-allgemeine.de\/friedberg\/kissing-insekten-und-kleider-entstehen-als-drahtkunst-im-atelier-115016975\" target=\"_self\" class=\"underline \" rel=\"nofollow noopener\">stellt Kleider, Schuhe, Taschen, K\u00f6pfe und Tiere aus Draht aus.<\/a> Diese hat sie mit Acryl bemalt und zum Teil Papier oder andere Materialien darin eingearbeitet.\n  <\/p>\n<p>            \u00d6ffnungszeiten der Ausstellung in der Friedberger Archivgalerie<\/p>\n<p class=\"mb-6 text-xs-varying md:text-m lg:text-l font-serif group-[.font-sans]:font-sans \">\n    \u201eSie vermitteln mit ihrer Kunst Botschaften und wollen auf manche Thematik ganz bewusst und auch anders aufmerksam machen. Leo Tolstoi sagte schon, dass sich die ganze Mannigfaltigkeit, der ganze Reiz und die ganze Sch\u00f6nheit des Lebens aus Licht und Schatten zusammensetzen\u201c, sagte dritte B\u00fcrgermeisterin Ulrike Sasse-Feile in ihrer Ansprache auf der Vernissage. Die Organisation der Ausstellung lag bei  Caroline Stra\u00dfinger von der Kulturabteilung der Stadt <a href=\"https:\/\/www.augsburger-allgemeine.de\/friedberg\/ort\/friedberg\" target=\"_self\" class=\"underline \" rel=\"nofollow noopener\">Friedberg<\/a>, Ute Weber schenkte spritzige Getr\u00e4nke an die Besucher und Besucherinnen aus. Beim Mitmachtisch, der jeden Tag der Ausstellung ebenfalls ge\u00f6ffnet hat, wollen sich die K\u00fcnstlerinnen ganz nach den W\u00fcnschen der G\u00e4ste richten.\n  <\/p>\n<p class=\"mb-6 text-xs-varying md:text-m lg:text-l font-serif group-[.font-sans]:font-sans \">\n    Die Ausstellung l\u00e4uft bis 13. September. Sie ist Dienstag bis Freitag von 15 bis 18 Uhr, am Samstag von 14 bis 17 Uhr und am Sonntag von 11 bis 15 Uhr ge\u00f6ffnet. Der Eintritt zur Ausstellung und die Mitmachaktionen sind kostenlos.\n  <\/p>\n<p>    <img decoding=\"async\" src=\"https:\/\/www.europesays.com\/at\/wp-content\/uploads\/2026\/09\/6204662051.jpg\" alt=\"&quot;Maskenball&quot; in Mischtechnik zeigt eine Hasen-Parade.\" title=\"&quot;Maskenball&quot; in Mischtechnik zeigt eine Hasen-Parade.\" loading=\"lazy\" class=\"h-full w-full object-cover\"\/><\/p>\n<p>      Icon vergr\u00f6\u00dfern<\/p>\n<p>    &#8222;Maskenball&#8220; in Mischtechnik zeigt eine Hasen-Parade.<br \/>\n    Foto: Heike Scherer<\/p>\n<p>        Schlie\u00dfen <\/p>\n<p>      Icon Schlie\u00dfen<\/p>\n<p>        Icon vergr\u00f6\u00dfern<\/p>\n<p>        Icon verkleinern<\/p>\n<p>      Icon Pfeil bewegen<\/p>\n<p>    &#8222;Maskenball&#8220; in Mischtechnik zeigt eine Hasen-Parade.<br \/>\n    Foto: Heike Scherer<\/p>\n<p>    <img decoding=\"async\" src=\"https:\/\/www.europesays.com\/at\/wp-content\/uploads\/2026\/09\/6225662268.jpg\" alt=\"&quot;Viel Spitze dran&quot; hat dieses Kleid von Sabine Kinder.\" title=\"&quot;Viel Spitze dran&quot; hat dieses Kleid von Sabine Kinder.\" loading=\"lazy\" class=\"h-full w-full object-cover\"\/><\/p>\n<p>      Icon vergr\u00f6\u00dfern<\/p>\n<p>    &#8222;Viel Spitze dran&#8220; hat dieses Kleid von Sabine Kinder.<br \/>\n    Foto: Heike Scherer<\/p>\n<p>        Schlie\u00dfen <\/p>\n<p>      Icon Schlie\u00dfen<\/p>\n<p>        Icon vergr\u00f6\u00dfern<\/p>\n<p>        Icon verkleinern<\/p>\n<p>      Icon Pfeil bewegen<\/p>\n<p>    &#8222;Viel Spitze dran&#8220; hat dieses Kleid von Sabine Kinder.<br \/>\n    Foto: Heike Scherer<\/p>\n<p>    <img decoding=\"async\" src=\"https:\/\/www.europesays.com\/at\/wp-content\/uploads\/2026\/09\/6201662017.jpg\" alt=\"Die &quot;Verkn\u00fcpfungen&quot; bestehen aus Maulbeerbaumrinde, Draht und Acryl.\" title=\"Die &quot;Verkn\u00fcpfungen&quot; bestehen aus Maulbeerbaumrinde, Draht und Acryl.\" loading=\"lazy\" class=\"h-full w-full object-cover\"\/><\/p>\n<p>      Icon vergr\u00f6\u00dfern<\/p>\n<p>    Die &#8222;Verkn\u00fcpfungen&#8220; bestehen aus Maulbeerbaumrinde, Draht und Acryl.<br \/>\n    Foto: Heike Scherer<\/p>\n<p>        Schlie\u00dfen <\/p>\n<p>      Icon Schlie\u00dfen<\/p>\n<p>        Icon vergr\u00f6\u00dfern<\/p>\n<p>        Icon verkleinern<\/p>\n<p>      Icon Pfeil bewegen<\/p>\n<p>    Die &#8222;Verkn\u00fcpfungen&#8220; bestehen aus Maulbeerbaumrinde, Draht und Acryl.<br \/>\n    Foto: Heike Scherer<\/p>\n<p>    <img decoding=\"async\" src=\"https:\/\/www.europesays.com\/at\/wp-content\/uploads\/2026\/09\/6220262207.jpg\" alt=\"&quot;Die Seefrau&quot; von Sabine Kinder erinnert an eine Nixe.\" title=\"&quot;Die Seefrau&quot; von Sabine Kinder erinnert an eine Nixe.\" loading=\"lazy\" class=\"h-full w-full object-cover\"\/><\/p>\n<p>      Icon vergr\u00f6\u00dfern<\/p>\n<p>    &#8222;Die Seefrau&#8220; von Sabine Kinder erinnert an eine Nixe.<br \/>\n    Foto: Heike Scherer<\/p>\n<p>        Schlie\u00dfen <\/p>\n<p>      Icon Schlie\u00dfen<\/p>\n<p>        Icon vergr\u00f6\u00dfern<\/p>\n<p>        Icon verkleinern<\/p>\n<p>      Icon Pfeil bewegen<\/p>\n<p>    &#8222;Die Seefrau&#8220; von Sabine Kinder erinnert an eine Nixe.<br \/>\n    Foto: Heike Scherer<\/p>\n<p>    <img decoding=\"async\" src=\"https:\/\/www.europesays.com\/at\/wp-content\/uploads\/2026\/09\/6219262193.jpg\" alt=\"&quot;Vogelzwitschermaschine&quot; von Anni Schedel gefiel den Besuchern  der Vernissage.\" title=\"&quot;Vogelzwitschermaschine&quot; von Anni Schedel gefiel den Besuchern  der Vernissage.\" loading=\"lazy\" class=\"h-full w-full object-cover\"\/><\/p>\n<p>      Icon vergr\u00f6\u00dfern<\/p>\n<p>    &#8222;Vogelzwitschermaschine&#8220; von Anni Schedel gefiel den Besuchern  der Vernissage.<br \/>\n    Foto: Heike Scherer<\/p>\n<p>        Schlie\u00dfen <\/p>\n<p>      Icon Schlie\u00dfen<\/p>\n<p>        Icon vergr\u00f6\u00dfern<\/p>\n<p>        Icon verkleinern<\/p>\n<p>      Icon Pfeil bewegen<\/p>\n<p>    &#8222;Vogelzwitschermaschine&#8220; von Anni Schedel gefiel den Besuchern  der Vernissage.<br \/>\n    Foto: Heike Scherer<\/p>\n<p>    <img decoding=\"async\" src=\"https:\/\/www.europesays.com\/at\/wp-content\/uploads\/2026\/09\/6212462126.jpg\" alt=\"&quot;Der Denker&quot; von Sabine Kinder zeigt sehr gut die Wirkung von Licht und Schatten.\" title=\"&quot;Der Denker&quot; von Sabine Kinder zeigt sehr gut die Wirkung von Licht und Schatten.\" loading=\"lazy\" class=\"h-full w-full object-cover\"\/><\/p>\n<p>      Icon vergr\u00f6\u00dfern<\/p>\n<p>    &#8222;Der Denker&#8220; von Sabine Kinder zeigt sehr gut die Wirkung von Licht und Schatten.<br \/>\n    Foto: Heike Scherer<\/p>\n<p>        Schlie\u00dfen <\/p>\n<p>      Icon Schlie\u00dfen<\/p>\n<p>        Icon vergr\u00f6\u00dfern<\/p>\n<p>        Icon verkleinern<\/p>\n<p>      Icon Pfeil bewegen<\/p>\n<p>    &#8222;Der Denker&#8220; von Sabine Kinder zeigt sehr gut die Wirkung von Licht und Schatten.<br \/>\n    Foto: Heike Scherer<\/p>\n<p>    <img decoding=\"async\" src=\"https:\/\/www.europesays.com\/at\/wp-content\/uploads\/2026\/09\/6199161992.jpg\" alt=\"Das Bild &quot;Zwischenwelten&quot; ist in Mischtechnik gefertigt.\" title=\"Das Bild &quot;Zwischenwelten&quot; ist in Mischtechnik gefertigt.\" loading=\"lazy\" class=\"h-full w-full object-cover\"\/><\/p>\n<p>      Icon vergr\u00f6\u00dfern<\/p>\n<p>    Das Bild &#8222;Zwischenwelten&#8220; ist in Mischtechnik gefertigt.<br \/>\n    Foto: Heike Scherer<\/p>\n<p>        Schlie\u00dfen <\/p>\n<p>      Icon Schlie\u00dfen<\/p>\n<p>        Icon vergr\u00f6\u00dfern<\/p>\n<p>        Icon verkleinern<\/p>\n<p>      Icon Pfeil bewegen<\/p>\n<p>    Das Bild &#8222;Zwischenwelten&#8220; ist in Mischtechnik gefertigt.<br \/>\n    Foto: Heike Scherer<\/p>\n<p>    <img decoding=\"async\" src=\"https:\/\/www.europesays.com\/at\/wp-content\/uploads\/2026\/09\/6209762123.jpg\" alt=\"Diese &quot;Kalenderbl\u00e4tter 2027&quot; hat Anni Schedel digital erstellt. Der Kalender kann in der Ausstellung erworben werden.\" title=\"Diese &quot;Kalenderbl\u00e4tter 2027&quot; hat Anni Schedel digital erstellt. Der Kalender kann in der Ausstellung erworben werden.\" loading=\"lazy\" class=\"h-full w-full object-cover\"\/><\/p>\n<p>      Icon vergr\u00f6\u00dfern<\/p>\n<p>    Diese &#8222;Kalenderbl\u00e4tter 2027&#8220; hat Anni Schedel digital erstellt. Der Kalender kann in der Ausstellung erworben werden.<br \/>\n    Foto: Heike Scherer<\/p>\n<p>        Schlie\u00dfen <\/p>\n<p>      Icon Schlie\u00dfen<\/p>\n<p>        Icon vergr\u00f6\u00dfern<\/p>\n<p>        Icon verkleinern<\/p>\n<p>      Icon Pfeil bewegen<\/p>\n<p>    Diese &#8222;Kalenderbl\u00e4tter 2027&#8220; hat Anni Schedel digital erstellt. Der Kalender kann in der Ausstellung erworben werden.<br \/>\n    Foto: Heike Scherer<\/p>\n<p>    <img decoding=\"async\" src=\"https:\/\/www.europesays.com\/at\/wp-content\/uploads\/2026\/09\/6193861939.jpg\" alt=\"&quot;Die goldenen 1920er Jahre&quot; hei\u00dft das zweite Bild des ersten Triptychons von Anni Schedel.\" title=\"&quot;Die goldenen 1920er Jahre&quot; hei\u00dft das zweite Bild des ersten Triptychons von Anni Schedel.\" loading=\"lazy\" class=\"h-full w-full object-cover\"\/><\/p>\n<p>      Icon vergr\u00f6\u00dfern<\/p>\n<p>    &#8222;Die goldenen 1920er Jahre&#8220; hei\u00dft das zweite Bild des ersten Triptychons von Anni Schedel.<br \/>\n    Foto: Heike Scherer<\/p>\n<p>        Schlie\u00dfen <\/p>\n<p>      Icon Schlie\u00dfen<\/p>\n<p>        Icon vergr\u00f6\u00dfern<\/p>\n<p>        Icon verkleinern<\/p>\n<p>      Icon Pfeil bewegen<\/p>\n<p>    &#8222;Die goldenen 1920er Jahre&#8220; hei\u00dft das zweite Bild des ersten Triptychons von Anni Schedel.<br \/>\n    Foto: Heike Scherer<\/p>\n<p>    <img decoding=\"async\" src=\"https:\/\/www.europesays.com\/at\/wp-content\/uploads\/2026\/09\/kinder.jpg\" alt=\"&quot;Das lange Blaue&quot; hat Sabine Kinder aus Draht, Papier und Acryl angefertigt.\" title=\"&quot;Das lange Blaue&quot; hat Sabine Kinder aus Draht, Papier und Acryl angefertigt.\" loading=\"lazy\" class=\"h-full w-full object-cover\"\/><\/p>\n<p>      Icon vergr\u00f6\u00dfern<\/p>\n<p>    &#8222;Das lange Blaue&#8220; hat Sabine Kinder aus Draht, Papier und Acryl angefertigt.<br \/>\n    Foto: Heike Scherer<\/p>\n<p>        Schlie\u00dfen <\/p>\n<p>      Icon Schlie\u00dfen<\/p>\n<p>        Icon vergr\u00f6\u00dfern<\/p>\n<p>        Icon verkleinern<\/p>\n<p>      Icon Pfeil bewegen<\/p>\n<p>    &#8222;Das lange Blaue&#8220; hat Sabine Kinder aus Draht, Papier und Acryl angefertigt.<br \/>\n    Foto: Heike Scherer<\/p>\n","protected":false},"excerpt":{"rendered":"Eine neue, gelungene Ausstellung lockt Kunstinteressierte in die Archivgalerie. Zu sehen sind Werke von Anni Schedel und Sabine&hellip;\n","protected":false},"author":2,"featured_media":373422,"comment_status":"","ping_status":"","sticky":false,"template":"","format":"standard","meta":{"footnotes":"","_share_on_mastodon":"0"},"categories":[26],"tags":[93506,69808,158,157,46,42,159,147,1026,69811,8473,82091,161,160,93509,44,93507,93508,93510,148],"class_list":["post-373421","post","type-post","status-publish","format-standard","has-post-thumbnail","category-kunst-und-design","tag-anni-schedel","tag-archivgalerie","tag-art","tag-art-and-design","tag-at","tag-austria","tag-design","tag-entertainment","tag-frida-kahlo","tag-friedberg","tag-gustav-klimt","tag-kissing","tag-kunst","tag-kunst-und-design","tag-leo-tolstoi","tag-oesterreich","tag-sabine-kinder","tag-sabine-kindler","tag-ulrike-sasse-feile","tag-unterhaltung"],"share_on_mastodon":{"url":"https:\/\/pubeurope.com\/@at\/117208780494736664","error":""},"_links":{"self":[{"href":"https:\/\/www.europesays.com\/at\/wp-json\/wp\/v2\/posts\/373421","targetHints":{"allow":["GET"]}}],"collection":[{"href":"https:\/\/www.europesays.com\/at\/wp-json\/wp\/v2\/posts"}],"about":[{"href":"https:\/\/www.europesays.com\/at\/wp-json\/wp\/v2\/types\/post"}],"author":[{"embeddable":true,"href":"https:\/\/www.europesays.com\/at\/wp-json\/wp\/v2\/users\/2"}],"replies":[{"embeddable":true,"href":"https:\/\/www.europesays.com\/at\/wp-json\/wp\/v2\/comments?post=373421"}],"version-history":[{"count":0,"href":"https:\/\/www.europesays.com\/at\/wp-json\/wp\/v2\/posts\/373421\/revisions"}],"wp:featuredmedia":[{"embeddable":true,"href":"https:\/\/www.europesays.com\/at\/wp-json\/wp\/v2\/media\/373422"}],"wp:attachment":[{"href":"https:\/\/www.europesays.com\/at\/wp-json\/wp\/v2\/media?parent=373421"}],"wp:term":[{"taxonomy":"category","embeddable":true,"href":"https:\/\/www.europesays.com\/at\/wp-json\/wp\/v2\/categories?post=373421"},{"taxonomy":"post_tag","embeddable":true,"href":"https:\/\/www.europesays.com\/at\/wp-json\/wp\/v2\/tags?post=373421"}],"curies":[{"name":"wp","href":"https:\/\/api.w.org\/{rel}","templated":true}]}}