{"id":373447,"date":"2026-09-03T19:45:12","date_gmt":"2026-09-03T19:45:12","guid":{"rendered":"https:\/\/www.europesays.com\/at\/373447\/"},"modified":"2026-09-03T19:45:12","modified_gmt":"2026-09-03T19:45:12","slug":"faeaschtbaenkler-kommen-nach-innsbruck-party-mit-blasmusik-power","status":"publish","type":"post","link":"https:\/\/www.europesays.com\/at\/373447\/","title":{"rendered":"F\u00e4aschtb\u00e4nkler kommen nach Innsbruck: Party mit Blasmusik-Power"},"content":{"rendered":"<p>Sie sind der Beweis, dass Blasmusik und Party kein Widerspruch sein m\u00fcssen: Die F\u00e4aschtb\u00e4nkler kommen am Freitag, 2. Oktober 2026 mit ihrer aktuellen Tour zum neuen Album \u201eDer sch\u00f6nste Tag in meinem Leben\u201c in die <a href=\"https:\/\/www.awin1.com\/cread.php?awinmid=13859&amp;awinaffid=2908425&amp;clickref=F%C3%A4aschtb%C3%A4nkler+Innsbruck&amp;ued=https%3A%2F%2Fwww.oeticket.com%2Fevent%2Ffaeaschtbaenkler-2026-olympiahalle-21359656%2F\" target=\"_blank\" rel=\"noopener nofollow\">Olympiahalle Innsbruck.<\/a> Wer schon mal bei einem ihrer Konzerte dabei war, wei\u00df: Hier wird nicht nur zugeh\u00f6rt, hier wird getanzt.<\/p>\n<p>Die F\u00e4aschtb\u00e4nkler sorgen live regelm\u00e4\u00dfig f\u00fcr Partystimmung \u2013 im Oktober auch in der Olympiahalle Innsbruck (Bild: Sven Mandel \/ Wikimedia Commons &#8211; CC BY-SA 4.0).<\/p>\n<p>                Von Kriessern auf die gro\u00dfen B\u00fchnen Europas                                    <\/p>\n<p>2008 im schweizerischen Kriessern gegr\u00fcndet, haben sich Andreas Frei, Roman W\u00fcthrich, Marco Graber, Michael Hutter und Roman Pizio in den letzten Jahren zu einem der erfolgreichsten Live-Acts im deutschsprachigen Raum gespielt. Ihr Markenzeichen: eine Mischung aus Pop, Blasmusik, Elektro und Oberkrainer-Sound, gespielt auf Trompete, Steirischer, Alphorn und E-Bass gleicherma\u00dfen. Was auf dem Papier ungew\u00f6hnlich klingt, funktioniert live einfach \u2013 mit Songs wie \u201eCan you english please\u201c, die allein auf YouTube \u00fcber 23 Millionen Aufrufe verzeichnen, oder Hits wie \u201eGl\u00fcck\u201c und \u201eIrgendwo\u201c, die wochenlang die Airplay-Charts anf\u00fchrten.<\/p>\n<p>Auf der B\u00fchne zeigt sich, warum die Band regelm\u00e4\u00dfig f\u00fcr ausverkaufte Hallen sorgt: 2025 erhielten <a href=\"https:\/\/www.awin1.com\/cread.php?awinmid=13859&amp;awinaffid=2908425&amp;clickref=F%C3%A4aschtb%C3%A4nkler+Innsbruck&amp;ued=https%3A%2F%2Fwww.oeticket.com%2Fartist%2Ffaaschtbankler%2F\" target=\"_blank\" rel=\"noopener nofollow\">die F\u00e4aschtb\u00e4nkler<\/a> in Neu-Ulm sogar den Sold Out Award f\u00fcr ein restlos ausverkauftes Konzert in einer ganzen Arena. Auch bei ihrem letzten Auftritt in Innsbruck war die Halle bis auf den letzten Platz gef\u00fcllt.<\/p>\n<p>                Ein Konzert f\u00fcr die ganze Familie                                    <\/p>\n<p>Was die F\u00e4aschtb\u00e4nkler besonders macht, ist die Breite ihres Publikums. Vom Teenager bis zu den Gro\u00dfeltern \u2013 bei ihren Shows tanzt buchst\u00e4blich Jung und Alt gemeinsam. Dazu kommt der Live-Charme der f\u00fcnf Musiker: viel Humor, spontane Ansagen und immer wieder Momente, in denen sich die Band nach dem Konzert Zeit f\u00fcr Fotos mit den Fans nimmt.<\/p>\n<p>Genau diese Mischung aus musikalischem K\u00f6nnen und Bodenst\u00e4ndigkeit hat aus den einstigen Stra\u00dfenmusikern von nebenan eine der gefragtesten Live-Bands Europas gemacht.<\/p>\n<p>                Jetzt Tickets sichern                                    <\/p>\n<p>Die Olympiahalle Innsbruck ist die perfekte B\u00fchne f\u00fcr einen Abend voller guter Laune, Ohrw\u00fcrmer und ausgelassener Stimmung. Wer dabei sein will, sollte sich rechtzeitig k\u00fcmmern \u2013 bei der Erfolgsbilanz der F\u00e4aschtb\u00e4nkler sind ausverkaufte Shows eher die Regel als die Ausnahme.<\/p>\n<p><a href=\"https:\/\/www.awin1.com\/cread.php?awinmid=13859&amp;awinaffid=2908425&amp;clickref=F%C3%A4aschtb%C3%A4nkler+Innsbruck&amp;ued=https%3A%2F%2Fwww.oeticket.com%2Fevent%2Ffaeaschtbaenkler-2026-olympiahalle-21359656%2F\" target=\"_blank\" rel=\"noopener nofollow\">Jetzt Tickets f\u00fcr die F\u00e4aschtb\u00e4nkler in Innsbruck sichern \u00bb<\/a><\/p>\n<p>                F\u00fcr alle, die die Nacht zum Tag machen wollen                                    <\/p>\n<p>Wer nach dem Konzert noch nicht nach Hause will oder gleich ein ganzes Innsbruck-Wochenende daraus machen m\u00f6chte, findet in unmittelbarer N\u00e4he der Olympiahalle eine gro\u00dfe Auswahl an Unterk\u00fcnften \u2013 von der gem\u00fctlichen Pension bis zum Boutique-Hotel mitten in der Altstadt.<\/p>\n<p><a href=\"https:\/\/www.anrdoezrs.net\/click-101759912-15734849?sid=F%C3%A4aschtb%C3%A4nkler+Innsbruck&amp;url=https%3A%2F%2Fwww.booking.com%2Fcity%2Fat%2Finnsbruck.de.html\" target=\"_blank\" rel=\"noopener nofollow\">\u00dcbernachtungsm\u00f6glichkeiten in der N\u00e4he der Olympiahalle Innsbruck finden \u00bb<\/a><\/p>\n<p>(Dieser Beitrag entstand in Kooperation mit oeticket.com und Booking.com)<\/p>\n","protected":false},"excerpt":{"rendered":"Sie sind der Beweis, dass Blasmusik und Party kein Widerspruch sein m\u00fcssen: Die F\u00e4aschtb\u00e4nkler kommen am Freitag, 2.&hellip;\n","protected":false},"author":2,"featured_media":373448,"comment_status":"","ping_status":"","sticky":false,"template":"","format":"standard","meta":{"footnotes":"","_share_on_mastodon":"0"},"categories":[32],"tags":[46,42,268,274,270,193,272,275,40,265,44,266,269,271,109,264,263,267,273,66],"class_list":["post-373447","post","type-post","status-publish","format-standard","has-post-thumbnail","category-innsbruck","tag-at","tag-austria","tag-chronik","tag-diskussion","tag-gesellschaft","tag-innsbruck","tag-mediengeschehen","tag-meinung","tag-nachrichten","tag-nordtirol","tag-oesterreich","tag-osttirol","tag-politik","tag-presseklick","tag-sport","tag-suedtirol","tag-unsertirol24","tag-ut24","tag-ut24-blog","tag-welt"],"share_on_mastodon":{"url":"https:\/\/pubeurope.com\/@at\/117208831177322717","error":""},"_links":{"self":[{"href":"https:\/\/www.europesays.com\/at\/wp-json\/wp\/v2\/posts\/373447","targetHints":{"allow":["GET"]}}],"collection":[{"href":"https:\/\/www.europesays.com\/at\/wp-json\/wp\/v2\/posts"}],"about":[{"href":"https:\/\/www.europesays.com\/at\/wp-json\/wp\/v2\/types\/post"}],"author":[{"embeddable":true,"href":"https:\/\/www.europesays.com\/at\/wp-json\/wp\/v2\/users\/2"}],"replies":[{"embeddable":true,"href":"https:\/\/www.europesays.com\/at\/wp-json\/wp\/v2\/comments?post=373447"}],"version-history":[{"count":0,"href":"https:\/\/www.europesays.com\/at\/wp-json\/wp\/v2\/posts\/373447\/revisions"}],"wp:featuredmedia":[{"embeddable":true,"href":"https:\/\/www.europesays.com\/at\/wp-json\/wp\/v2\/media\/373448"}],"wp:attachment":[{"href":"https:\/\/www.europesays.com\/at\/wp-json\/wp\/v2\/media?parent=373447"}],"wp:term":[{"taxonomy":"category","embeddable":true,"href":"https:\/\/www.europesays.com\/at\/wp-json\/wp\/v2\/categories?post=373447"},{"taxonomy":"post_tag","embeddable":true,"href":"https:\/\/www.europesays.com\/at\/wp-json\/wp\/v2\/tags?post=373447"}],"curies":[{"name":"wp","href":"https:\/\/api.w.org\/{rel}","templated":true}]}}