{"id":373451,"date":"2026-09-03T19:47:13","date_gmt":"2026-09-03T19:47:13","guid":{"rendered":"https:\/\/www.europesays.com\/at\/373451\/"},"modified":"2026-09-03T19:47:13","modified_gmt":"2026-09-03T19:47:13","slug":"verein-parola-veranstaltet-strassenmalaktion-fuer-mehr-zusammenhalt","status":"publish","type":"post","link":"https:\/\/www.europesays.com\/at\/373451\/","title":{"rendered":"Verein &#8222;parola&#8220; veranstaltet Stra\u00dfenmalaktion f\u00fcr mehr Zusammenhalt"},"content":{"rendered":"<p> LINZ. Der Verein \u201eparola\u201c organisiert an drei Tagen im September in Linz eine Stra\u00dfenmalaktion.\u00a0 <\/p>\n<p>\u201eKein Platz f\u00fcr Grau\u201c: Unter diesem Motto l\u00e4dt der Verein \u201eparola \u2013 Anlaufstelle f\u00fcr gefl\u00fcchtete Jugendliche\u201c an drei Tagen im September zu Stra\u00dfenmalaktionen ein. An drei unterschiedlichen \u00f6ffentlichen Orten kommt ein Malen-nach-Zahlen-Bild.<\/p>\n<p>Die Malaktionen finden an folgenden Tagen statt: <\/p>\n<p>am Freitag, 4. September, ab 15 Uhr (Donaul\u00e4nde Urfahr, in der N\u00e4he vom Beach-Soccer-Platz)am Mittwoch, 9. September, ab 16.30 Uhr (bei der Ars Electronica Er\u00f6ffnung am Domplatz)und am Samstag, 19. September, ab 15 Uhr (Volksgarten, in der N\u00e4he des Kinderspielplatzes).Bunter Papagei als Motiv<\/p>\n<p>Als Motiv dient ein bunter Papagei. Er wurde von Hilda Haji gezeichnet. Sie ist eine junge Teilnehmerin bei der \u201eparola\u201c-Gemeinschaft. Der Papagei sei ein Symbol f\u00fcr Vielfalt, Gemeinschaft und Hoffnung sein. Jedes bemalte Feld soll ein Zeichen setzen \u2013 f\u00fcr Zugeh\u00f6rigkeit, Begegnung und Mut. Auch soll es auf junge Personen aufmerksam machen, die in \u00d6sterreich ein neues Zuhause suchen.\u00a0<\/p>\n<p>Mehr Infos unter <a data-mce-href=\"http:\/\/www.parola.space\" rel=\"nofollow noopener\" target=\"_blank\" href=\"http:\/\/www.parola.space\">www.parola.space<\/a><\/p>\n","protected":false},"excerpt":{"rendered":"LINZ. Der Verein \u201eparola\u201c organisiert an drei Tagen im September in Linz eine Stra\u00dfenmalaktion.\u00a0 \u201eKein Platz f\u00fcr Grau\u201c:&hellip;\n","protected":false},"author":2,"featured_media":373452,"comment_status":"","ping_status":"","sticky":false,"template":"","format":"standard","meta":{"footnotes":"","_share_on_mastodon":"0"},"categories":[30],"tags":[11367,46,42,73065,7341,4947,12597,78748,184,44,35520,93514,11275,7482],"class_list":["post-373451","post","type-post","status-publish","format-standard","has-post-thumbnail","category-linz","tag-ars-electronica","tag-at","tag-austria","tag-bunt","tag-event","tag-farben","tag-gemeinschaft","tag-kreide","tag-linz","tag-oesterreich","tag-papagei","tag-strassenmalerei","tag-veranstaltung","tag-verein"],"share_on_mastodon":{"url":"https:\/\/pubeurope.com\/@at\/117208838528519570","error":""},"_links":{"self":[{"href":"https:\/\/www.europesays.com\/at\/wp-json\/wp\/v2\/posts\/373451","targetHints":{"allow":["GET"]}}],"collection":[{"href":"https:\/\/www.europesays.com\/at\/wp-json\/wp\/v2\/posts"}],"about":[{"href":"https:\/\/www.europesays.com\/at\/wp-json\/wp\/v2\/types\/post"}],"author":[{"embeddable":true,"href":"https:\/\/www.europesays.com\/at\/wp-json\/wp\/v2\/users\/2"}],"replies":[{"embeddable":true,"href":"https:\/\/www.europesays.com\/at\/wp-json\/wp\/v2\/comments?post=373451"}],"version-history":[{"count":0,"href":"https:\/\/www.europesays.com\/at\/wp-json\/wp\/v2\/posts\/373451\/revisions"}],"wp:featuredmedia":[{"embeddable":true,"href":"https:\/\/www.europesays.com\/at\/wp-json\/wp\/v2\/media\/373452"}],"wp:attachment":[{"href":"https:\/\/www.europesays.com\/at\/wp-json\/wp\/v2\/media?parent=373451"}],"wp:term":[{"taxonomy":"category","embeddable":true,"href":"https:\/\/www.europesays.com\/at\/wp-json\/wp\/v2\/categories?post=373451"},{"taxonomy":"post_tag","embeddable":true,"href":"https:\/\/www.europesays.com\/at\/wp-json\/wp\/v2\/tags?post=373451"}],"curies":[{"name":"wp","href":"https:\/\/api.w.org\/{rel}","templated":true}]}}