{"id":373499,"date":"2026-09-03T20:12:13","date_gmt":"2026-09-03T20:12:13","guid":{"rendered":"https:\/\/www.europesays.com\/at\/373499\/"},"modified":"2026-09-03T20:12:13","modified_gmt":"2026-09-03T20:12:13","slug":"sido-veroeffentlicht-issa-version-mit-seinen-soehnen-video","status":"publish","type":"post","link":"https:\/\/www.europesays.com\/at\/373499\/","title":{"rendered":"Sido ver\u00f6ffentlicht &#8222;Issa&#8220;-Version mit seinen S\u00f6hnen [Video]"},"content":{"rendered":"<p>Auf &#8222;Issa&#8220;, der neuesten Single seines kommenden Albums &#8222;Frieden&#8220;, hat <a href=\"https:\/\/hiphop.de\/sido\" target=\"_blank\" rel=\"nofollow noopener\">Sido<\/a> vor einigen Wochen zwei seiner S\u00f6hne im Musikvideo untergebracht. W\u00e4hrend der 26-j\u00e4hrige <a href=\"https:\/\/hiphop.de\/rashid\" target=\"_blank\" rel=\"nofollow noopener\">Rashid<\/a> seinen Vater schon seit vergangenem Jahr als Schlagzeuger auf Touren unterst\u00fctzt, feiert der zw\u00f6lfj\u00e4hrige <a href=\"https:\/\/hiphop.de\/bo\" target=\"_blank\" rel=\"nofollow noopener\">Bo<\/a> gegen Ende von &#8222;Issa&#8220; sein offizielles Rap-Deb\u00fct. Und jetzt, zwei Wochen nach Release von &#8222;Issa&#8220;, hat Sido eine Live-Version des Songs mit seinem &#8222;Fleisch und Blut&#8220; ver\u00f6ffentlicht. W\u00e4hrend Rashid das Ganze auf den Drums begleitet, rappt Bo bei der neuen Version nicht nur am Ende, sondern liefert auch Background-Vocals gleich mit dazu.<\/p>\n<p>Bo, STEIK, Luzey &amp; Co.: Diese S\u00f6hne von Rappern rappen selbst<\/p>\n<p>Damit reiht sich Bo in eine Liste von Deutschrap-Nachwuchs ein, die bereits ihr Rap-Deb\u00fct gegeben haben. Eines der bekanntesten Beispiele ist wohl <a href=\"https:\/\/hiphop.de\/reezy\" target=\"_blank\" rel=\"nofollow noopener\">reezy<\/a>. Der Teenager Forever ist der Sohn des Frankfurter Rappers <a href=\"https:\/\/hiphop.de\/d-flame\" target=\"_blank\" rel=\"nofollow noopener\">D-Flame<\/a>. <a href=\"https:\/\/hiphop.de\/steik\" target=\"_blank\" rel=\"nofollow noopener\">STEIK<\/a>, der Sohn von <a href=\"https:\/\/hiphop.de\/kool-savas\" target=\"_blank\" rel=\"nofollow noopener\">Kool Savas<\/a>, hat auch schon vor einigen Jahren sein Rap-Deb\u00fct gegeben. Gemeinsam mit seinem Vater war er 2022 auf dem Song &#8222;Candyshop&#8220; von dem kinderfreundlichen Rap-Nashorn <a href=\"https:\/\/hiphop.de\/dikka\" target=\"_blank\" rel=\"nofollow noopener\">Dikka<\/a> vertreten. Vor einem Jahr performten STEIK und KKS au\u00dferdem den gemeinsamen Track &#8222;Was du nicht siehst&#8220; bei dem &#8222;50 Jahre Kool Savas&#8220;-Konzert.<\/p>\n<p>Der 18-j\u00e4hrige Newcomer <a href=\"https:\/\/hiphop.de\/luzey\" target=\"_blank\" rel=\"nofollow noopener\">Luzey<\/a>, seines Zeichens der Sohn von <a href=\"https:\/\/hiphop.de\/marteria\" target=\"_blank\" rel=\"nofollow noopener\">Marteria<\/a>, ist schon seit einiger Zeit als Rapper unterwegs. Ein Album und eine EP hat Luzey mittlerweile offiziell ver\u00f6ffentlicht. Mit &#8222;Endlich normale Tr\u00e4ume&#8220; und &#8222;Platz f\u00fcr uns beide&#8220; war er schon auf zwei Songs seines Vaters vertreten. <a href=\"https:\/\/hiphop.de\/isaiah\" target=\"_blank\" rel=\"nofollow noopener\">Isaiah<\/a>, der Sohn von <a href=\"https:\/\/hiphop.de\/max-herre\" target=\"_blank\" rel=\"nofollow noopener\">Max Herre<\/a> und <a href=\"https:\/\/hiphop.de\/joy-denalane\" target=\"_blank\" rel=\"nofollow noopener\">Joy Denalane<\/a>, ist ebenfalls seit Ende der 2010er als Rapper aktiv und war auch schon auf dem Afrob-Album &#8222;K\u00f6nig ohne Land&#8220; als Featuregast vertreten. Wer wei\u00df, vielleicht tritt Bo ja auch eines Tages in die Fu\u00dfstapfen seines Vaters Sido.<\/p>\n<p>Auch Bushidos Sohn Issa hat schon einen Gefallen an Rap gefunden. Jedoch nicht so, wie der EGJ-Chef das vorgesehen hat: Der Zehnj\u00e4hrige hat einen Disstrack gegen einen seiner Mitsch\u00fcler verfasst. Mehr dazu k\u00f6nnt ihr hier lesen:<\/p>\n","protected":false},"excerpt":{"rendered":"Auf &#8222;Issa&#8220;, der neuesten Single seines kommenden Albums &#8222;Frieden&#8220;, hat Sido vor einigen Wochen zwei seiner S\u00f6hne im&hellip;\n","protected":false},"author":2,"featured_media":373500,"comment_status":"","ping_status":"","sticky":false,"template":"","format":"standard","meta":{"footnotes":"","_share_on_mastodon":"0"},"categories":[24],"tags":[46,42,93529,1821,147,1251,55221,93531,63927,41801,153,154,1844,1841,1842,41,44,390,93530,1843,71188,3929,520,16805,5774,93532,148,93533],"class_list":["post-373499","post","type-post","status-publish","format-standard","has-post-thumbnail","category-musik","tag-at","tag-austria","tag-bo","tag-deutschrap","tag-entertainment","tag-familie","tag-instrumente","tag-isaiah","tag-issa","tag-luzey","tag-music","tag-musik","tag-musikvideo","tag-neu","tag-neuerscheinung","tag-news","tag-oesterreich","tag-rap","tag-rashid","tag-release","tag-remix","tag-sido","tag-sohn","tag-soehne","tag-song","tag-steik","tag-unterhaltung","tag-version"],"share_on_mastodon":{"url":"https:\/\/pubeurope.com\/@at\/117208937093411183","error":""},"_links":{"self":[{"href":"https:\/\/www.europesays.com\/at\/wp-json\/wp\/v2\/posts\/373499","targetHints":{"allow":["GET"]}}],"collection":[{"href":"https:\/\/www.europesays.com\/at\/wp-json\/wp\/v2\/posts"}],"about":[{"href":"https:\/\/www.europesays.com\/at\/wp-json\/wp\/v2\/types\/post"}],"author":[{"embeddable":true,"href":"https:\/\/www.europesays.com\/at\/wp-json\/wp\/v2\/users\/2"}],"replies":[{"embeddable":true,"href":"https:\/\/www.europesays.com\/at\/wp-json\/wp\/v2\/comments?post=373499"}],"version-history":[{"count":0,"href":"https:\/\/www.europesays.com\/at\/wp-json\/wp\/v2\/posts\/373499\/revisions"}],"wp:featuredmedia":[{"embeddable":true,"href":"https:\/\/www.europesays.com\/at\/wp-json\/wp\/v2\/media\/373500"}],"wp:attachment":[{"href":"https:\/\/www.europesays.com\/at\/wp-json\/wp\/v2\/media?parent=373499"}],"wp:term":[{"taxonomy":"category","embeddable":true,"href":"https:\/\/www.europesays.com\/at\/wp-json\/wp\/v2\/categories?post=373499"},{"taxonomy":"post_tag","embeddable":true,"href":"https:\/\/www.europesays.com\/at\/wp-json\/wp\/v2\/tags?post=373499"}],"curies":[{"name":"wp","href":"https:\/\/api.w.org\/{rel}","templated":true}]}}