{"id":373517,"date":"2026-09-03T20:21:15","date_gmt":"2026-09-03T20:21:15","guid":{"rendered":"https:\/\/www.europesays.com\/at\/373517\/"},"modified":"2026-09-03T20:21:15","modified_gmt":"2026-09-03T20:21:15","slug":"europas-groesste-blumenschau-eine-florale-reise-durch-englands-historische-gaerten-wurde-heute-eroeffnet","status":"publish","type":"post","link":"https:\/\/www.europesays.com\/at\/373517\/","title":{"rendered":"Europas gr\u00f6\u00dfte Blumenschau: \u201eEine florale Reise durch Englands historische G\u00e4rten\u201c wurde heute er\u00f6ffnet"},"content":{"rendered":"<p>Tulln an der Donau (OTS) &#8211;\u00a0<\/p>\n<p>Bei sch\u00f6nem Sommerwetter er\u00f6ffneten Bundesministerin Klaudia Tanner in Vertretung von Bundeskanzler Christian Stocker, LAbg. Bernhard Heinreichsberger in Vertretung von Landeshauptfrau Johanna Mikl-Leitner sowie B\u00fcrgermeister der Stadtgemeinde Tulln Peter Eisenschenk und Gesch\u00e4ftsf\u00fchrer der Messe Tulln Wolfgang Strasser &#8211; die Int. Gartenbaumesse Tulln.<\/p>\n<p>Die Int. Gartenbaumesse Tulln ist der wichtigste Termin f\u00fcr alle Hobbyg\u00e4rtner und Gartenprofis. 450 Aussteller pr\u00e4sentieren alle Trends f\u00fcr den Garten: Gartengestaltung, Pools, Winterg\u00e4rten, Outdoorm\u00f6bel, Photovoltaik und Grillen im Garten. H\u00f6hepunkt der Messe ist Europas gr\u00f6\u00dfte Blumenschau \u2013 die Leistungsschau der besten \u00f6sterreichischen G\u00e4rtner und Floristen unter dem Motto: \u201eEine florale Reise durch Englands historische G\u00e4rten\u201c. 200.000 Blumen werden zu eindrucksvollen Kunstwerken verwandelt.<\/p>\n<p>Zahlreiche Sonderschauen auf der Int. Gartenbaumesse Tulln<\/p>\n<p>Zahlreiche Sonderschauen wie z.B. \u201cAuenland\u201d &#8211; G\u00e4rtner STARKL, \u201eGarten f\u00fcr Generationen\u201c &#8211; Kittenberger Erlebnisg\u00e4rten, &#8222;Gardens by the Bay\u201c &#8211; traditionelle Gem\u00fcseschau, \u201eLandwirtschaft schafft lebenswerte Umwelt\u201d \u2013 von der N\u00d6 Landwirtschaftskammer, \u201eFeigen statt Fichten\u201c \u2013 Informationen der \u00d6sterreichische Gartenbau-Gesellschaft. Ein buntes Programm in der Halle 8 auf der ORF-N\u00d6 B\u00fchne und t\u00e4gliche Floristenshows runden die vielseitige Veranstaltung ab.<\/p>\n<p>Fact Box:<br \/>Die Messe ist noch bis Montag, den 7. September 2026 ge\u00f6ffnet.<br \/>\u00d6ffnungszeiten: <br \/>Donnerstag bis Sonntag: 9.00 Uhr bis 18.00 Uhr, Montag: 09.00 Uhr bis 17.00 Uhr<\/p>\n<p>Eintrittspreise:<br \/>Erwachsene \ua792 15,&#8211; <br \/>Erm\u00e4\u00dfigt: \ua792 13,&#8211; <br \/>Kinder: \ua792 4,&#8211;<\/p>\n<p>Online:<br \/>Erwachsene: \ua792 14,&#8211;<br \/>Kinder: \ua792 3,&#8211;<\/p>\n<p>Weitere Informationen unter: <a target=\"_blank\" rel=\"noopener noreferrer nofollow\" href=\"http:\/\/www.messe-tulln.at\">www.messe-tulln.at<\/a><\/p>\n<p>Weitere Bilder in der <a target=\"_blank\" rel=\"noopener noreferrer nofollow\" href=\"https:\/\/www.apa-fotoservice.at\/galerie\/40076\">APA-Fotogalerie<\/a><\/p>\n<p _ngcontent-ng-c2115416006=\"\">Messe Tulln GmbH<br \/>Barbara Nehyba, MSc<br \/>Telefon: 02272624030<br \/>E-Mail: <a href=\"http:\/\/www.ots.at\/cdn-cgi\/l\/email-protection#97f5f6e5f5f6e5f6b9f9f2ffeef5f6d7faf2e4e4f2e3e2fbfbf9b9f6e3\" rel=\"nofollow noopener\" target=\"_blank\">[email\u00a0protected]<\/a><\/p>\n<p _ngcontent-ng-c2115416006=\"\"> OTS-ORIGINALTEXT PRESSEAUSSENDUNG UNTER AUSSCHLIESSLICHER<br \/>\nINHALTLICHER VERANTWORTUNG DES AUSSENDERS &#8211; WWW.OTS.AT | TUL<\/p>\n","protected":false},"excerpt":{"rendered":"Tulln an der Donau (OTS) &#8211;\u00a0 Bei sch\u00f6nem Sommerwetter er\u00f6ffneten Bundesministerin Klaudia Tanner in Vertretung von Bundeskanzler Christian&hellip;\n","protected":false},"author":2,"featured_media":373518,"comment_status":"","ping_status":"","sticky":false,"template":"","format":"standard","meta":{"footnotes":"","_share_on_mastodon":"0"},"categories":[6],"tags":[26393,26395,46,42,17282,2586,1251,782,57323,93544,93545,16850,44,26394,9201,93546,43,45,11026],"class_list":["post-373517","post","type-post","status-publish","format-standard","has-post-thumbnail","category-oesterreich","tag-apa","tag-apa-ots","tag-at","tag-austria","tag-blumen","tag-brauchtum","tag-familie","tag-freizeit","tag-gartenbau","tag-gartenmoebel","tag-grillen-im-garten","tag-human-interest","tag-oesterreich","tag-ots","tag-pflanzen","tag-photovoltaik-im-garten","tag-republic-of-austria","tag-republik-oesterreich","tag-tourismus-und-freizeit"],"share_on_mastodon":{"url":"https:\/\/pubeurope.com\/@at\/117208972468831220","error":""},"_links":{"self":[{"href":"https:\/\/www.europesays.com\/at\/wp-json\/wp\/v2\/posts\/373517","targetHints":{"allow":["GET"]}}],"collection":[{"href":"https:\/\/www.europesays.com\/at\/wp-json\/wp\/v2\/posts"}],"about":[{"href":"https:\/\/www.europesays.com\/at\/wp-json\/wp\/v2\/types\/post"}],"author":[{"embeddable":true,"href":"https:\/\/www.europesays.com\/at\/wp-json\/wp\/v2\/users\/2"}],"replies":[{"embeddable":true,"href":"https:\/\/www.europesays.com\/at\/wp-json\/wp\/v2\/comments?post=373517"}],"version-history":[{"count":0,"href":"https:\/\/www.europesays.com\/at\/wp-json\/wp\/v2\/posts\/373517\/revisions"}],"wp:featuredmedia":[{"embeddable":true,"href":"https:\/\/www.europesays.com\/at\/wp-json\/wp\/v2\/media\/373518"}],"wp:attachment":[{"href":"https:\/\/www.europesays.com\/at\/wp-json\/wp\/v2\/media?parent=373517"}],"wp:term":[{"taxonomy":"category","embeddable":true,"href":"https:\/\/www.europesays.com\/at\/wp-json\/wp\/v2\/categories?post=373517"},{"taxonomy":"post_tag","embeddable":true,"href":"https:\/\/www.europesays.com\/at\/wp-json\/wp\/v2\/tags?post=373517"}],"curies":[{"name":"wp","href":"https:\/\/api.w.org\/{rel}","templated":true}]}}