{"id":373533,"date":"2026-09-03T20:30:14","date_gmt":"2026-09-03T20:30:14","guid":{"rendered":"https:\/\/www.europesays.com\/at\/373533\/"},"modified":"2026-09-03T20:30:14","modified_gmt":"2026-09-03T20:30:14","slug":"marc-terenzi-zieht-bei-the-50-ins-schloss-des-loewen","status":"publish","type":"post","link":"https:\/\/www.europesays.com\/at\/373533\/","title":{"rendered":"Marc Terenzi zieht bei &#8222;The 50&#8220; ins Schloss des L\u00f6wen"},"content":{"rendered":"<p>\nTV-Shows\n<\/p>\n<p>Aktualisiert am 03.09.2026, 19:40 Uhr\n<\/p>\n<p><a href=\"https:\/\/i0.web.de\/image\/970\/42685970,pd=1\/marc-terenzi-reality-tv.jpg\" data-brain-zone=\".42685968.content.lead.1\" data-component-path=\"content.lead.1\" data-component-name=\"article-image\" rel=\"nofollow noopener\" target=\"_blank\"> <\/p>\n<p><img loading=\"lazy\" decoding=\"async\" src=\"https:\/\/www.europesays.com\/at\/wp-content\/uploads\/2026\/09\/marc-terenzi-reality-tv.jpg\" alt=\"Marc Terenzi ist wieder im Reality-TV zu sehen.\" width=\"950\" height=\"534\"\/><\/p>\n<p><\/a> <\/p>\n<p>\nMarc Terenzi ist wieder im Reality-TV zu sehen.<br \/>\n\u00a9\u00a0Imago images\/foto2press \/ Karsten Lauer\n<\/p>\n<p class=\"content__description\" data-speakable=\"\">Prime Video hat die ersten acht Namen f\u00fcr die vierte Staffel von &#8222;The 50&#8220; bekannt gegeben. Neben Sara Kulka, Eric Stehfest und Christina Dimitriou steht auch Marc Terenzi auf der Liste. Gedreht wird erneut im Schloss des L\u00f6wen.<\/p>\n<p data-speakable=\"\">Er wagt sich ins n\u00e4chste Reality-Abenteuer: Der ehemalige Dschungelk\u00f6nig <a data-component-name=\"link.semantic\" data-brain-zone=\".42685968.content.textlink_2\" data-component-path=\"content.textlink_2\" href=\"https:\/\/web.de\/magazine\/unterhaltung\/thema\/marc-terenzi\" rel=\"nofollow noopener\" target=\"_blank\">Marc Terenzi<\/a> (48) geh\u00f6rt zum Aufgebot der vierten Staffel von &#8222;The 50&#8220;. Der Streamingdienst Prime Video hat <a target=\"_blank\" data-brain-zone=\".42685968.content.textlink_3\" data-component-path=\"content.textlink_3\" data-component-name=\"link.external\" rel=\"noopener nofollow\" href=\"https:\/\/www.instagram.com\/p\/Dc0uLyVEp2r\/\">die ersten acht Namen<\/a> f\u00fcr die neuen Folgen der Reality-Show bekannt gegeben, der S\u00e4nger ist einer davon.<\/p>\n<p data-speakable=\"\">Mit ihm treten <a data-component-name=\"link.semantic\" data-brain-zone=\".42685968.content.textlink_4\" data-component-path=\"content.textlink_4\" href=\"https:\/\/web.de\/magazine\/unterhaltung\/thema\/sara-kulka\" rel=\"nofollow noopener\" target=\"_blank\">Sara Kulka<\/a>, <a data-component-name=\"link.semantic\" data-brain-zone=\".42685968.content.textlink_5\" data-component-path=\"content.textlink_5\" href=\"https:\/\/web.de\/magazine\/unterhaltung\/thema\/eric-stehfest\" rel=\"nofollow noopener\" target=\"_blank\">Eric Stehfest<\/a> und Christina Dimitriou an. Auf der Liste stehen au\u00dferdem die Realitystars Ariel, Maurice, Gigi und Emmy. Es ist die erste Runde von Verk\u00fcndungen, die Namen der \u00fcbrigen Teilnehmerinnen und Teilnehmer bleiben vorerst offen. Zusammenkommen sollen am Ende erneut 50 Namen.<\/p>\n<p>Ausstrahlung im Fr\u00fchjahr 2027<\/p>\n<p data-speakable=\"\">Beim Sendetermin bleibt es beim gewohnten Rhythmus. Die neue Staffel l\u00e4uft im Fr\u00fchjahr 2027 bei Prime Video. Ein konkretes Datum hat der Anbieter noch nicht genannt, ebenso wenig einen Drehzeitraum. In einem Clip sind die Promis wohl aber bereits in der Location zu sehen.<\/p>\n<p>50 Kandidaten, ein Preisgeld<\/p>\n<p data-speakable=\"\">Am Spielprinzip \u00e4ndert sich wohl nichts. Der L\u00f6we l\u00e4dt in der Show in sein Schloss, wo 50 bekannte Gesichter aus dem deutschen Reality-Fernsehen in einem Wettbewerb gegeneinander antreten. Gespielt wird dabei nicht f\u00fcr die eigene Tasche. Das Preisgeld geht am Ende an eine Followerin oder einen Follower der siegreichen Person.<\/p>\n<p>Empfehlungen der Redaktion<\/p>\n<p>Die Vorlage kommt aus Frankreich<\/p>\n<p data-speakable=\"\">Das Format ist keine deutsche Erfindung. Prime Video hat die Show &#8222;Les Cinquante&#8220; aus dem internationalen Katalog des Produktionsriesen Banijay nach Deutschland geholt, wo sie zum Erfolg wurde. Verantwortlich f\u00fcr die deutsche Fassung zeichnen EndemolShine Germany und Rainer Laux Productions, die das Format im Auftrag des Streamingdienstes produzieren.<\/p>\n<p data-speakable=\"\">&#8222;The 50&#8220; bleibt nicht das einzige Projekt dieser Art im kommenden Jahr. Prime Video will sein Reality-Angebot 2027 um eine zus\u00e4tzliche Produktion erweitern. Um welches Format es sich handelt und wann es starten soll, teilte der Anbieter bislang nicht mit. (jom\/spot)\u00a0<br \/>\n\u00a9 spot on news\n<\/p>\n<p><script async src=\"\/\/www.instagram.com\/embed.js\"><\/script><\/p>\n","protected":false},"excerpt":{"rendered":"TV-Shows Aktualisiert am 03.09.2026, 19:40 Uhr Marc Terenzi ist wieder im Reality-TV zu sehen. \u00a9\u00a0Imago images\/foto2press \/ Karsten&hellip;\n","protected":false},"author":2,"featured_media":373534,"comment_status":"","ping_status":"","sticky":false,"template":"","format":"standard","meta":{"footnotes":"","_share_on_mastodon":"0"},"categories":[25],"tags":[46,42,93550,147,20616,48964,44,18745,93549,156,155,148],"class_list":["post-373533","post","type-post","status-publish","format-standard","has-post-thumbnail","category-serien","tag-at","tag-austria","tag-christina-dimitriou","tag-entertainment","tag-eric-stehfest","tag-marc-terenzi","tag-oesterreich","tag-prime-video","tag-sara-kulka","tag-serien","tag-series","tag-unterhaltung"],"share_on_mastodon":{"url":"https:\/\/pubeurope.com\/@at\/117209008386990458","error":""},"_links":{"self":[{"href":"https:\/\/www.europesays.com\/at\/wp-json\/wp\/v2\/posts\/373533","targetHints":{"allow":["GET"]}}],"collection":[{"href":"https:\/\/www.europesays.com\/at\/wp-json\/wp\/v2\/posts"}],"about":[{"href":"https:\/\/www.europesays.com\/at\/wp-json\/wp\/v2\/types\/post"}],"author":[{"embeddable":true,"href":"https:\/\/www.europesays.com\/at\/wp-json\/wp\/v2\/users\/2"}],"replies":[{"embeddable":true,"href":"https:\/\/www.europesays.com\/at\/wp-json\/wp\/v2\/comments?post=373533"}],"version-history":[{"count":0,"href":"https:\/\/www.europesays.com\/at\/wp-json\/wp\/v2\/posts\/373533\/revisions"}],"wp:featuredmedia":[{"embeddable":true,"href":"https:\/\/www.europesays.com\/at\/wp-json\/wp\/v2\/media\/373534"}],"wp:attachment":[{"href":"https:\/\/www.europesays.com\/at\/wp-json\/wp\/v2\/media?parent=373533"}],"wp:term":[{"taxonomy":"category","embeddable":true,"href":"https:\/\/www.europesays.com\/at\/wp-json\/wp\/v2\/categories?post=373533"},{"taxonomy":"post_tag","embeddable":true,"href":"https:\/\/www.europesays.com\/at\/wp-json\/wp\/v2\/tags?post=373533"}],"curies":[{"name":"wp","href":"https:\/\/api.w.org\/{rel}","templated":true}]}}