{"id":373601,"date":"2026-09-03T21:08:16","date_gmt":"2026-09-03T21:08:16","guid":{"rendered":"https:\/\/www.europesays.com\/at\/373601\/"},"modified":"2026-09-03T21:08:16","modified_gmt":"2026-09-03T21:08:16","slug":"ingrid-alexandra-die-kronprinzessin-uebernimmt-erste-offizielle-aufgaben","status":"publish","type":"post","link":"https:\/\/www.europesays.com\/at\/373601\/","title":{"rendered":"Ingrid Alexandra: Die Kronprinzessin \u00fcbernimmt erste offizielle Aufgaben"},"content":{"rendered":"<p>\nNeue Rolle f\u00fcr die 22-J\u00e4hrige\n<\/p>\n<p><img loading=\"lazy\" decoding=\"async\" src=\"https:\/\/s.uicdn.com\/uimag\/7.12275.0\/assets\/_sn_\/module_assets\/article\/readtime.svg\" alt=\"Lesezeit\" width=\"14\" height=\"14\"\/><\/p>\n<p>Lesezeit 2 Min.<\/p>\n<p>Aktualisiert am 03.09.2026, 17:42 Uhr<\/p>\n<p><img loading=\"lazy\" decoding=\"async\" src=\"https:\/\/www.europesays.com\/at\/wp-content\/uploads\/2026\/09\/42684626,pd=1,f=responsive169-w950.jpg\" alt=\"\" width=\"950\" height=\"534\"\/><\/p>\n<p>\u00a9 BUNTE<\/p>\n<p class=\"content__description\" data-speakable=\"\">Nach dem Tod von K\u00f6nig Harald und dem Thronwechsel steht f\u00fcr Ingrid Alexandra ein neuer Lebensabschnitt an: Die 22-J\u00e4hrige ist nun Kronprinzessin und direkte Thronfolgerin. Am Freitag \u00fcbernimmt sie erstmals offizielle Aufgaben in ihrer neuen Rolle.<\/p>\n<p data-speakable=\"\">Nach dem Tod ihres Gro\u00dfvaters K\u00f6nig Harald V. (1937-2026) und dem Thronwechsel in <a data-component-name=\"link.semantic\" data-brain-zone=\".42683136.content.textlink_1\" data-component-path=\"content.textlink_1\" href=\"https:\/\/www.gmx.at\/magazine\/reise\/thema\/norwegen\" rel=\"nofollow noopener\" target=\"_blank\">Norwegen<\/a> hat sich auch das Leben von Ingrid Alexandra (22) grundlegend ver\u00e4ndert. Aus der Prinzessin ist die Kronprinzessin und damit die direkte Thronfolgerin geworden. Nun steht f\u00fcr sie der n\u00e4chste wichtige Schritt an: Am Freitag \u00fcbernimmt sie erstmals offizielle Aufgaben in ihrer neuen Rolle.<\/p>\n<p data-speakable=\"\">Am 4. September wird Ingrid Alexandra ihren Vater, K\u00f6nig <a data-component-name=\"link.semantic\" data-brain-zone=\".42683136.content.textlink_2\" data-component-path=\"content.textlink_2\" href=\"https:\/\/www.gmx.at\/magazine\/unterhaltung\/thema\/koenig-haakon-viii\" rel=\"nofollow noopener\" target=\"_blank\">Haakon VIII.<\/a> (53), bei mehreren Terminen im K\u00f6niglichen Palast in <a data-component-name=\"link.semantic\" data-brain-zone=\".42683136.content.textlink_3\" data-component-path=\"content.textlink_3\" href=\"https:\/\/www.gmx.at\/magazine\/reise\/thema\/oslo\" rel=\"nofollow noopener\" target=\"_blank\">Oslo<\/a> begleiten. Um 11 Uhr steht zun\u00e4chst ein Staatsrat auf dem Programm. Anschlie\u00dfend empf\u00e4ngt Haakon Vertreter des norwegischen Parlaments der Samen, der norwegischen Streitkr\u00e4fte sowie des Rates f\u00fcr die Zusammenarbeit der Glaubens- und Weltanschauungsgemeinschaften zu Kondolenz-Audienzen. Bei allen vier Terminen wird auch die Kronprinzessin dabei sein. Das geht aus dem offiziellen Programm des norwegischen K\u00f6nigshauses hervor.<\/p>\n<p data-speakable=\"\">W\u00e4hrend das K\u00f6nigshaus nach dem Tod von Harald weiterhin in Trauer ist, \u00fcbernimmt die 22-J\u00e4hrige Schritt f\u00fcr Schritt mehr Verantwortung. Die offizielle Trauerzeit des Hofes dauert bis zum 9. Oktober. Viele regul\u00e4re Termine der K\u00f6nigsfamilie wurden deshalb zun\u00e4chst abgesagt. Verfassungsrechtlich notwendige Aufgaben und bestimmte Audienzen finden jedoch weiterhin statt.<\/p>\n<p>Eine neue Rolle f\u00fcr Ingrid Alexandra<\/p>\n<p data-speakable=\"\">Ingrid Alexandra steht seit dem Tod ihres Gro\u00dfvaters am 28. August an erster Stelle der Thronfolge nach ihrem Vater. Mit dem Amtsantritt von Haakon wurde sie zur Kronprinzessin.<\/p>\n<p data-speakable=\"\">Einen ersten Vorgeschmack auf ihre neue Rolle gab es bereits am Dienstag: Bei Haakons Vereidigung vor dem norwegischen Parlament war Ingrid Alexandra an der Seite ihres Vaters. Anschlie\u00dfend unterzeichnete sie im K\u00f6niglichen Palast ihren eigenen Eid auf die Verfassung. Dieser Schritt ist Voraussetzung daf\u00fcr, dass sie den K\u00f6nig k\u00fcnftig als Regentin vertreten kann, wenn er verhindert ist.<\/p>\n<p data-speakable=\"\">Der Eid ist in Paragraf 44 der norwegischen Verfassung vorgesehen. Anders als der K\u00f6nig legte Ingrid Alexandra ihn nicht vor dem Parlament, sondern schriftlich ab. Die unterschriebene Erkl\u00e4rung wurde anschlie\u00dfend dem Parlamentspr\u00e4sidenten \u00fcbergeben.<\/p>\n<p><a href=\"https:\/\/www.gmx.at\/magazine\/unterhaltung\/adel\/beruehrende-abschiedsbotschaft-koenigin-sonja-koenig-haralds-sarg-42679022\" data-brain-zone=\".42683136.content.teaser_2.1\" data-component-path=\"content.teaser_2.1\" data-component-name=\"link.editorial\" class=\"teaser teaser--horizontal\" data-block-name=\"content.teaser_2\" data-item-position=\"1\" data-item-source=\"cms\" data-article-id=\"cmd:42679022\" rel=\"nofollow noopener\" target=\"_blank\"><\/p>\n<p><img decoding=\"async\" src=\"https:\/\/www.europesays.com\/at\/wp-content\/uploads\/2026\/09\/koenigin-sonja.jpg\" alt=\"\" width=\"76\" height=\"76\" loading=\"lazy\" class=\"teaser__image\"\/><\/p>\n<p>\nNorwegischer Adel\n<\/p>\n<p>K\u00f6nigin Sonjas Botschaft an K\u00f6nig Haralds Sarg ber\u00fchrt zutiefst<\/p>\n<p><\/a><br \/>\nVon Australien zur\u00fcck nach Oslo<\/p>\n<p data-speakable=\"\">Eigentlich hatte Ingrid Alexandra vergangenes Jahr ein Studium der International Relations und Political Economy an der University of Sydney in Australien begonnen. Wegen der gesundheitlichen Situation ihrer Mutter, K\u00f6nigin Mette-Marit (53), war bereits im Juni bekannt geworden, dass sie im Herbst von Sydney an die Universit\u00e4t Oslo wechseln wird.<\/p>\n<p data-speakable=\"\">Dort wird sie ihr Studium fortsetzen und gleichzeitig n\u00e4her bei ihrer Familie sein. Ihr j\u00fcngerer Bruder Prinz Sverre Magnus (20) soll dagegen im Herbst ein Studium am Forward College in verschiedenen europ\u00e4ischen L\u00e4ndern beginnen.<\/p>\n<p>Empfehlungen der Redaktion<\/p>\n<p>Erste Frau an der Spitze der Thronfolge<\/p>\n<p data-speakable=\"\">Mit ihrer neuen Position schreibt Ingrid Alexandra zudem Geschichte. Sie ist die erste Frau in der modernen norwegischen Monarchie, die als direkte Thronfolgerin agiert. Die Gleichstellung von M\u00e4nnern und Frauen in der Thronfolge wurde 1990 durch eine Verfassungs\u00e4nderung eingef\u00fchrt.<\/p>\n<p data-speakable=\"\">Sollte Ingrid Alexandra eines Tages den Thron besteigen, w\u00e4re sie Norwegens erste regierende K\u00f6nigin seit Margarete I., die im sp\u00e4ten Mittelalter \u00fcber Norwegen herrschte. (ncz\/spot)\u00a0<br \/>\n\u00a9 1&amp;1 Mail &amp; Media\/spot on news\n<\/p>\n<p>\nTeaserbild: \u00a9 imago images\/PPE<\/p>\n","protected":false},"excerpt":{"rendered":"Neue Rolle f\u00fcr die 22-J\u00e4hrige Lesezeit 2 Min. Aktualisiert am 03.09.2026, 17:42 Uhr \u00a9 BUNTE Nach dem Tod&hellip;\n","protected":false},"author":2,"featured_media":373602,"comment_status":"","ping_status":"","sticky":false,"template":"","format":"standard","meta":{"footnotes":"","_share_on_mastodon":"0"},"categories":[27],"tags":[46,42,175,147,91684,7658,57546,44,176,6676,93559,148],"class_list":["post-373601","post","type-post","status-publish","format-standard","has-post-thumbnail","category-prominente","tag-at","tag-austria","tag-celebrities","tag-entertainment","tag-haakon-viii","tag-harald-v","tag-ingrid-alexandra","tag-oesterreich","tag-prominente","tag-thronfolge","tag-thronwechsel","tag-unterhaltung"],"share_on_mastodon":{"url":"https:\/\/pubeurope.com\/@at\/117209157010185253","error":""},"_links":{"self":[{"href":"https:\/\/www.europesays.com\/at\/wp-json\/wp\/v2\/posts\/373601","targetHints":{"allow":["GET"]}}],"collection":[{"href":"https:\/\/www.europesays.com\/at\/wp-json\/wp\/v2\/posts"}],"about":[{"href":"https:\/\/www.europesays.com\/at\/wp-json\/wp\/v2\/types\/post"}],"author":[{"embeddable":true,"href":"https:\/\/www.europesays.com\/at\/wp-json\/wp\/v2\/users\/2"}],"replies":[{"embeddable":true,"href":"https:\/\/www.europesays.com\/at\/wp-json\/wp\/v2\/comments?post=373601"}],"version-history":[{"count":0,"href":"https:\/\/www.europesays.com\/at\/wp-json\/wp\/v2\/posts\/373601\/revisions"}],"wp:featuredmedia":[{"embeddable":true,"href":"https:\/\/www.europesays.com\/at\/wp-json\/wp\/v2\/media\/373602"}],"wp:attachment":[{"href":"https:\/\/www.europesays.com\/at\/wp-json\/wp\/v2\/media?parent=373601"}],"wp:term":[{"taxonomy":"category","embeddable":true,"href":"https:\/\/www.europesays.com\/at\/wp-json\/wp\/v2\/categories?post=373601"},{"taxonomy":"post_tag","embeddable":true,"href":"https:\/\/www.europesays.com\/at\/wp-json\/wp\/v2\/tags?post=373601"}],"curies":[{"name":"wp","href":"https:\/\/api.w.org\/{rel}","templated":true}]}}