{"id":373679,"date":"2026-09-03T21:55:17","date_gmt":"2026-09-03T21:55:17","guid":{"rendered":"https:\/\/www.europesays.com\/at\/373679\/"},"modified":"2026-09-03T21:55:17","modified_gmt":"2026-09-03T21:55:17","slug":"so-lange-fehlt-abwehrspieler-raffael-behounek-dem-wac","status":"publish","type":"post","link":"https:\/\/www.europesays.com\/at\/373679\/","title":{"rendered":"So lange fehlt Abwehrspieler Raffael Behounek dem WAC"},"content":{"rendered":"<p>\t\t\t\t\t\t\t\t\t\t\t\t\t\t\t <img decoding=\"async\" src=\"https:\/\/www.europesays.com\/at\/wp-content\/uploads\/2026\/09\/1788472516_527_wolfsberger-ac.png\" alt=\"\"\/> <\/p>\n<p>Es waren am Dienstagabend zwei Minuten absolviert in der Nachtragspartie der vierten Runde in der<a href=\"https:\/\/www.ligaportal.at\/bundesliga\/\" rel=\"nofollow noopener\" target=\"_blank\"> Bundesliga<\/a>-Saison 2026\/27 zwischen dem <a href=\"https:\/\/ticker.ligaportal.at\/mannschaft\/3\/rz-pellets-wac\" rel=\"nofollow noopener\" target=\"_blank\">RZ Pellets WAC <\/a>und<a href=\"https:\/\/ticker.ligaportal.at\/mannschaft\/6\/lask-linz\" rel=\"nofollow noopener\" target=\"_blank\"> LASK<\/a>, da war das Spiel f\u00fcr den angeschlagen in das Duell mit dem Doublegewinner gegangenen Wolfsberger Abwehrspieler Raffael Behounek bereits beendet. Seit heute Abend kennt der 29-j\u00e4hrige Innenverteidiger die Dauer seiner Sperre.<\/p>\n<p><img decoding=\"async\" src=\"https:\/\/www.europesays.com\/at\/wp-content\/uploads\/2026\/09\/1788472517_794_behounek-vs-guerti-wac-beim-gak-29-08-26-gepa-admiral-pumann.jpg\" alt=\"\"\/><\/p>\n<p>Im \u00d6FB-Cup-Spiel gesperrt, gegen SK Rapid wieder verf\u00fcgbar<\/p>\n<p>So fasste der Senat 1 der \u00d6sterreichischen Fu\u00dfball-Bundesliga in seiner heutigen Sitzung folgenden Beschluss:<\/p>\n<p>Raffael Behounek erh\u00e4lt ein Spiel Sperre wegen Verhinderung einer offensichtlichen Torchance.<\/p>\n<p>Das n\u00e4chste Spiel bestreitet der Wolfsberger AC am Sonntag (17 Uhr, <a href=\"https:\/\/ticker.ligaportal.at\/live-ticker\/1305810\/sc-esv-parndorf-gegen-rz-pellets-wac\" rel=\"nofollow noopener\" target=\"_blank\">Ligaportal-LIVETICKER<\/a>) in der zweiten Runde des UNIQA-\u00d6FB-Cups beim SC\/ESV Parndorf. Der geb\u00fcrtige Wiener wird seine Sperre bei diesem Match absitzen und steht somit im darauffolgenden Bundesliga-Heimspiel des WAC in Runde 6 am Samstag, den 12. September (17 Uhr,<a href=\"https:\/\/ticker.ligaportal.at\/live-ticker\/1260164\/rz-pellets-wac-gegen-rapid-wien\" rel=\"nofollow noopener\" target=\"_blank\"> Ligaportal-LIVETICKER<\/a>), gegen den SK Rapid wieder zur Verf\u00fcgung.<\/p>\n<p>Siehe auch:<\/p>\n<p class=\"mt-0 mb-1 text-darkblue\" itemprop=\"headline\"><a class=\"text-darkblue\" href=\"https:\/\/www.ligaportal.at\/bundesliga\/allgemein\/22327-wac-rotsuender-behounek-nach-1-3-vs-lask-niederlage-geht-absolut-auf-mich\" rel=\"nofollow noopener\" target=\"_blank\">WAC-Rots\u00fcnder Behounek nach 1:3 vs. LASK: &#8222;Niederlage geht absolut auf mich&#8220;<\/a><\/p>\n<p class=\"mt-0 mb-1 text-darkblue\" itemprop=\"headline\"><a class=\"text-darkblue\" href=\"https:\/\/www.ligaportal.at\/bundesliga\/allgemein\/22323-deja-vus-fuer-wac-gegen-lask-schon-wieder-frueh-zu-zehnt\" rel=\"nofollow noopener\" target=\"_blank\">D\u00e9j\u00e0-vus f\u00fcr WAC gegen LASK: Schon wieder fr\u00fch zu zehnt<\/a><\/p>\n<p class=\"mt-0 mb-1 text-darkblue\" itemprop=\"headline\"><a class=\"text-darkblue\" href=\"https:\/\/www.ligaportal.at\/bundesliga\/transfers\" rel=\"nofollow noopener\" target=\"_blank\">Transfers Bundesliga<\/a><\/p>\n<p>SPIELFILM\u00a0mit\u00a0VIDEO-HIGHLIGHTS\u00a0im\u00a0<a href=\"https:\/\/ticker.ligaportal.at\/live-ticker\/1260153\/rz-pellets-wac-gegen-lask-linz\" rel=\"nofollow noopener\" target=\"_blank\">Ligaportal-LIVETICKER<\/a><\/p>\n<p>Fotocredit: Gepa-Admiral<\/p>\n","protected":false},"excerpt":{"rendered":"Es waren am Dienstagabend zwei Minuten absolviert in der Nachtragspartie der vierten Runde in der Bundesliga-Saison 2026\/27 zwischen&hellip;\n","protected":false},"author":2,"featured_media":373680,"comment_status":"","ping_status":"","sticky":false,"template":"","format":"standard","meta":{"footnotes":"","_share_on_mastodon":"0"},"categories":[18],"tags":[46,42,83990,676,44,2232,109,108,971],"class_list":["post-373679","post","type-post","status-publish","format-standard","has-post-thumbnail","category-sport","tag-at","tag-austria","tag-behounek","tag-bundesliga","tag-oesterreich","tag-sperre","tag-sport","tag-sports","tag-wac"],"share_on_mastodon":{"url":"https:\/\/pubeurope.com\/@at\/117209342693475403","error":""},"_links":{"self":[{"href":"https:\/\/www.europesays.com\/at\/wp-json\/wp\/v2\/posts\/373679","targetHints":{"allow":["GET"]}}],"collection":[{"href":"https:\/\/www.europesays.com\/at\/wp-json\/wp\/v2\/posts"}],"about":[{"href":"https:\/\/www.europesays.com\/at\/wp-json\/wp\/v2\/types\/post"}],"author":[{"embeddable":true,"href":"https:\/\/www.europesays.com\/at\/wp-json\/wp\/v2\/users\/2"}],"replies":[{"embeddable":true,"href":"https:\/\/www.europesays.com\/at\/wp-json\/wp\/v2\/comments?post=373679"}],"version-history":[{"count":0,"href":"https:\/\/www.europesays.com\/at\/wp-json\/wp\/v2\/posts\/373679\/revisions"}],"wp:featuredmedia":[{"embeddable":true,"href":"https:\/\/www.europesays.com\/at\/wp-json\/wp\/v2\/media\/373680"}],"wp:attachment":[{"href":"https:\/\/www.europesays.com\/at\/wp-json\/wp\/v2\/media?parent=373679"}],"wp:term":[{"taxonomy":"category","embeddable":true,"href":"https:\/\/www.europesays.com\/at\/wp-json\/wp\/v2\/categories?post=373679"},{"taxonomy":"post_tag","embeddable":true,"href":"https:\/\/www.europesays.com\/at\/wp-json\/wp\/v2\/tags?post=373679"}],"curies":[{"name":"wp","href":"https:\/\/api.w.org\/{rel}","templated":true}]}}