{"id":373683,"date":"2026-09-03T21:57:11","date_gmt":"2026-09-03T21:57:11","guid":{"rendered":"https:\/\/www.europesays.com\/at\/373683\/"},"modified":"2026-09-03T21:57:11","modified_gmt":"2026-09-03T21:57:11","slug":"50-000-jobs-weg-vw-aufsichtsrat-beschliesst-sparmassnahmen-kronen-zeitung","status":"publish","type":"post","link":"https:\/\/www.europesays.com\/at\/373683\/","title":{"rendered":"50.000 Jobs weg &#8211; VW-Aufsichtsrat beschlie\u00dft Sparma\u00dfnahmen &#8211; Kronen Zeitung"},"content":{"rendered":"<p><a href=\"https:\/\/news.google.com\/rss\/articles\/CBMiQkFVX3lxTE5aU2F1Wm1JQjgzTTZaM3QzdGU2OThSVlkxRVVGN0UtQUpqbTQ0SDRvaTJzMXFMakxOSnR6NDFyT3VmZw?oc=5\" target=\"_blank\" rel=\"nofollow noopener\">50.000 Jobs weg &#8211; VW-Aufsichtsrat beschlie\u00dft Sparma\u00dfnahmen<\/a>&nbsp;&nbsp;Kronen Zeitung<a href=\"https:\/\/news.google.com\/rss\/articles\/CBMioAFBVV95cUxNZDMydWRpN1pPQWMwNl82WUFRN1ZXc0pDVWdvbnJObUlBbmJDc3V0LTQxazdvTndRYzNCeUdiWG11TVYtdmNjYVJ5bXNQTG5UakVWODlud3cyajJOWndod2o4RzhUMnRRQmQ3RHRxeU9BSFRZZi1BMUdLVUo1Y180Q2ljTk5qY0ZBNzZjZUJJTlVrYmstNG85TzNRaFlVLUk3?oc=5\" target=\"_blank\" rel=\"nofollow noopener\">VW-Aufsichtsrat beschlie\u00dft einstimmig Sparma\u00dfnahmen<\/a>&nbsp;&nbsp;derstandard.at<a href=\"https:\/\/news.google.com\/rss\/articles\/CBMiWkFVX3lxTE9fWnFZM0ktTU5XeEtaTlIwS3c5LWtPemduM1lLRlc0LXFlaGFnV090NnNma0Y3WmEwVHFXMC1rZmdBZzVvOUZwRk1WSzlSLW1BRkpzRXR4ZDhRUQ?oc=5\" target=\"_blank\" rel=\"nofollow noopener\">Streit um Sparplan: Aufsichtsrat von Volkswagen tagt<\/a>&nbsp;&nbsp;orf.at<a href=\"https:\/\/news.google.com\/rss\/articles\/CBMiQkFVX3lxTE9RU0FhYjB2QjdnNDJVUjV0Y3poQ2laaFdSZ0ZBWVd6V0dZTzJjMkhXSWF1WTFyUjRic2lvQ244MUhGdw?oc=5\" target=\"_blank\" rel=\"nofollow noopener\">Autobauer in der Krise &#8211; So m\u00e4chtig sind die \u00d6sterreicher im VW-Konzern<\/a>&nbsp;&nbsp;Kronen Zeitung<a href=\"https:\/\/news.google.com\/rss\/articles\/CBMi1gFBVV95cUxORmJKY19yb1ByX1MxWW9fclZTcUpINnBjRExhaWMwMHZqMVV5aFdfenp1cWZqdm5oMlZ1MVA1eWd3andXMnhlQUR1OG8xUjRVcXVMWUhsNWVJNVhKWDYyMVM5V3BuQzF1MWJQWlp5cU9DM19adFh3MjlhVGNDbTg0bmI2UWJEdUs3TmQ0TEJCejRkNXl5bGhxVHU2NWJUcXVCZWd3UUxzaHJyc0VzY0prbUN2QlhWUkxJZW9OWEJxcHBES25NMmwwZF80dG9veGNISGFwVU9n?oc=5\" target=\"_blank\" rel=\"nofollow noopener\">Volkswagen: Aufsichtsrat stimmt Sanierungsplan zu \u2013 50.000 Jobs fallen weg<\/a>&nbsp;&nbsp;WELT<\/p>\n","protected":false},"excerpt":{"rendered":"50.000 Jobs weg &#8211; VW-Aufsichtsrat beschlie\u00dft Sparma\u00dfnahmen&nbsp;&nbsp;Kronen ZeitungVW-Aufsichtsrat beschlie\u00dft einstimmig Sparma\u00dfnahmen&nbsp;&nbsp;derstandard.atStreit um Sparplan: Aufsichtsrat von Volkswagen tagt&nbsp;&nbsp;orf.atAutobauer in&hellip;\n","protected":false},"author":2,"featured_media":373684,"comment_status":"","ping_status":"","sticky":false,"template":"","format":"standard","meta":{"footnotes":"","_share_on_mastodon":"0"},"categories":[14],"tags":[46,16740,42,95,249,90,89,257,65539,75,91,94,21065,44,3504,93570,25123,93,92,350,93571,349],"class_list":["post-373683","post","type-post","status-publish","format-standard","has-post-thumbnail","category-unternehmen-maerkte","tag-at","tag-audi","tag-austria","tag-business","tag-china","tag-companies","tag-companies-markets","tag-deutschland","tag-emden","tag-europa","tag-markets","tag-maerkte","tag-nordamerika","tag-oesterreich","tag-porsche","tag-seat","tag-skoda","tag-unternehmen","tag-unternehmen-maerkte","tag-volkswagen","tag-volkswagen-aufsichtsrat","tag-vw"],"share_on_mastodon":{"url":"https:\/\/pubeurope.com\/@at\/117209349791576671","error":""},"_links":{"self":[{"href":"https:\/\/www.europesays.com\/at\/wp-json\/wp\/v2\/posts\/373683","targetHints":{"allow":["GET"]}}],"collection":[{"href":"https:\/\/www.europesays.com\/at\/wp-json\/wp\/v2\/posts"}],"about":[{"href":"https:\/\/www.europesays.com\/at\/wp-json\/wp\/v2\/types\/post"}],"author":[{"embeddable":true,"href":"https:\/\/www.europesays.com\/at\/wp-json\/wp\/v2\/users\/2"}],"replies":[{"embeddable":true,"href":"https:\/\/www.europesays.com\/at\/wp-json\/wp\/v2\/comments?post=373683"}],"version-history":[{"count":0,"href":"https:\/\/www.europesays.com\/at\/wp-json\/wp\/v2\/posts\/373683\/revisions"}],"wp:featuredmedia":[{"embeddable":true,"href":"https:\/\/www.europesays.com\/at\/wp-json\/wp\/v2\/media\/373684"}],"wp:attachment":[{"href":"https:\/\/www.europesays.com\/at\/wp-json\/wp\/v2\/media?parent=373683"}],"wp:term":[{"taxonomy":"category","embeddable":true,"href":"https:\/\/www.europesays.com\/at\/wp-json\/wp\/v2\/categories?post=373683"},{"taxonomy":"post_tag","embeddable":true,"href":"https:\/\/www.europesays.com\/at\/wp-json\/wp\/v2\/tags?post=373683"}],"curies":[{"name":"wp","href":"https:\/\/api.w.org\/{rel}","templated":true}]}}