{"id":373715,"date":"2026-09-03T22:17:17","date_gmt":"2026-09-03T22:17:17","guid":{"rendered":"https:\/\/www.europesays.com\/at\/373715\/"},"modified":"2026-09-03T22:17:17","modified_gmt":"2026-09-03T22:17:17","slug":"netflix-erhoeht-erneut-preise-in-oesterreich-und-deutschland","status":"publish","type":"post","link":"https:\/\/www.europesays.com\/at\/373715\/","title":{"rendered":"Netflix erh\u00f6ht erneut Preise in \u00d6sterreich und Deutschland"},"content":{"rendered":"<p _ngcontent-tt-com-www-c3071245697=\"\" data-cy=\"body\">Wien, Los Gatos \u2013 Netflix erh\u00f6ht nach mehr als zwei Jahren wieder die Preise. In \u00d6sterreich steigt der Basis-Preis von 8,99 auf 10,99 Euro pro Monat. Das teuerste \u201ePremium\u201c-Abo mit 4K-Bildqualit\u00e4t und 3D-Sound kostet nun 21,99 Euro statt zuvor 19,99 Euro, geht aus Angaben auf der Netflix-Website hervor. Beim \u201eStandard\u201c-Abonnement mit Full-HD-Bild und weniger gleichzeitig nutzbaren Ger\u00e4ten steigt der Preis von 13,99 auf 15,99 Euro. Die Abopreise erh\u00f6hen sich somit um 24 Euro im Jahr.<\/p>\n<p _ngcontent-tt-com-www-c3071245697=\"\" data-cy=\"body\">Das Abo mit Werbung soll erst n\u00e4chstes Jahr in \u00d6sterreich eingef\u00fchrt werden. In Deutschland verteuert sich dieses Angebot von 4,99 Euro auf 6,99 Euro. Seit Netflix gegen Passwort-Trittbrettfahrer vorgeht, die nicht im selben Haushalt leben, gibt es eine Zusatzgeb\u00fchr f\u00fcr solche Nutzer. Im Werbe-Abo m\u00fcssen diese Nutzer in Deutschland 4,99 statt bisher 3,99 Euro bezahlen, in den beiden anderen Modellen steigt der Preis von 4,99 auf 5,99 Euro.<\/p>\n<p _ngcontent-tt-com-www-c3071245697=\"\" data-cy=\"body\">Zuletzt hatte Netflix die Preise in \u00d6sterreich und Deutschland im April 2024 erh\u00f6ht. Der Dienst ist der mit Abstand meistgenutzte Videostreaming-Anbieter und greift regelm\u00e4\u00dfig zu Preiserh\u00f6hungen. \u201eDa wir den Mehrwert, den wir unseren Mitgliedern bieten, kontinuierlich erh\u00f6hen, bitten wir sie gelegentlich, etwas mehr zu bezahlen\u201c, hei\u00dft es vom Unternehmen stets dazu. Bisher akzeptierten genug Kunden die h\u00f6heren Preise, dass das Gesch\u00e4ft von Netflix weiter w\u00e4chst. (TT.com, APA, dpa)<\/p>\n","protected":false},"excerpt":{"rendered":"Wien, Los Gatos \u2013 Netflix erh\u00f6ht nach mehr als zwei Jahren wieder die Preise. In \u00d6sterreich steigt der&hellip;\n","protected":false},"author":2,"featured_media":373716,"comment_status":"","ping_status":"","sticky":false,"template":"","format":"standard","meta":{"footnotes":"","_share_on_mastodon":"0"},"categories":[14],"tags":[93574,46,42,95,90,89,1718,91,94,835,44,15653,93,92],"class_list":["post-373715","post","type-post","status-publish","format-standard","has-post-thumbnail","category-unternehmen-maerkte","tag-abonnements","tag-at","tag-austria","tag-business","tag-companies","tag-companies-markets","tag-film-und-tv","tag-markets","tag-maerkte","tag-netflix","tag-oesterreich","tag-preiserhoehung","tag-unternehmen","tag-unternehmen-maerkte"],"share_on_mastodon":{"url":"https:\/\/pubeurope.com\/@at\/117209428292669216","error":""},"_links":{"self":[{"href":"https:\/\/www.europesays.com\/at\/wp-json\/wp\/v2\/posts\/373715","targetHints":{"allow":["GET"]}}],"collection":[{"href":"https:\/\/www.europesays.com\/at\/wp-json\/wp\/v2\/posts"}],"about":[{"href":"https:\/\/www.europesays.com\/at\/wp-json\/wp\/v2\/types\/post"}],"author":[{"embeddable":true,"href":"https:\/\/www.europesays.com\/at\/wp-json\/wp\/v2\/users\/2"}],"replies":[{"embeddable":true,"href":"https:\/\/www.europesays.com\/at\/wp-json\/wp\/v2\/comments?post=373715"}],"version-history":[{"count":0,"href":"https:\/\/www.europesays.com\/at\/wp-json\/wp\/v2\/posts\/373715\/revisions"}],"wp:featuredmedia":[{"embeddable":true,"href":"https:\/\/www.europesays.com\/at\/wp-json\/wp\/v2\/media\/373716"}],"wp:attachment":[{"href":"https:\/\/www.europesays.com\/at\/wp-json\/wp\/v2\/media?parent=373715"}],"wp:term":[{"taxonomy":"category","embeddable":true,"href":"https:\/\/www.europesays.com\/at\/wp-json\/wp\/v2\/categories?post=373715"},{"taxonomy":"post_tag","embeddable":true,"href":"https:\/\/www.europesays.com\/at\/wp-json\/wp\/v2\/tags?post=373715"}],"curies":[{"name":"wp","href":"https:\/\/api.w.org\/{rel}","templated":true}]}}