{"id":373733,"date":"2026-09-03T22:27:15","date_gmt":"2026-09-03T22:27:15","guid":{"rendered":"https:\/\/www.europesays.com\/at\/373733\/"},"modified":"2026-09-03T22:27:15","modified_gmt":"2026-09-03T22:27:15","slug":"rueckendeckung-fuer-alphaville-nach-festival-ausladung","status":"publish","type":"post","link":"https:\/\/www.europesays.com\/at\/373733\/","title":{"rendered":"R\u00fcckendeckung f\u00fcr Alphaville nach Festival-Ausladung"},"content":{"rendered":"<p class=\"content__description\" data-speakable=\"\">Campino und Mateo kritisieren die Ausladung der Band Alphaville scharf. Und auch die Politik reagiert. Was steckt hinter dem Streit um Demokratie und Meinungsfreiheit beim Gl\u00fccksgef\u00fchle-Festival?<\/p>\n<p data-speakable=\"\">Nach Kritik an der Absage eines Auftritts von Alphaville beim Gl\u00fccksgef\u00fchle-Festival auf dem Hockenheimring haben sich die Veranstalter entschuldigt. &#8222;Wie wir gehandelt haben, war in der Tat ein Fehler. Das tut mir leid&#8220;, sagte Markus Krampe, der das Festival seit 2023 mit dem Ex-Fu\u00dfballnationalspieler <a data-component-name=\"link.semantic\" data-brain-zone=\".42684182.content.textlink_1\" data-component-path=\"content.textlink_1\" href=\"https:\/\/www.gmx.at\/magazine\/sport\/thema\/lukas-podolski\" rel=\"nofollow noopener\" target=\"_blank\">Lukas Podolski<\/a> organisiert, der &#8222;Bild&#8220;. &#8222;Wir laden Alphaville ein, wie geplant Teil des Festivals zu sein. Nicht als Zeichen eines Nachgebens, sondern als bewusste Entscheidung f\u00fcr das, was uns verbindet.&#8220; Wie die Band um S\u00e4nger Marian Gold darauf reagiert, war zun\u00e4chst unklar.<\/p>\n<p data-speakable=\"\">Der 72-J\u00e4hrige hatte in einem Beitrag in sozialen Netzwerken die Ausladung \u00f6ffentlich gemacht und von einem &#8222;Maulkorberlass&#8220; gesprochen. Die Veranstalter hatten unter anderem argumentiert, man habe sich mit der Band nicht darauf einigen k\u00f6nnen, &#8222;politische \u00c4u\u00dferungen auf unserer B\u00fchne zu unterlassen&#8220;. Laut dem Bandmanager geht es um Aussagen gegen rechts und f\u00fcr Demokratie. Viele &#8211; auch prominente &#8211; Menschen kritisierten die Ausladung.<\/p>\n<p data-speakable=\"\">&#8222;Meinungsfreiheit ist das h\u00f6chste Gut, das wir in Deutschland haben, sie ist zu sch\u00fctzen&#8220;, erkl\u00e4rte Krampe nun. Sein Wunsch sei es, die Aufmerksamkeit wieder auf die Musik und die Menschen vor und hinter der B\u00fchne zu lenken: &#8222;Lass uns gemeinsam daf\u00fcr sorgen, dass genau dieses Gef\u00fchl bleibt.&#8220;<\/p>\n<p>Campino: &#8222;Grenze \u00fcberschritten und eingerissen&#8220;<\/p>\n<p data-speakable=\"\">Als die Nachricht \u00fcber den abgesagten Auftritt die Runde machte, mehrte sich Kritik. &#8222;Letztendlich ist es so, dass wir das schon extrem fragw\u00fcrdig finden und auch absurd, jemanden auszuladen, der sich gegen die <a data-component-name=\"link.semantic\" data-brain-zone=\".42684182.content.textlink_2\" data-component-path=\"content.textlink_2\" href=\"https:\/\/www.gmx.at\/magazine\/politik\/thema\/alternative-fuer-deutschland\" rel=\"nofollow noopener\" target=\"_blank\">AfD<\/a> \u00e4u\u00dfert oder gegen Trump oder wie auch immer. Jemand, der stabil ist f\u00fcr die Demokratie&#8220;, sagte <a data-component-name=\"link.semantic\" data-brain-zone=\".42684182.content.textlink_3\" data-component-path=\"content.textlink_3\" href=\"https:\/\/www.gmx.at\/magazine\/unterhaltung\/thema\/campino\" rel=\"nofollow noopener\" target=\"_blank\">Campino<\/a>, Frontmann der Toten Hosen, am Mittwochabend bei einem Konzert in M\u00fcnster. &#8222;Ich finde, da ist eine neue Grenze \u00fcberschritten und eingerissen.&#8220;<\/p>\n<p data-speakable=\"\">S\u00e4nger Mateo von der Band Culcha Candela, die am Samstag beim Gl\u00fccksgef\u00fchle-Festival auftreten soll, bewertete die Entscheidung der Organisatoren als ein kompliziertes Verh\u00e4ltnis zur Demokratie, &#8222;Level AfD-Hauptsponsor&#8220;. &#8222;Leben wir schon in Russland oder ist es noch Deutschland, die BRD, Demokratie?&#8220;, fragte er. &#8222;Also gestern waren wir noch Demokratie und Meinungsfreiheit.&#8220;<\/p>\n<p data-speakable=\"\">Culcha Candela sage bei jedem Auftritt, was sie von der AfD halte: &#8222;Fuck Nazis!&#8220;, erkl\u00e4rte der Musiker. &#8222;Und das werden wir, falls wir bis dahin nicht ausgeladen werden, auch auf dieser B\u00fchne sagen. Und zwar lauter denn je.&#8220;<\/p>\n<p>SPD-Landeschef ruft zu Protest auf<\/p>\n<p data-speakable=\"\">Der Co-Vorsitzende der baden-w\u00fcrttembergischen <a data-component-name=\"link.semantic\" data-brain-zone=\".42684182.content.textlink_4\" data-component-path=\"content.textlink_4\" href=\"https:\/\/www.gmx.at\/magazine\/politik\/thema\/sozialdemokratische-partei-deutschlands\" rel=\"nofollow noopener\" target=\"_blank\">SPD<\/a>, Robin Mesarosch, sagte in einem Video auf <a data-component-name=\"link.semantic\" data-brain-zone=\".42684182.content.textlink_5\" data-component-path=\"content.textlink_5\" href=\"https:\/\/www.gmx.at\/magazine\/unterhaltung\/thema\/instagram\" rel=\"nofollow noopener\" target=\"_blank\">Instagram<\/a>: &#8222;Du kannst nicht nicht-politisch sein, so sehr du dir das w\u00fcnschst.&#8220; Er verwies auf S\u00e4nger Andreas Gabalier, der auf dem Festival auftreten soll und dessen Lieder auch politisch seien, wenn es etwa um Kameradschaft und Eiserne Kreuze gehe. &#8222;Es ist vor allem Murks, wenn ein Veranstalter den einen Musiker auftreten l\u00e4sst, den anderen aber nicht, und dann auch noch behauptet, das w\u00e4r unpolitisch&#8220;, sagte Mesarosch.<\/p>\n<p data-speakable=\"\">&#8222;Es ist nicht die Aufgabe von dem Festival-Veranstalter, ganz allein die AfD aufzuhalten&#8220;, sagte der Sozialdemokrat. Aber es k\u00f6nne auch niemand so tun, &#8222;als w\u00e4re man in einem unpolitischen Fantasieraum und das h\u00e4tte alles nichts mit einem zu tun&#8220;. Mesarosch rief Menschen auf, den Veranstaltern zu schreiben, was sie von der Entscheidung halten. &#8222;Und die Bitte richte ich auch an die Bands, die in den n\u00e4chsten Tagen auf dem Gl\u00fccksgef\u00fchle-Festival auftreten.&#8220;<\/p>\n<p>Gl\u00fccksgef\u00fchle-Festival-Veranstalter verweisen auf Kritik von Konzertbesuchern <\/p>\n<p data-speakable=\"\">Das Festival hatte auf Instagram erkl\u00e4rt, nach einem anderen Auftritt von Alphaville mit politischen \u00c4u\u00dferungen habe es Unmut bei einigen Besuchern gegeben. In zahlreichen Nachrichten sei man gebeten worden, &#8222;als Veranstalter daf\u00fcr Sorge zu tragen, dass die K\u00fcnstler sich auf ihre Musik fokussieren&#8220;. Daran habe man noch einmal vor dem Gl\u00fccksgef\u00fchle-Festival erinnert. <\/p>\n<p data-speakable=\"\">&#8222;Uns geht es dabei nicht um die politische Haltung von Marian Gold oder Alphaville und auch nicht darum, jemandem seine pers\u00f6nliche Meinung abzusprechen&#8220;, hei\u00dft es weiter. &#8222;Es geht ausschlie\u00dflich darum, welchen Rahmen wir als Veranstalter f\u00fcr unsere Veranstaltungen und unsere B\u00fchnen setzen und stehen hier auch in der Verantwortung f\u00fcr unsere Besucher und unser Versprechen ihnen gegen\u00fcber: GOOD VIBES ONLY.&#8220;<\/p>\n<p data-speakable=\"\">Das Festival dauert bis Sonntag. Ex-Fu\u00dfballnationalspieler Lukas Podolski und Veranstalter Markus Krampe organisieren es seit 2023. Auf Nachfragen der Deutschen Presse-Agentur unter anderem dazu, ob auch mit anderen K\u00fcnstlern wegen politischer \u00c4u\u00dferungen gesprochen worden sei, ob es weitere Absagen von Auftritten gebe oder Besucher ihre Tickets nach der Absage zur\u00fcckgeben, reagierten die Veranstalter zun\u00e4chst nicht.<\/p>\n<p>Alphaville-S\u00e4nger: &#8222;Maulkorberlass&#8220;<\/p>\n<p data-speakable=\"\">S\u00e4nger Marian Gold von Alphaville hatte in einem Beitrag in sozialen Netzwerken die Absage \u00f6ffentlich gemacht. &#8222;Diese Begr\u00fcndung gleicht aus unserer Sicht einem Maulkorberlass &#8211; uns allen bestens bekannt aus Diktaturen&#8220;, schrieb der 72-J\u00e4hrige dazu. &#8222;Das eine derartige Einschr\u00e4nkung der Meinungs-, Rede- und Kunstfreiheit nun auf einem der gr\u00f6\u00dften Popfestivals Deutschlands angekommen zu sein scheint, empfinden wir als absolut untragbar und ersch\u00fctternd.&#8220; <\/p>\n<p data-speakable=\"\">&#8222;Alphaville halten Meinungsfreiheit, Toleranz und Demokratie noch immer f\u00fcr hohe G\u00fcter, die mit allen legalen Mitteln verteidigt werden m\u00fcssen, auch und gerade von K\u00fcnstlerinnen und K\u00fcnstlern&#8220;, hei\u00dft es weiter. &#8222;Dieser feindselige und vollkommen unn\u00f6tige Akt l\u00e4sst tief blicken, was das Demokratie- und Weltverst\u00e4ndnis der Verantwortlichen des Gl\u00fccksgef\u00fchle-Festivals betrifft.&#8220;<\/p>\n<p>Empfohlenes Video<\/p>\n<p>Warum kauft keiner Konzerttickets? Gabriel Kelly antwortet<\/p>\n<p><img loading=\"lazy\" decoding=\"async\" src=\"https:\/\/www.europesays.com\/at\/wp-content\/uploads\/2026\/09\/42577540,pd=3,f=responsive169-w950.jpg\" alt=\"\" width=\"950\" height=\"534\"\/><\/p>\n<p>\u00a9 Video-Redaktion<\/p>\n<p data-speakable=\"\">Gold hatte sich bei Konzerten in der Ansage des Songs &#8222;Carry Your Flag&#8220; deutlich gegen rechtsradikale Tendenzen und f\u00fcr Freiheit, Toleranz und Demokratie eingesetzt. Das habe zu Diskussionen mit den Veranstaltern der &#8222;Gl\u00fccksgef\u00fchle&#8220; gef\u00fchrt, sagte Bandmanager Christian Mielke am Mittwoch der dpa.<\/p>\n<p>Empfehlungen der Redaktion<\/p>\n<p data-speakable=\"\">Die Veranstalter erkl\u00e4rten der dpa ebenfalls am Mittwoch: &#8222;Das Verhalten von Alphaville und Marian Gold ist inakzeptabel. Wir lassen uns nicht in irgendeine politische Ecke dr\u00e4ngen und werden uns hier mit allen Mitteln wehren.&#8220; Das Festival sei komplett unpolitisch &#8211; &#8222;und das gilt unabh\u00e4ngig davon, in welche politische Richtung eine \u00c4u\u00dferung geht: f\u00fcr rechts, f\u00fcr links oder f\u00fcr jede andere politische Richtung&#8220;. (dpa\/bearbeitet von vit)<\/p>\n","protected":false},"excerpt":{"rendered":"Campino und Mateo kritisieren die Ausladung der Band Alphaville scharf. Und auch die Politik reagiert. Was steckt hinter&hellip;\n","protected":false},"author":2,"featured_media":373734,"comment_status":"","ping_status":"","sticky":false,"template":"","format":"standard","meta":{"footnotes":"","_share_on_mastodon":"0"},"categories":[27],"tags":[5120,46,93578,42,52813,175,147,38362,13281,44,176,148],"class_list":["post-373733","post","type-post","status-publish","format-standard","has-post-thumbnail","category-prominente","tag-afd","tag-at","tag-ausladung","tag-austria","tag-campino","tag-celebrities","tag-entertainment","tag-marian-gold","tag-markus-krampe","tag-oesterreich","tag-prominente","tag-unterhaltung"],"share_on_mastodon":{"url":"https:\/\/pubeurope.com\/@at\/117209468270117906","error":""},"_links":{"self":[{"href":"https:\/\/www.europesays.com\/at\/wp-json\/wp\/v2\/posts\/373733","targetHints":{"allow":["GET"]}}],"collection":[{"href":"https:\/\/www.europesays.com\/at\/wp-json\/wp\/v2\/posts"}],"about":[{"href":"https:\/\/www.europesays.com\/at\/wp-json\/wp\/v2\/types\/post"}],"author":[{"embeddable":true,"href":"https:\/\/www.europesays.com\/at\/wp-json\/wp\/v2\/users\/2"}],"replies":[{"embeddable":true,"href":"https:\/\/www.europesays.com\/at\/wp-json\/wp\/v2\/comments?post=373733"}],"version-history":[{"count":0,"href":"https:\/\/www.europesays.com\/at\/wp-json\/wp\/v2\/posts\/373733\/revisions"}],"wp:featuredmedia":[{"embeddable":true,"href":"https:\/\/www.europesays.com\/at\/wp-json\/wp\/v2\/media\/373734"}],"wp:attachment":[{"href":"https:\/\/www.europesays.com\/at\/wp-json\/wp\/v2\/media?parent=373733"}],"wp:term":[{"taxonomy":"category","embeddable":true,"href":"https:\/\/www.europesays.com\/at\/wp-json\/wp\/v2\/categories?post=373733"},{"taxonomy":"post_tag","embeddable":true,"href":"https:\/\/www.europesays.com\/at\/wp-json\/wp\/v2\/tags?post=373733"}],"curies":[{"name":"wp","href":"https:\/\/api.w.org\/{rel}","templated":true}]}}