{"id":373739,"date":"2026-09-03T22:31:11","date_gmt":"2026-09-03T22:31:11","guid":{"rendered":"https:\/\/www.europesays.com\/at\/373739\/"},"modified":"2026-09-03T22:31:11","modified_gmt":"2026-09-03T22:31:11","slug":"kreis-kinder-kino-zeigt-paddington-in-peru","status":"publish","type":"post","link":"https:\/\/www.europesays.com\/at\/373739\/","title":{"rendered":"Kreis-Kinder-Kino zeigt &#8222;Paddington in Peru&#8220;"},"content":{"rendered":"<p>Wadern. Das medienp\u00e4dagogische Projekt Kreis-Kinder-Kino des Kreisjugendamtes Merzig-Wadern pr\u00e4sentiert mit Unterst\u00fctzung des KNAX-Klubs der Sparkasse Merzig-Wadern am Dienstag, 15. September, in den Lichtspielen Wadern den Film \u201ePaddington in Peru\u201c.<\/p>\n<p>Die Vorf\u00fchrung beginnt um 15.30 Uhr und endet gegen 17.45 Uhr. Einlass ist ab 15 Uhr. Der Eintritt kostet 3 Euro, f\u00fcr KNAXianer 2,50 Euro.<\/p>\n<p>Im Film geht es um Folgendes: Paddington, der seit seiner Ankunft in London im Haus der Familie Brown lebt, erh\u00e4lt einen Brief aus Peru, der ihn besorgt. Seine geliebte Tante Lucy ist aus dem Heim f\u00fcr B\u00e4ren im Ruhestand verschwunden. Paddington z\u00f6gert keinen Augenblick und beschlie\u00dft, nach Peru zu reisen. Und selbstverst\u00e4ndlich kommen die Browns und deren Haush\u00e4lterin mit.<\/p>\n<p>Der Film wird vom Jugendamt f\u00fcr Kinder ab 8 Jahren empfohlen. Kindern unter 6 Jahren ist der Besuch der Veranstaltung nur in Begleitung einer personensorgeberechtigten oder erziehungsbeauftragten Person gestattet. Bei Kindern \u00fcber 6 Jahren wird darum gebeten, dem Kind einen Zettel mit Namen und Telefonnummer der Erziehungsberechtigten mitzugeben.<\/p>\n<p>Weitere Informationen gibt <\/p>\n<p>es beim Kreisjugendb\u00fcro per <\/p>\n<p>E-Mail an kreisjugendbuero@merzig-wadern.de oder unter Tel. (0\u200968\u200961) 80\u200932\u200926. red.\/lw<\/p>\n<p>Eigenen Artikel verfassen&#13;<br \/>\n        Schreiben Sie Ihren eigenen Artikel und ver\u00f6ffentlichen Sie ihn auf wochenspiegelonline.de&#13;\n      <\/p>\n","protected":false},"excerpt":{"rendered":"Wadern. Das medienp\u00e4dagogische Projekt Kreis-Kinder-Kino des Kreisjugendamtes Merzig-Wadern pr\u00e4sentiert mit Unterst\u00fctzung des KNAX-Klubs der Sparkasse Merzig-Wadern am Dienstag,&hellip;\n","protected":false},"author":2,"featured_media":373740,"comment_status":"","ping_status":"","sticky":false,"template":"","format":"standard","meta":{"footnotes":"","_share_on_mastodon":"0"},"categories":[23],"tags":[46,42,151,147,152,150,44,148],"class_list":["post-373739","post","type-post","status-publish","format-standard","has-post-thumbnail","category-kino","tag-at","tag-austria","tag-cinema","tag-entertainment","tag-kino","tag-movie","tag-oesterreich","tag-unterhaltung"],"share_on_mastodon":{"url":"https:\/\/pubeurope.com\/@at\/117209483891718187","error":""},"_links":{"self":[{"href":"https:\/\/www.europesays.com\/at\/wp-json\/wp\/v2\/posts\/373739","targetHints":{"allow":["GET"]}}],"collection":[{"href":"https:\/\/www.europesays.com\/at\/wp-json\/wp\/v2\/posts"}],"about":[{"href":"https:\/\/www.europesays.com\/at\/wp-json\/wp\/v2\/types\/post"}],"author":[{"embeddable":true,"href":"https:\/\/www.europesays.com\/at\/wp-json\/wp\/v2\/users\/2"}],"replies":[{"embeddable":true,"href":"https:\/\/www.europesays.com\/at\/wp-json\/wp\/v2\/comments?post=373739"}],"version-history":[{"count":0,"href":"https:\/\/www.europesays.com\/at\/wp-json\/wp\/v2\/posts\/373739\/revisions"}],"wp:featuredmedia":[{"embeddable":true,"href":"https:\/\/www.europesays.com\/at\/wp-json\/wp\/v2\/media\/373740"}],"wp:attachment":[{"href":"https:\/\/www.europesays.com\/at\/wp-json\/wp\/v2\/media?parent=373739"}],"wp:term":[{"taxonomy":"category","embeddable":true,"href":"https:\/\/www.europesays.com\/at\/wp-json\/wp\/v2\/categories?post=373739"},{"taxonomy":"post_tag","embeddable":true,"href":"https:\/\/www.europesays.com\/at\/wp-json\/wp\/v2\/tags?post=373739"}],"curies":[{"name":"wp","href":"https:\/\/api.w.org\/{rel}","templated":true}]}}