{"id":373753,"date":"2026-09-03T22:39:13","date_gmt":"2026-09-03T22:39:13","guid":{"rendered":"https:\/\/www.europesays.com\/at\/373753\/"},"modified":"2026-09-03T22:39:13","modified_gmt":"2026-09-03T22:39:13","slug":"pflanzen-hochgebirgsspezialisten-verschwinden-zunehmend-von-gipfeln","status":"publish","type":"post","link":"https:\/\/www.europesays.com\/at\/373753\/","title":{"rendered":"Pflanzen &#8211; Hochgebirgsspezialisten verschwinden zunehmend von Gipfeln"},"content":{"rendered":"<p>        <img decoding=\"async\" src=\"https:\/\/www.europesays.com\/at\/wp-content\/uploads\/2026\/09\/63690011494834610_BLD_Online.jpg\" data-fullscreen-src=\"https:\/\/www.noen.at\/image\/3840x0-jpg\/6611218\/63690011494834610_BLD_Online.jpg\" bad-src=\"https:\/\/www.europesays.com\/at\/wp-content\/uploads\/2026\/09\/63690011494834610_BLD_Online.jpg\" data-teaser-member=\"image\" alt=\"Die Vegetation in alpinen Landschaften wird k\u00fcnftig voraussichtlich sehr anders aussehen\"\/><\/p>\n<p>\n                Die Vegetation in alpinen Landschaften wird k\u00fcnftig voraussichtlich sehr anders aussehen            <\/p>\n<p>\n                Foto:<br \/>\n                APA\/Harald Pauli                            <\/p>\n<p>\n        In den Gipfelregionen Europas gibt es immer mehr Pflanzenarten. Der Grund f\u00fcr diese mehrfach dokumentierte Entwicklung sind seit Jahrzehnten steigende Temperaturen, die K\u00e4ltegrenzen vieler Gebirgspflanzen nach oben schieben. Doch das Bild t\u00e4uscht: Die h\u00f6here Biodiversit\u00e4t geht auf Kosten von alpinen Spezialisten: Vor allem besser an K\u00e4lte angepasste Arten verschwinden zunehmend, berichtet ein Forschungsteam unter \u00f6sterreichischer Leitung im Fachjournal &#8222;Science&#8220;.    <\/p>\n<p>Die Wissenschafterinnen und Wissenschafter nutzten f\u00fcr ihre Studie das Netzwerk GLORIA (Global Observation Research Initiative in Alpine Environments), das in den 1990er-Jahren auf \u00f6sterreichische Initiative gestartete gr\u00f6\u00dfte systematische Monitoringprogramm zu Klimaauswirkungen auf die Flora von Berggipfeln. Sie f\u00fchrten zwischen 2001 und 2022 vier Erhebungen \u00fcber das Vorkommen und die H\u00e4ufigkeit von Pflanzen auf Dauerbeobachtungsfl\u00e4chen auf 62 europ\u00e4ischen Berggipfeln in 16 Gebirgsregionen durch.<\/p>\n","protected":false},"excerpt":{"rendered":"Die Vegetation in alpinen Landschaften wird k\u00fcnftig voraussichtlich sehr anders aussehen Foto: APA\/Harald Pauli In den Gipfelregionen Europas&hellip;\n","protected":false},"author":2,"featured_media":373754,"comment_status":"","ping_status":"","sticky":false,"template":"","format":"standard","meta":{"footnotes":"","_share_on_mastodon":"0"},"categories":[6],"tags":[277,46,42,7300,18868,5697,44,43,45,182],"class_list":["post-373753","post","type-post","status-publish","format-standard","has-post-thumbnail","category-oesterreich","tag-_apafeed","tag-at","tag-austria","tag-biologie","tag-botanik","tag-klimaerwaermung","tag-oesterreich","tag-republic-of-austria","tag-republik-oesterreich","tag-wien"],"share_on_mastodon":{"url":"https:\/\/pubeurope.com\/@at\/117209515603616281","error":""},"_links":{"self":[{"href":"https:\/\/www.europesays.com\/at\/wp-json\/wp\/v2\/posts\/373753","targetHints":{"allow":["GET"]}}],"collection":[{"href":"https:\/\/www.europesays.com\/at\/wp-json\/wp\/v2\/posts"}],"about":[{"href":"https:\/\/www.europesays.com\/at\/wp-json\/wp\/v2\/types\/post"}],"author":[{"embeddable":true,"href":"https:\/\/www.europesays.com\/at\/wp-json\/wp\/v2\/users\/2"}],"replies":[{"embeddable":true,"href":"https:\/\/www.europesays.com\/at\/wp-json\/wp\/v2\/comments?post=373753"}],"version-history":[{"count":0,"href":"https:\/\/www.europesays.com\/at\/wp-json\/wp\/v2\/posts\/373753\/revisions"}],"wp:featuredmedia":[{"embeddable":true,"href":"https:\/\/www.europesays.com\/at\/wp-json\/wp\/v2\/media\/373754"}],"wp:attachment":[{"href":"https:\/\/www.europesays.com\/at\/wp-json\/wp\/v2\/media?parent=373753"}],"wp:term":[{"taxonomy":"category","embeddable":true,"href":"https:\/\/www.europesays.com\/at\/wp-json\/wp\/v2\/categories?post=373753"},{"taxonomy":"post_tag","embeddable":true,"href":"https:\/\/www.europesays.com\/at\/wp-json\/wp\/v2\/tags?post=373753"}],"curies":[{"name":"wp","href":"https:\/\/api.w.org\/{rel}","templated":true}]}}