{"id":373761,"date":"2026-09-03T22:43:13","date_gmt":"2026-09-03T22:43:13","guid":{"rendered":"https:\/\/www.europesays.com\/at\/373761\/"},"modified":"2026-09-03T22:43:13","modified_gmt":"2026-09-03T22:43:13","slug":"bildungskrisenkabarett-events-tips-at","status":"publish","type":"post","link":"https:\/\/www.europesays.com\/at\/373761\/","title":{"rendered":"BILDUNGSKRISENKABARETT &#8211; Events tips.at"},"content":{"rendered":"<p>Lachen als gelebter Widerstand<\/p>\n<p>Die aktuellen finanziellen K\u00fcrzungen setzen jenen Organisationen besonders zu, die R\u00e4ume f\u00fcr Selbstbestimmung, gemeinsames Lernen und Solidarit\u00e4t schaffen. Sie engagieren sich f\u00fcr die Rechte von Migrant*innen und Bildung: Bildung f\u00fcr alle, damit die Chancen in diesem Land der Ausgrenzung ein St\u00fcck weit gleicher werden.<\/p>\n<p>\u00a0<\/p>\n<p>\u00d6sterreich steckt in einer schweren Bildungskrise, in der wir alle n\u00e4her zusammenkommen und uns solidarisieren m\u00fcssen. Das Bildungskrisenkabarett nutzt Humor als Methode, um diesem Ziel n\u00e4herzukommen.<\/p>\n<p>\u00a0<\/p>\n<p>Anschlie\u00dfend findet eine Afterparty im sch\u00f6nsten Keller von Linz mit einem DJ-Set von Xing statt. Der Erl\u00f6s kommt das kollektiv und maiz zu gleichen Teilen zugute.<\/p>\n<p>\u00a0\u00a0<\/p>\n<p>KARTEN UNTER<\/p>\n<p><a title=\"https:\/\/reservation.ticketleo.com\/event\/36122\/bildungskrisenkabarett\" rel=\"nofollow noopener\" target=\"_blank\" href=\"https:\/\/reservation.ticketleo.com\/event\/36122\/bildungskrisenkabarett\">ONLINE <\/a>(Print@Home oder Reservierung)<\/p>\n<p>0699 11399844<\/p>\n<p><a title=\"karten@tribuene-linz.at\" rel=\"nofollow noopener\" target=\"_blank\" href=\"https:\/\/www.tips.at\/events\/linz\/mailto:karten@tribuene-linz.at\">karten@tribuene-linz.at<\/a><\/p>\n<p>\u00a0<\/p>\n<p>Alle Infos zum Abend unter <a title=\"www.tribuene-linz.at\" rel=\"nofollow noopener\" target=\"_blank\" href=\"http:\/\/www.tribuene-linz.at\">www.tribuene-linz.at<\/a><\/p>\n","protected":false},"excerpt":{"rendered":"Lachen als gelebter Widerstand Die aktuellen finanziellen K\u00fcrzungen setzen jenen Organisationen besonders zu, die R\u00e4ume f\u00fcr Selbstbestimmung, gemeinsames&hellip;\n","protected":false},"author":2,"featured_media":373762,"comment_status":"","ping_status":"","sticky":false,"template":"","format":"standard","meta":{"footnotes":"","_share_on_mastodon":"0"},"categories":[30],"tags":[46,42,93581,93586,93582,93584,2140,184,93585,93583,44,59420,28517],"class_list":["post-373761","post","type-post","status-publish","format-standard","has-post-thumbnail","category-linz","tag-at","tag-austria","tag-bildungskrisenkabarett","tag-das-kollektiv","tag-denice-bourbon","tag-flona","tag-kabarett","tag-linz","tag-maiz","tag-nathalie-rettenbacher","tag-oesterreich","tag-theater-am-suedbahnhofmarkt","tag-tribuene-linz"],"share_on_mastodon":{"url":"https:\/\/pubeurope.com\/@at\/117209530688144344","error":""},"_links":{"self":[{"href":"https:\/\/www.europesays.com\/at\/wp-json\/wp\/v2\/posts\/373761","targetHints":{"allow":["GET"]}}],"collection":[{"href":"https:\/\/www.europesays.com\/at\/wp-json\/wp\/v2\/posts"}],"about":[{"href":"https:\/\/www.europesays.com\/at\/wp-json\/wp\/v2\/types\/post"}],"author":[{"embeddable":true,"href":"https:\/\/www.europesays.com\/at\/wp-json\/wp\/v2\/users\/2"}],"replies":[{"embeddable":true,"href":"https:\/\/www.europesays.com\/at\/wp-json\/wp\/v2\/comments?post=373761"}],"version-history":[{"count":0,"href":"https:\/\/www.europesays.com\/at\/wp-json\/wp\/v2\/posts\/373761\/revisions"}],"wp:featuredmedia":[{"embeddable":true,"href":"https:\/\/www.europesays.com\/at\/wp-json\/wp\/v2\/media\/373762"}],"wp:attachment":[{"href":"https:\/\/www.europesays.com\/at\/wp-json\/wp\/v2\/media?parent=373761"}],"wp:term":[{"taxonomy":"category","embeddable":true,"href":"https:\/\/www.europesays.com\/at\/wp-json\/wp\/v2\/categories?post=373761"},{"taxonomy":"post_tag","embeddable":true,"href":"https:\/\/www.europesays.com\/at\/wp-json\/wp\/v2\/tags?post=373761"}],"curies":[{"name":"wp","href":"https:\/\/api.w.org\/{rel}","templated":true}]}}